{"id":167898,"date":"2023-01-25T13:59:50","date_gmt":"2023-01-25T10:59:50","guid":{"rendered":"https:\/\/www.enerjigazetesi.ist\/?p=167898"},"modified":"2023-01-25T14:02:25","modified_gmt":"2023-01-25T11:02:25","slug":"yesil-lojistik-belgesi-almak-isteyen-isletmelere-yesil-paketleme-cozumleri","status":"publish","type":"post","link":"https:\/\/www.enerjigazetesi.ist\/en\/yesil-lojistik-belgesi-almak-isteyen-isletmelere-yesil-paketleme-cozumleri\/","title":{"rendered":"(Turkish) &#8217;Ye\u015fil Lojistik Belgesi&#8217; Almak \u0130steyen \u0130\u015fletmelere Ye\u015fil Paketleme \u00c7\u00f6z\u00fcmleri"},"content":{"rendered":"<p class=\"qtranxs-available-languages-message qtranxs-available-languages-message-en\">Sorry, this entry is only available in <a href=\"https:\/\/www.enerjigazetesi.ist\/tr\/wp-json\/wp\/v2\/posts\/167898\" class=\"qtranxs-available-language-link qtranxs-available-language-link-tr\" title=\"Turkish\">Turkish<\/a>. For the sake of viewer convenience, the content is shown below in the alternative language. You may click the link to switch the active language.<\/p><p><\/p>\n<h2><strong>LogD Milk Run Y\u00f6netim Sistemi, s\u00fcrd\u00fcr\u00fclebilir tedarik zinciri olarak Ye\u015fil Lojistik Belgesi\u2019nin al\u0131nmas\u0131nda ve ye\u015fil paketleme \u015fart\u0131n\u0131 yerine getirmede i\u015fletmelere s\u00fcrd\u00fcr\u00fclebilir \u00e7\u00f6z\u00fcmler sunuyor.<\/strong><\/h2>\n<p>Lojistikte ye\u015fil bir d\u00f6n\u00fc\u015f\u00fcme resmi olarak ge\u00e7ildi\u011finin duyurusu, Ula\u015ft\u0131rma Bakanl\u0131\u011f\u0131 taraf\u0131ndan 1 Ocak 2023&#8217;te yay\u0131mland\u0131. Ula\u015ft\u0131rma ve Altyap\u0131 Bakanl\u0131\u011f\u0131 Ula\u015ft\u0131rma Hizmetleri D\u00fczenleme Genel M\u00fcd\u00fcrl\u00fc\u011f\u00fc; b\u00fct\u00fcnle\u015fik, dengeli, \u00e7evreyle dost ve s\u00fcrd\u00fcr\u00fclebilir y\u00fck ta\u015f\u0131mac\u0131l\u0131\u011f\u0131n\u0131n desteklenmesi amac\u0131yla Kombine Ta\u015f\u0131mac\u0131l\u0131k Y\u00f6netmeli\u011fi\u2019nin 25.05.2022 tarihli ve 31848 say\u0131l\u0131 Resm\u00ee Gazete&#8217;de yay\u0131mlanarak y\u00fcr\u00fcrl\u00fc\u011fe girdi\u011fini ve Ye\u015fil Lojistik Belgesi ba\u015fvurular\u0131n\u0131n ba\u015flad\u0131\u011f\u0131n\u0131 duyurdu.<\/p>\n<p><img loading=\"lazy\" class=\"alignright wp-image-167901\" src=\"https:\/\/www.enerjigazetesi.ist\/wp-content\/uploads\/2023\/01\/yesil-lojistik-belgesi-almak-isteyen-isletmelere-yesil-paketleme-cozumleri.jpg\" alt=\"\" width=\"320\" height=\"192\" srcset=\"https:\/\/www.enerjigazetesi.ist\/wp-content\/uploads\/2023\/01\/yesil-lojistik-belgesi-almak-isteyen-isletmelere-yesil-paketleme-cozumleri.jpg 550w, https:\/\/www.enerjigazetesi.ist\/wp-content\/uploads\/2023\/01\/yesil-lojistik-belgesi-almak-isteyen-isletmelere-yesil-paketleme-cozumleri-300x180.jpg 300w, https:\/\/www.enerjigazetesi.ist\/wp-content\/uploads\/2023\/01\/yesil-lojistik-belgesi-almak-isteyen-isletmelere-yesil-paketleme-cozumleri-500x300.jpg 500w, https:\/\/www.enerjigazetesi.ist\/wp-content\/uploads\/2023\/01\/yesil-lojistik-belgesi-almak-isteyen-isletmelere-yesil-paketleme-cozumleri-80x48.jpg 80w\" sizes=\"(max-width: 320px) 100vw, 320px\" \/>T\u00fcrkiye\u2019nin Paris \u0130klim Anla\u015fmas\u0131 ile taahh\u00fct etti\u011fi <strong>net s\u0131f\u0131r emisyona<\/strong> ula\u015fmak ad\u0131na ba\u015flatt\u0131\u011f\u0131 <strong>ye\u015fil kalk\u0131nma at\u0131l\u0131mlar\u0131<\/strong> \u00e7er\u00e7evesinde <strong>lojistik sekt\u00f6r\u00fc<\/strong> \u00f6nemli yer tutuyor. \u0130\u015fletmelerin Ye\u015fil Lojistik Belgesi alabilmeleri i\u00e7in birtak\u0131m \u015fartlar\u0131 yerine getirmesi isteniyor. Buna g\u00f6re, faaliyetlerin <strong>&#8220;ye\u015fil lojistik faaliyetler&#8221;<\/strong> kapsam\u0131nda olmas\u0131 i\u00e7in i\u015fletmelerin y\u0131lda en az <strong>200 kombine y\u00fck ta\u015f\u0131mac\u0131l\u0131\u011f\u0131<\/strong> seferi ger\u00e7ekle\u015ftirmesi, enerji t\u00fcketiminin en az <strong>y\u00fczde 5<\/strong>&#8216;inin <strong>yenilenebilir enerji kaynaklar\u0131ndan \u00fcretilen elektrikten kar\u015f\u0131land\u0131\u011f\u0131n\u0131<\/strong> g\u00f6steren <strong>belge<\/strong> ve <strong>sertifikaya<\/strong> sahip olmas\u0131, D\u00fc\u015f\u00fck K\u00fcresel Is\u0131nma Potansiyeli de\u011ferine sahip gazlar i\u00e7eren iklimlendirme sistemleri kullanmas\u0131 gerekecek. Ayr\u0131ca i\u015fletmenin y\u0131ll\u0131k asgari<strong> y\u00fczde 5<\/strong> ye\u015fil paketleme faaliyeti y\u00fcr\u00fctmesi, Orman Genel M\u00fcd\u00fcrl\u00fc\u011f\u00fcne T\u00fcrkiye genelinde uygun bulunan <strong>a\u011fa\u00e7land\u0131rma sahalar\u0131<\/strong> i\u00e7in y\u0131lda <strong>en az 500 adet fidan ba\u011f\u0131\u015f\u0131<\/strong> yapmas\u0131, <strong>s\u0131f\u0131r at\u0131k y\u00f6netim sistemine<\/strong> ve gerekli baz\u0131 belgelere sahip olmas\u0131 da aranan \u015fartlar aras\u0131nda yer alacak.<\/p>\n<p><strong>Ye\u015fil lojistik \u00f6d\u00fcllerine<\/strong> aday olmaya hak kazanmak i\u00e7in bu Y\u00f6netmelik kapsam\u0131nda yer alan ye\u015fil lojistik faaliyetlerinin<strong> en az iki y\u0131l boyunca s\u00fcrd\u00fcr\u00fclm\u00fc\u015f olmas\u0131<\/strong> esas olarak kabul edilecek.<\/p>\n<p>Y\u00f6netmelik kapsam\u0131nda <strong>\u2018Ye\u015fil Lojistik Belgesi&#8221; almak<\/strong> isteyen i\u015fletmecilerin ba\u015fvurular\u0131n\u0131n al\u0131nmas\u0131na 1 Ocak 2023 tarihinde ba\u015flan\u0131rken, Kombine Ta\u015f\u0131mac\u0131l\u0131k Y\u00f6netmeli\u011fi\u2019nde yer alan Ye\u015fil Lojistik Belgesi alabilmek i\u00e7in <strong>10 \u015fart<\/strong> i\u00e7inden minimum<strong> 5 \u015fart<\/strong> sa\u011flanmas\u0131 gerekti\u011fi belirtildi. Belirlenen bu <strong>10 \u015farttan<\/strong> biri de <strong>\u2018\u2019 Ye\u015fil Paketleme Faaliyeti Y\u00fcr\u00fctmek.\u2019\u2019<\/strong><\/p>\n<p>Bu kapsamda LogD, <strong>Ye\u015fil Lojistik Belgesi almak<\/strong> isteyen i\u015fletmelerin s\u00fcrd\u00fcr\u00fclebilir marka olma yolculu\u011fundaki s\u00fcre\u00e7lerinde <strong>Milk Run Y\u00f6netim Sistemi<\/strong> ile <strong>\u201cYe\u015fil Paketleme Faaliyeti Y\u00fcr\u00fctmek\u201d<\/strong> \u015fart\u0131n\u0131 sa\u011flayabilmeleri i\u00e7in i\u015fletmelere hizmet veriyor. B\u00f6ylece i\u015fletmeler Ye\u015fil Lojistik Belgesi alabilmeleri i\u00e7in gerekli en az be\u015f \u015farttan birini <strong>LogD anla\u015fmalar\u0131<\/strong> sayesinde yerine getirmi\u015f olarak kabul ediliyor.<\/p>\n<p>Gelece\u011fin tedarik zinciri LogD, do\u011fa dostu ekolojik \u00e7\u00f6z\u00fcmleri sayesinde hem \u015firketlerin ye\u015fil lojistik s\u00fcre\u00e7lerinde hem de d\u00f6ng\u00fcsel ekonomide kilit rol oynuyor. T\u00fcrkiye\u2019nin ilk ve tek <strong>ye\u015fil tedarik zinciri<\/strong> &#8216;Milk Run Y\u00f6netim Sistemi\u2019ni firmalar\u0131n lojistik s\u00fcre\u00e7lerine dahil eden i\u015fletmeler, gerekli maddelerden birini sa\u011flayacak yeterlili\u011fe kavu\u015fabilecekler.<\/p>\n<p>\u015eirketler, Ye\u015fil Paketleme Faaliyetlerini<strong> LogD<\/strong> ile y\u00fcr\u00fcterek Ula\u015ft\u0131rma ve Altyap\u0131 Bakanl\u0131\u011f\u0131n\u0131n <strong>Ye\u015fil Lojistik Belgesi<\/strong> i\u00e7in gerekli olan <strong>5 \u015farttan birini yerine getirmi\u015f<\/strong> olarak gelece\u011fin tedarik zincirine dahil olacaklar.<\/p>","protected":false},"excerpt":{"rendered":"<p>Sorry, this entry is only available in Turkish. For the sake of viewer convenience, the content is shown below in the alternative language. You may click the link to switch the active language. LogD Milk Run Y\u00f6netim Sistemi, s\u00fcrd\u00fcr\u00fclebilir tedarik zinciri olarak Ye\u015fil Lojistik Belgesi\u2019nin al\u0131nmas\u0131nda ve ye\u015fil paketleme \u015fart\u0131n\u0131 yerine getirmede i\u015fletmelere s\u00fcrd\u00fcr\u00fclebilir \u00e7\u00f6z\u00fcmler [&hellip;]<\/p>\n","protected":false},"author":1,"featured_media":167900,"comment_status":"open","ping_status":"open","sticky":false,"template":"","format":"standard","meta":[],"categories":[53,52],"tags":[107393,107389,96332,107390,107392,107391],"views":61,"_links":{"self":[{"href":"https:\/\/www.enerjigazetesi.ist\/en\/wp-json\/wp\/v2\/posts\/167898"}],"collection":[{"href":"https:\/\/www.enerjigazetesi.ist\/en\/wp-json\/wp\/v2\/posts"}],"about":[{"href":"https:\/\/www.enerjigazetesi.ist\/en\/wp-json\/wp\/v2\/types\/post"}],"author":[{"embeddable":true,"href":"https:\/\/www.enerjigazetesi.ist\/en\/wp-json\/wp\/v2\/users\/1"}],"replies":[{"embeddable":true,"href":"https:\/\/www.enerjigazetesi.ist\/en\/wp-json\/wp\/v2\/comments?post=167898"}],"version-history":[{"count":0,"href":"https:\/\/www.enerjigazetesi.ist\/en\/wp-json\/wp\/v2\/posts\/167898\/revisions"}],"wp:featuredmedia":[{"embeddable":true,"href":"https:\/\/www.enerjigazetesi.ist\/en\/wp-json\/wp\/v2\/media\/167900"}],"wp:attachment":[{"href":"https:\/\/www.enerjigazetesi.ist\/en\/wp-json\/wp\/v2\/media?parent=167898"}],"wp:term":[{"taxonomy":"category","embeddable":true,"href":"https:\/\/www.enerjigazetesi.ist\/en\/wp-json\/wp\/v2\/categories?post=167898"},{"taxonomy":"post_tag","embeddable":true,"href":"https:\/\/www.enerjigazetesi.ist\/en\/wp-json\/wp\/v2\/tags?post=167898"}],"curies":[{"name":"wp","href":"https:\/\/api.w.org\/{rel}","templated":true}]}}