{"id":167893,"date":"2023-01-25T13:37:33","date_gmt":"2023-01-25T10:37:33","guid":{"rendered":"https:\/\/www.enerjigazetesi.ist\/?p=167893"},"modified":"2023-01-25T13:37:33","modified_gmt":"2023-01-25T10:37:33","slug":"turkiye-teknoloji-gelistirme-vakfi-iklim-labda-rekabetci-turkiye-icin-calisacak","status":"publish","type":"post","link":"https:\/\/www.enerjigazetesi.ist\/en\/turkiye-teknoloji-gelistirme-vakfi-iklim-labda-rekabetci-turkiye-icin-calisacak\/","title":{"rendered":"(Turkish) T\u00fcrkiye Teknoloji Geli\u015ftirme Vakf\u0131 \u0130klim Lab\u2019da Rekabet\u00e7i T\u00fcrkiye \u0130\u00e7in \u00c7al\u0131\u015facak"},"content":{"rendered":"<p class=\"qtranxs-available-languages-message qtranxs-available-languages-message-en\">Sorry, this entry is only available in <a href=\"https:\/\/www.enerjigazetesi.ist\/tr\/wp-json\/wp\/v2\/posts\/167893\" class=\"qtranxs-available-language-link qtranxs-available-language-link-tr\" title=\"Turkish\">Turkish<\/a>. For the sake of viewer convenience, the content is shown below in the alternative language. You may click the link to switch the active language.<\/p><p><\/p>\n<h2><strong>T\u00fcrkiye Teknoloji Geli\u015ftirme Vakf\u0131 (TTGV),<\/strong> iklim teknolojileri odakl\u0131 hamlelerine <strong>\u0130klim Lab <\/strong>komunite program\u0131 ile devam ediyor. <strong>TTGV<\/strong>, <strong>\u0130klim Lab<\/strong>\u2019da, iklim teknolojileri oda\u011f\u0131nda; insanlar\u0131, teknoloji ve veriyi bir araya getirmeyi, sanayinin i\u015fine yarayacak somut bilgi \u00fcretmeyi hedefliyor. <strong>\u0130klim Lab<\/strong>\u2019da iklim teknolojileri alan\u0131nda etkisi y\u00fcksek teknolojiler, f\u0131rsat alanlar\u0131 ve potansiyel proje konular\u0131 teknoloji uzmanlar\u0131yla ele al\u0131nacak.<\/h2>\n<p><strong>TTGV<\/strong>\u2019nin \u0130stanbul\u2019da d\u00fczenledi\u011fi <strong>&#8220;\u0130klim Lab Kom\u00fcnite Lansman\u0131&#8221;<\/strong> etkinli\u011finde; <strong>enerji, <img loading=\"lazy\" class=\"alignright wp-image-167896\" src=\"https:\/\/www.enerjigazetesi.ist\/wp-content\/uploads\/2023\/01\/turkiye-teknoloji-gelistirme-vakfi-iklim-labda-rekabetci-turkiye-icin-calisacak-2.jpg\" alt=\"\" width=\"320\" height=\"214\" srcset=\"https:\/\/www.enerjigazetesi.ist\/wp-content\/uploads\/2023\/01\/turkiye-teknoloji-gelistirme-vakfi-iklim-labda-rekabetci-turkiye-icin-calisacak-2.jpg 550w, https:\/\/www.enerjigazetesi.ist\/wp-content\/uploads\/2023\/01\/turkiye-teknoloji-gelistirme-vakfi-iklim-labda-rekabetci-turkiye-icin-calisacak-2-300x200.jpg 300w, https:\/\/www.enerjigazetesi.ist\/wp-content\/uploads\/2023\/01\/turkiye-teknoloji-gelistirme-vakfi-iklim-labda-rekabetci-turkiye-icin-calisacak-2-500x334.jpg 500w, https:\/\/www.enerjigazetesi.ist\/wp-content\/uploads\/2023\/01\/turkiye-teknoloji-gelistirme-vakfi-iklim-labda-rekabetci-turkiye-icin-calisacak-2-75x50.jpg 75w, https:\/\/www.enerjigazetesi.ist\/wp-content\/uploads\/2023\/01\/turkiye-teknoloji-gelistirme-vakfi-iklim-labda-rekabetci-turkiye-icin-calisacak-2-450x300.jpg 450w\" sizes=\"(max-width: 320px) 100vw, 320px\" \/>mobilite, end\u00fcstriyel \u00fcretim <\/strong>gibi sekt\u00f6rler ba\u015fta olmak \u00fczere <strong>kamu, \u00f6zel sekt\u00f6r ve sivil toplum kurulu\u015flar\u0131<\/strong>ndan <strong>70\u2019e yak\u0131n<\/strong> uzman bir araya geldi. Bu lansman toplant\u0131s\u0131 kapsam\u0131nda ger\u00e7ekle\u015ftirilen at\u00f6lye \u00e7al\u0131\u015fmas\u0131nda; iklim teknolojileri alan\u0131nda bilgi birikimine ve tecr\u00fcbeye sahip kat\u0131l\u0131mc\u0131lar\u0131n, <strong>\u0130klim Lab<\/strong> kom\u00fcnitesinde; birlikte hareket etmek, i\u00e7g\u00f6r\u00fc payla\u015fmak ve bilgi \u00fcretmek i\u00e7in yap\u0131labilecekler konusunda fikir payla\u015f\u0131m\u0131 yap\u0131ld\u0131.<\/p>\n<p>Etkinli\u011fin a\u00e7\u0131l\u0131\u015f konu\u015fmas\u0131nda <strong>TTGV Y\u00f6netim Kurulu \u00dcyesi Kunter Kutluay<\/strong>,<strong> \u2018resilience\u2019 (dayan\u0131kl\u0131l\u0131k)<\/strong> kavram\u0131 ve bir araya gelmenin etkisi \u00fczerinde dururken, \u0130klim Lab komunitesi ile iklim teknolojileri alan\u0131nda end\u00fcstrinin ihtiya\u00e7lar\u0131na y\u00f6nelik kolektif bilgi \u00fcretimi ve somut \u00e7\u0131kt\u0131lar\u0131n payla\u015f\u0131m\u0131n\u0131n \u00f6nemine dikkat \u00e7ekti.<\/p>\n<h3><strong>\u0130KL\u0130M TEKNOLOJ\u0130LER\u0130NDE HEM TEHD\u0130T HEM FIRSAT VAR<\/strong><\/h3>\n<p>T\u00fcrkiye&#8217;de \u00f6zel sekt\u00f6r\u00fcn uluslararas\u0131 rekabet\u00e7ili\u011fini teknoloji yoluyla art\u0131rmak amac\u0131yla 32 y\u0131l \u00f6nce kurulan <strong>TTGV<\/strong>\u2019nin <strong>Genel Sekreter Yard\u0131mc\u0131s\u0131 Hanzade Sar\u0131\u00e7i\u00e7ek<\/strong> ise,<em> \u201c<strong>TTGV i\u00e7in,<\/strong> \u00f6zel sekt\u00f6r\u00fcm\u00fcz\u00fcn, \u00f6n\u00fcm\u00fczdeki d\u00f6nem uluslararas\u0131 rekabet\u00e7ilik anlam\u0131nda hem bir tehdit hem de \u00f6nemli bir f\u0131rsat alan\u0131 olarak g\u00f6rd\u00fc\u011f\u00fcm\u00fcz iklim teknolojilerine adapte olabilmesi \u00e7ok \u00f6nemli. \u0130klim de\u011fi\u015fikli\u011fiyle m\u00fccadele ve ilgili uluslararas\u0131 ticaret politikalar\u0131na uyum i\u00e7in en \u00f6nemli \u00e7\u00f6z\u00fcmlerden biri iklim teknolojilerini geli\u015ftirmek ve uygulamak.&#8221; <\/em>dedi.<\/p>\n<p>D\u00fcnyada iklim de\u011fi\u015fikli\u011fine neden olan <strong>be\u015f ana dikey sekt\u00f6r<\/strong> oldu\u011funu vurgulayan <strong>Sar\u0131\u00e7i\u00e7ek<\/strong>, \u015funlar\u0131 s\u00f6yledi: \u201c<strong>Enerji, mobilite, tar\u0131m, yap\u0131\/malzeme, end\u00fcstriyel \u00fcretim<\/strong> olarak 5 ana grupta farkl\u0131 iklim teknolojileri inceledi\u011fimiz,<strong> 100\u2019e yak\u0131n<\/strong> teknolojiyi masaya yat\u0131rd\u0131\u011f\u0131m\u0131z ve farkl\u0131 destek mekanizmalar\u0131 ve programlar geli\u015ftirdi\u011fimiz dinamik bir yap\u0131m\u0131z var. Bunlar\u0131n en temeli, yap\u0131 ta\u015f\u0131 i\u00e7erik ve kom\u00fcnite program\u0131m\u0131z olan <strong>\u0130klim Lab\u2026 <\/strong>Bu program kapsamda, iklim teknolojileri alan\u0131nda \u00e7al\u0131\u015fan profesyonelleri, giri\u015fimcileri, ara\u015ft\u0131rmac\u0131lar\u0131, kamuyu, sivil toplumu bir araya getirip bilgi al\u0131\u015fveri\u015fi yapmak, bilgi asimetrisini gidermek ve ortak bir fayda, de\u011fer yaratmak istiyoruz. <strong>\u0130klim Lab<\/strong>\u2019\u0131n s\u00fcrekli ara\u015ft\u0131rd\u0131\u011f\u0131m\u0131z, yeni bir \u015feyler \u00fcretti\u011fimiz bir laboratuvar olmas\u0131n\u0131 hayal ediyoruz.\u201d<\/p>\n<p>Ayr\u0131ca, <strong>\u00d6nc\u00fcl Proje Yat\u0131r\u0131m Program\u0131<\/strong> ile, <strong>iklim teknolojileri<\/strong> alan\u0131nda T\u00fcrkiye&#8217;de uygulanmam\u0131\u015f, pazar riski hala devam eden t\u00fcr\u00fcn\u00fcn ilk \u00f6rne\u011fi demo projeleri uygulay\u0131p kan\u0131tlamak istediklerini belirten <strong>Sar\u0131\u00e7i\u00e7ek<\/strong>, <em>\u201cBu g\u00f6sterim etkisinin yaratt\u0131\u011f\u0131 etkiyle T\u00fcrkiye\u2019de iklim teknolojileri alan\u0131nda bir <strong>pazar<\/strong> ve <strong>\u00fcretim tedarik zinciri olu\u015fmas\u0131<\/strong> ve <strong>\u00f6l\u00e7eklenmesini<\/strong> istiyoruz. Temel ba\u015far\u0131 kriterimiz bu. Bu alanda farkl\u0131 teknolojileri incelemeye ba\u015flad\u0131k. Yenilenebilir enerjinin \u015febekedeki pay\u0131n\u0131n artabilmesi i\u00e7in uzun s\u00fcreli <strong>enerji depolama teknolojileri<\/strong>; <strong>temiz ve ye\u015fil hidrojen \u00fcretimi, depolanmas\u0131, ta\u015f\u0131nmas\u0131na<\/strong> y\u00f6nelik<strong> teknolojiler<\/strong>; enerji \u00fcretimi ve sanayide karbon yakalama teknolojileri gibi d\u00fcnyada yava\u015f yava\u015f \u00f6ne \u00e7\u0131kan; bizim de h\u0131zl\u0131ca adapte olup uygulamam\u0131z ve geli\u015ftirmemiz gereken bir\u00e7ok teknoloji var.\u201d<\/em> de\u011ferlendirmesini yapt\u0131.<\/p>","protected":false},"excerpt":{"rendered":"<p>Sorry, this entry is only available in Turkish. For the sake of viewer convenience, the content is shown below in the alternative language. You may click the link to switch the active language. T\u00fcrkiye Teknoloji Geli\u015ftirme Vakf\u0131 (TTGV), iklim teknolojileri odakl\u0131 hamlelerine \u0130klim Lab komunite program\u0131 ile devam ediyor. TTGV, \u0130klim Lab\u2019da, iklim teknolojileri oda\u011f\u0131nda; [&hellip;]<\/p>\n","protected":false},"author":1,"featured_media":167895,"comment_status":"open","ping_status":"open","sticky":false,"template":"","format":"standard","meta":[],"categories":[53,52,157],"tags":[71770,63,107387,106004,20721,5296,2846,106005,107388],"views":59,"_links":{"self":[{"href":"https:\/\/www.enerjigazetesi.ist\/en\/wp-json\/wp\/v2\/posts\/167893"}],"collection":[{"href":"https:\/\/www.enerjigazetesi.ist\/en\/wp-json\/wp\/v2\/posts"}],"about":[{"href":"https:\/\/www.enerjigazetesi.ist\/en\/wp-json\/wp\/v2\/types\/post"}],"author":[{"embeddable":true,"href":"https:\/\/www.enerjigazetesi.ist\/en\/wp-json\/wp\/v2\/users\/1"}],"replies":[{"embeddable":true,"href":"https:\/\/www.enerjigazetesi.ist\/en\/wp-json\/wp\/v2\/comments?post=167893"}],"version-history":[{"count":0,"href":"https:\/\/www.enerjigazetesi.ist\/en\/wp-json\/wp\/v2\/posts\/167893\/revisions"}],"wp:featuredmedia":[{"embeddable":true,"href":"https:\/\/www.enerjigazetesi.ist\/en\/wp-json\/wp\/v2\/media\/167895"}],"wp:attachment":[{"href":"https:\/\/www.enerjigazetesi.ist\/en\/wp-json\/wp\/v2\/media?parent=167893"}],"wp:term":[{"taxonomy":"category","embeddable":true,"href":"https:\/\/www.enerjigazetesi.ist\/en\/wp-json\/wp\/v2\/categories?post=167893"},{"taxonomy":"post_tag","embeddable":true,"href":"https:\/\/www.enerjigazetesi.ist\/en\/wp-json\/wp\/v2\/tags?post=167893"}],"curies":[{"name":"wp","href":"https:\/\/api.w.org\/{rel}","templated":true}]}}