{"id":167883,"date":"2023-01-25T12:44:17","date_gmt":"2023-01-25T09:44:17","guid":{"rendered":"https:\/\/www.enerjigazetesi.ist\/?p=167883"},"modified":"2023-01-25T12:44:17","modified_gmt":"2023-01-25T09:44:17","slug":"yesil-hidrojen-gelecegin-enerjisi-olacak","status":"publish","type":"post","link":"https:\/\/www.enerjigazetesi.ist\/en\/yesil-hidrojen-gelecegin-enerjisi-olacak\/","title":{"rendered":"(Turkish) Ye\u015fil Hidrojen Gelece\u011fin Enerjisi Olacak"},"content":{"rendered":"<p class=\"qtranxs-available-languages-message qtranxs-available-languages-message-en\">Sorry, this entry is only available in <a href=\"https:\/\/www.enerjigazetesi.ist\/tr\/wp-json\/wp\/v2\/posts\/167883\" class=\"qtranxs-available-language-link qtranxs-available-language-link-tr\" title=\"Turkish\">Turkish<\/a>. For the sake of viewer convenience, the content is shown below in the alternative language. You may click the link to switch the active language.<\/p><p><\/p>\n<h2>Daha temiz bir gelecek i\u00e7in\u00a0T\u00fcrkiye Ulusal Enerji Plan\u0131 &amp; T\u00fcrkiye Hidrojen Teknolojileri Stratejisi ve Yol Haritas\u0131 a\u00e7\u0131kland\u0131. Buna g\u00f6re T\u00fcrkiye\u2019de ye\u015fil hidrojen gelece\u011fin yak\u0131t\u0131 olarak bu vizyonda \u00f6nemli yer tutacak. 18 y\u0131ld\u0131r yenilenebilir enerji projeleri ger\u00e7ekle\u015ftiren YEO Teknoloji de\u00a0T\u00fcrkiye\u2019yi ye\u015fil d\u00f6n\u00fc\u015f\u00fcmde \u00fcst s\u0131raya ta\u015f\u0131yacak\u00a0ye\u015fil\u00a0hidrojen i\u00e7in \u00e7al\u0131\u015fmalara ba\u015flad\u0131. YEO Teknoloji, yenilenebilir enerjiyle ye\u015fil hidrojen \u00fcretmek \u00fczere \u00e7\u00f6z\u00fcmler sunmak i\u00e7in \u00e7al\u0131\u015facak.<\/h2>\n<p>&nbsp;<\/p>\n<h3><strong>Hedef 70 GW\u2019l\u0131k enerji<\/strong><\/h3>\n<p>Enerji ve Tabii Kaynaklar Bakan\u0131 Fatih D\u00f6nmez ge\u00e7ti\u011fimiz g\u00fcn a\u00e7\u0131klad\u0131\u011f\u0131 Ulusal Enerji Plan\u0131\u2019yla hidrojen enerjisinin \u00f6nemine vurgu yapt\u0131. Plana g\u00f6re 2030 y\u0131l\u0131ndan ba\u015flayarak 2053 sonuna kadar <img loading=\"lazy\" class=\"wp-image-167886 alignright\" src=\"https:\/\/www.enerjigazetesi.ist\/wp-content\/uploads\/2023\/01\/yesil-hidrojen-gelecegin-enerjisi-olacak.jpg\" alt=\"\" width=\"320\" height=\"207\" srcset=\"https:\/\/www.enerjigazetesi.ist\/wp-content\/uploads\/2023\/01\/yesil-hidrojen-gelecegin-enerjisi-olacak.jpg 550w, https:\/\/www.enerjigazetesi.ist\/wp-content\/uploads\/2023\/01\/yesil-hidrojen-gelecegin-enerjisi-olacak-300x194.jpg 300w, https:\/\/www.enerjigazetesi.ist\/wp-content\/uploads\/2023\/01\/yesil-hidrojen-gelecegin-enerjisi-olacak-500x324.jpg 500w, https:\/\/www.enerjigazetesi.ist\/wp-content\/uploads\/2023\/01\/yesil-hidrojen-gelecegin-enerjisi-olacak-77x50.jpg 77w\" sizes=\"(max-width: 320px) 100vw, 320px\" \/><strong>hidrojenin do\u011falgaza kar\u0131\u015f\u0131m oran\u0131<\/strong>n\u0131n <strong>y\u00fczde 12<\/strong>\u2019ye, <strong>sentetik metan\u0131n kar\u0131\u015f\u0131m oran\u0131<\/strong>n\u0131n ise <strong>y\u00fczde 30\u2019a<\/strong> \u00e7\u0131kar\u0131lmas\u0131 hedefleniyor.<\/p>\n<p>T\u00fcrkiye\u2019de ilk defa do\u011falgaz ile yenilenebilir kaynaklardan elde edilen hidrojenin<strong> y\u00fczde 20<\/strong>\u2019ye kadar kar\u0131\u015ft\u0131r\u0131larak <strong>\u015febeke<\/strong> ve <strong>i\u00e7 tesisatlarda kullan\u0131lmas\u0131n\u0131n<\/strong> testleri yap\u0131ld\u0131 ve ba\u015far\u0131yla sonu\u00e7land\u0131. Ayr\u0131ca hidrojenin sanayide kullan\u0131m\u0131na y\u00f6nelik \u00e7al\u0131\u015fmalar da s\u00fcr\u00fcyor. T\u00fcrkiye\u2019de <strong>hidrojen elektroliz\u00f6r kurulu g\u00fcc\u00fc<\/strong>n\u00fcn <strong>2030 y\u0131l\u0131<\/strong>nda <strong>2 GW<\/strong>\u2019a, <strong>2035 y\u0131l\u0131<\/strong>nda <strong>5 GW<\/strong>\u2019a ve<strong> 2053<\/strong> y\u0131l\u0131nda<strong> 70 GW<\/strong>\u2019a \u00e7\u0131kmas\u0131 planlan\u0131yor.<\/p>\n<p>18 y\u0131ld\u0131r T\u00fcrkiye ve d\u00fcnyan\u0131n farkl\u0131 \u00fclkelerinde <strong>s\u00fcrd\u00fcr\u00fclebilir enerji projeleri<\/strong> \u00fcreten <strong>YEO Teknoloji<\/strong> de hidrojen alan\u0131nda \u00e7al\u0131\u015fmalar\u0131n\u0131 h\u0131zland\u0131rd\u0131. G\u00fcne\u015f enerjisinden, r\u00fczgar enerjisine, hidro enerjiden biyogaza kadar bir\u00e7ok farkl\u0131 alanda teknoloji \u00fcreten YEO, <strong>Net S\u0131f\u0131r hedefine<\/strong> yakla\u015ft\u0131racak t\u00fcm projeleri h\u0131zland\u0131rd\u0131. T\u00fcrkiye\u2019de bu alanda \u00e7al\u0131\u015fmalar y\u00fcr\u00fcten YEO Teknoloji, Avrupa pazar\u0131 i\u00e7in de Almanya\u2019da <strong>YEO Hidrojen<\/strong> isimli i\u015ftirakini kurdu.<\/p>\n<p><img loading=\"lazy\" class=\"alignleft wp-image-167887\" src=\"https:\/\/www.enerjigazetesi.ist\/wp-content\/uploads\/2023\/01\/YEO-Teknoloji-CEO-su-Tolunay-Yildiz.jpg\" alt=\"\" width=\"320\" height=\"358\" srcset=\"https:\/\/www.enerjigazetesi.ist\/wp-content\/uploads\/2023\/01\/YEO-Teknoloji-CEO-su-Tolunay-Yildiz.jpg 556w, https:\/\/www.enerjigazetesi.ist\/wp-content\/uploads\/2023\/01\/YEO-Teknoloji-CEO-su-Tolunay-Yildiz-268x300.jpg 268w, https:\/\/www.enerjigazetesi.ist\/wp-content\/uploads\/2023\/01\/YEO-Teknoloji-CEO-su-Tolunay-Yildiz-358x400.jpg 358w, https:\/\/www.enerjigazetesi.ist\/wp-content\/uploads\/2023\/01\/YEO-Teknoloji-CEO-su-Tolunay-Yildiz-45x50.jpg 45w, https:\/\/www.enerjigazetesi.ist\/wp-content\/uploads\/2023\/01\/YEO-Teknoloji-CEO-su-Tolunay-Yildiz-500x559.jpg 500w\" sizes=\"(max-width: 320px) 100vw, 320px\" \/>YEO Teknoloji CEO\u2019su Tolunay Y\u0131ld\u0131z, hidrojenin gelece\u011fin enerjisi olarak kabul edildi\u011fini belirterek \u015f\u00f6yle konu\u015ftu: <em>\u201cT\u00fcrkiye\u2019de yenilenebilir enerji kaynakl\u0131 hidrojen enerjisinin desteklendi\u011fini g\u00f6rmekten dolay\u0131 mutluluk duyuyoruz. Bu vizyonla biz de ge\u00e7en y\u0131l Almanya\u2019da YEO Hidrojen isimli bir \u015firket kurduk. Hem T\u00fcrkiye hem de Avrupa\u2019da ye\u015fil enerji kaynakl\u0131 hidrojen projeleri i\u00e7in \u00e7al\u0131\u015f\u0131yoruz. <strong>3<\/strong> k\u0131tada <strong>30\u2019<\/strong>un \u00fczerinde \u00fclkede<strong> 225\u2019ten fazla<\/strong> projeyle <strong>Avrupa, Orta Do\u011fu, Orta Asya ve Afrika\u2019da<\/strong> d\u00fcnyan\u0131n her noktas\u0131na enerji ve end\u00fcstriyel \u00e7\u00f6z\u00fcmler ula\u015ft\u0131r\u0131yoruz.<strong> Emisyonlar\u0131n azalt\u0131lmas\u0131<\/strong> ve <strong>dekarbonizasyon<\/strong> i\u00e7in ye\u015fil hidrojeni destekleyece\u011fiz.\u201d<\/em><\/p>\n<h3><strong>Ye\u015fil hidrojen nedir?<\/strong><\/h3>\n<p>Hidrojen enerjisi,\u00a0do\u011fada bile\u015fikler halinde bulunan hidrojenin d\u00f6n\u00fc\u015ft\u00fcr\u00fclmesiyle elde edilen enerji kayna\u011f\u0131 olarak\u00a0tan\u0131mlan\u0131yor. Bu enerji kayna\u011f\u0131 <strong>hidrojen atomlar\u0131n\u0131n oksijen atomlar\u0131ndan ayr\u0131lmas\u0131yla<\/strong> ortaya\u00a0\u00e7\u0131k\u0131yor. Son d\u00f6nemlerde hidrojen enerjisi Paris anla\u015fmas\u0131 kapsam\u0131ndaki karbonsuzla\u015fma hedeflerini ger\u00e7ekle\u015ftirmek i\u00e7in kullan\u0131lacak enerji alternatiflerinden biri olarak g\u00f6r\u00fcl\u00fcyor.\u00a0Hidrojen enerjisi farkl\u0131 renklerle temsil edilen bir \u00fcretim s\u00fcrecine\u00a0sahip.\u00a0Yani\u00a0farkl\u0131 enerji kaynaklar\u0131yla hidrojen enerjisi\u00a0\u00fcretilebiliyor. Bunlar; <strong>fosil yak\u0131tlarla \u00fcretilen gri hidrojen<\/strong>, <strong>do\u011fal gaz ile \u00fcretilen mavi hidrojen<\/strong>, hen\u00fcz deneme a\u015famas\u0131nda olan <strong>metan\u0131n termal par\u00e7alanmas\u0131<\/strong> ile elde edilen <strong>turkuaz hidrojen<\/strong> ve <strong>yenilenebilir enerji<\/strong> ile elde edilen ye\u015fil hidrojen olarak\u00a0s\u0131n\u0131fland\u0131r\u0131l\u0131yor. Ye\u015fil hidrojen, hem Paris \u0130klim Anla\u015fmas\u0131\u2019n\u0131n taahh\u00fctlerini yerine getirmek i\u00e7in hem de d\u00fcnyadaki enerji sorununun \u00e7\u00f6z\u00fcm\u00fc i\u00e7in bir f\u0131rsat olarak g\u00f6r\u00fcl\u00fcyor. Bug\u00fcn itibar\u0131yla, t\u00fcketimi ger\u00e7ekle\u015fen 70 milyon ton hidrojen, fosil kaynaklardan elde ediliyor. 30 y\u0131ll\u0131k s\u00fcre zarf\u0131nda ise hidrojen \u00fcretiminin<strong> ye\u015fil kaynaklardan \u00fcretilece\u011fi<\/strong> \u00f6ng\u00f6r\u00fcl\u00fcyor.<\/p>","protected":false},"excerpt":{"rendered":"<p>Sorry, this entry is only available in Turkish. For the sake of viewer convenience, the content is shown below in the alternative language. You may click the link to switch the active language. Daha temiz bir gelecek i\u00e7in\u00a0T\u00fcrkiye Ulusal Enerji Plan\u0131 &amp; T\u00fcrkiye Hidrojen Teknolojileri Stratejisi ve Yol Haritas\u0131 a\u00e7\u0131kland\u0131. Buna g\u00f6re T\u00fcrkiye\u2019de ye\u015fil hidrojen [&hellip;]<\/p>\n","protected":false},"author":1,"featured_media":167886,"comment_status":"open","ping_status":"open","sticky":false,"template":"","format":"standard","meta":[],"categories":[53],"tags":[63101,107386,96708,53137],"views":51,"_links":{"self":[{"href":"https:\/\/www.enerjigazetesi.ist\/en\/wp-json\/wp\/v2\/posts\/167883"}],"collection":[{"href":"https:\/\/www.enerjigazetesi.ist\/en\/wp-json\/wp\/v2\/posts"}],"about":[{"href":"https:\/\/www.enerjigazetesi.ist\/en\/wp-json\/wp\/v2\/types\/post"}],"author":[{"embeddable":true,"href":"https:\/\/www.enerjigazetesi.ist\/en\/wp-json\/wp\/v2\/users\/1"}],"replies":[{"embeddable":true,"href":"https:\/\/www.enerjigazetesi.ist\/en\/wp-json\/wp\/v2\/comments?post=167883"}],"version-history":[{"count":0,"href":"https:\/\/www.enerjigazetesi.ist\/en\/wp-json\/wp\/v2\/posts\/167883\/revisions"}],"wp:featuredmedia":[{"embeddable":true,"href":"https:\/\/www.enerjigazetesi.ist\/en\/wp-json\/wp\/v2\/media\/167886"}],"wp:attachment":[{"href":"https:\/\/www.enerjigazetesi.ist\/en\/wp-json\/wp\/v2\/media?parent=167883"}],"wp:term":[{"taxonomy":"category","embeddable":true,"href":"https:\/\/www.enerjigazetesi.ist\/en\/wp-json\/wp\/v2\/categories?post=167883"},{"taxonomy":"post_tag","embeddable":true,"href":"https:\/\/www.enerjigazetesi.ist\/en\/wp-json\/wp\/v2\/tags?post=167883"}],"curies":[{"name":"wp","href":"https:\/\/api.w.org\/{rel}","templated":true}]}}