{"id":167829,"date":"2023-01-24T13:46:25","date_gmt":"2023-01-24T10:46:25","guid":{"rendered":"https:\/\/www.enerjigazetesi.ist\/?p=167829"},"modified":"2023-01-24T13:46:25","modified_gmt":"2023-01-24T10:46:25","slug":"arta-tekstil-2023te-gunes-enerjisi-ve-ilave-baski-hatti-ile-buyuyecek","status":"publish","type":"post","link":"https:\/\/www.enerjigazetesi.ist\/en\/arta-tekstil-2023te-gunes-enerjisi-ve-ilave-baski-hatti-ile-buyuyecek\/","title":{"rendered":"(Turkish) &#8217;ARTA Tekstil&#8217; 2023\u2019te G\u00fcne\u015f Enerjisi ve \u0130lave Bask\u0131 Hatt\u0131 ile B\u00fcy\u00fcyecek"},"content":{"rendered":"<p class=\"qtranxs-available-languages-message qtranxs-available-languages-message-en\">Sorry, this entry is only available in <a href=\"https:\/\/www.enerjigazetesi.ist\/tr\/wp-json\/wp\/v2\/posts\/167829\" class=\"qtranxs-available-language-link qtranxs-available-language-link-tr\" title=\"Turkish\">Turkish<\/a>. For the sake of viewer convenience, the content is shown below in the alternative language. You may click the link to switch the active language.<\/p><p><\/p>\n<h2><strong>S\u00fcrd\u00fcr\u00fclebilir \u00fcretim anlay\u0131\u015f\u0131yla d\u00fcnyan\u0131n \u00f6nde gelen haz\u0131r giyim \u00fcreticilerine y\u00fcksek kalitede mamul dokuma ve \u00f6rme kuma\u015flar sunan ARTA Tekstil; yapt\u0131\u011f\u0131 9 milyon dolarl\u0131k G\u00fcne\u015f Enerji Santrali (GES) ve i\u015fletme i\u00e7ine ilave edece\u011fi 3. rotasyon bask\u0131 hatt\u0131 yat\u0131r\u0131mlar\u0131 ile 2023 hedeflerine odakland\u0131. 2022 y\u0131l\u0131nda devreye ald\u0131\u011f\u0131 yeni \u00fcretim hatlar\u0131 ile toplam cirosunu ve do\u011frudan ihracat\u0131n\u0131 USD baz\u0131nda y\u00fczde 50 kadar art\u0131ran \u015firket, kurulu\u015funun 35. y\u0131l\u0131n\u0131 kutlayaca\u011f\u0131 2023 y\u0131l\u0131nda 2022\u2019de yakalad\u0131\u011f\u0131 rakamlar\u0131 geride b\u0131rakmay\u0131 hedefliyor. <\/strong><\/h2>\n<p>\u00c7evreye ve do\u011faya sayg\u0131l\u0131, s\u00fcrd\u00fcr\u00fclebilir \u00fcretim anlay\u0131\u015f\u0131 \u00e7er\u00e7evesinde T\u00fcrkiye ve Avrupa&#8217;daki \u00f6nemli moda markalar\u0131 ve zincir ma\u011fazalara y\u00fcksek kalitede mamul dokuma ve \u00f6rme kuma\u015flar sunan ARTA Tekstil; yapt\u0131\u011f\u0131 yat\u0131r\u0131mlarla 2022 y\u0131l\u0131nda dolar baz\u0131nda hem cirosunu hem de ihracat\u0131n\u0131 y\u00fczde 50 art\u0131rd\u0131. Enerji krizi ve resesyon endi\u015fesine ra\u011fmen yat\u0131r\u0131mlar\u0131n\u0131 s\u00fcrd\u00fcren <strong>ARTA<\/strong><strong> Tekstil kurucu orta\u011f\u0131 Arif <img loading=\"lazy\" class=\"alignright wp-image-167832\" src=\"https:\/\/www.enerjigazetesi.ist\/wp-content\/uploads\/2023\/01\/ArtaTekstil_KurucuOrtagi_ArifNalbant_Gorsel.jpeg\" alt=\"\" width=\"270\" height=\"480\" srcset=\"https:\/\/www.enerjigazetesi.ist\/wp-content\/uploads\/2023\/01\/ArtaTekstil_KurucuOrtagi_ArifNalbant_Gorsel.jpeg 576w, https:\/\/www.enerjigazetesi.ist\/wp-content\/uploads\/2023\/01\/ArtaTekstil_KurucuOrtagi_ArifNalbant_Gorsel-169x300.jpeg 169w, https:\/\/www.enerjigazetesi.ist\/wp-content\/uploads\/2023\/01\/ArtaTekstil_KurucuOrtagi_ArifNalbant_Gorsel-225x400.jpeg 225w, https:\/\/www.enerjigazetesi.ist\/wp-content\/uploads\/2023\/01\/ArtaTekstil_KurucuOrtagi_ArifNalbant_Gorsel-28x50.jpeg 28w, https:\/\/www.enerjigazetesi.ist\/wp-content\/uploads\/2023\/01\/ArtaTekstil_KurucuOrtagi_ArifNalbant_Gorsel-500x889.jpeg 500w\" sizes=\"(max-width: 270px) 100vw, 270px\" \/>Nalbant<\/strong>, <em>\u201cRusya-Ukrayna aras\u0131ndaki gerilim, resesyon endi\u015fesi, enerji krizi, bunlar\u0131n etkisi ile olu\u015fan EUR\/USD paritesindeki oynakl\u0131klar ve enflasyondaki art\u0131\u015fla 2022 y\u0131l\u0131 olduk\u00e7a zorlay\u0131c\u0131 ge\u00e7ti hepimiz i\u00e7in. Biz t\u00fcm bu fakt\u00f6rlere ra\u011fmen yat\u0131r\u0131mlar\u0131m\u0131z\u0131 s\u00fcrd\u00fcrerek hem \u00e7evreyi koruyan \u00fcretim yap\u0131m\u0131z\u0131 g\u00fc\u00e7lendirdik hem de gelece\u011fe emin ad\u0131mlar ataca\u011f\u0131m\u0131z sistemler kurduk. Ba\u015fta 9 milyon dolar b\u00fct\u00e7eyle \u00e7al\u0131\u015fmalar\u0131na ba\u015flad\u0131\u011f\u0131m\u0131z G\u00fcne\u015f Enerji Santrali (GES) yat\u0131r\u0131m\u0131m\u0131z olmak \u00fczere 2023 y\u0131l\u0131nda da \u00e7e\u015fitli ba\u015fl\u0131klar alt\u0131nda yat\u0131r\u0131mlar\u0131m\u0131z\u0131 s\u00fcrd\u00fcrerek yapaca\u011f\u0131m\u0131z pazarlama faaliyetleriyle birlikte hem \u00fcretim hem de ihracat hacmimizi b\u00fcy\u00fctmeyi hedefliyoruz\u201d<\/em> dedi.<\/p>\n<h3><strong>ARTA Tekstil\u2019den mevcut tesislerini g\u00fc\u00e7lendirecek yat\u0131r\u0131mlar<\/strong><\/h3>\n<p>2022 y\u0131l\u0131 \u00fczerine de\u011ferlendirmelerde bulunan <strong>Nalbant<\/strong>, <em>\u201c2022 bizim i\u00e7in bir\u00e7ok ba\u015fl\u0131k alt\u0131nda yat\u0131r\u0131mlar\u0131m\u0131z\u0131 art\u0131rd\u0131\u011f\u0131m\u0131z bir y\u0131l oldu. Mevcut tesisimize ek olarak \u00f6rme kuma\u015f boyama-bask\u0131 \u00fcnitelerimizi devreye alarak m\u00fc\u015fterilerimizin taleplerini kar\u015f\u0131lamaya ba\u015flad\u0131k. B\u00f6ylelikle g\u00fcnl\u00fck 150 bin metre dokuma kuma\u015f i\u015fleme hatt\u0131m\u0131za g\u00fcnl\u00fck 30 ton \u00f6rme kuma\u015f boya-bask\u0131 kapasitesini de eklemi\u015f olduk. Y\u0131l i\u00e7erisinde devreye ald\u0131\u011f\u0131m\u0131z \u2018Flash-Ager\u2019 fikse hatt\u0131 sayesinde askeriye kuma\u015flar\u0131 i\u00e7in istenilen y\u00fcksek hasl\u0131klara sahip boyal\u0131 ve bask\u0131l\u0131 kuma\u015flar\u0131 pazara sunduk. Sadece \u00fcretim hatlar\u0131m\u0131z\u0131 g\u00fc\u00e7lendirmedik, s\u00fcrd\u00fcr\u00fclebilirlik ilkemiz \u00e7er\u00e7evesinde yenilenebilir enerji kullan\u0131m\u0131na y\u00f6nelik<strong> biyoyak\u0131t kazan yat\u0131r\u0131m\u0131<\/strong> yaparak \u0131s\u0131l enerjimizin<strong> y\u00fczde 40<\/strong>\u2019\u0131n\u0131 <strong>biyok\u00fctleden elde etmeyi<\/strong> ba\u015fard\u0131k. \u00dcretim kapasitemizi art\u0131rmam\u0131z sonucu do\u011fan ihtiya\u00e7lar do\u011frultusunda at\u0131k su ar\u0131tma tesisimizin kapasitesini g\u00fcnl\u00fck 4 bin tona \u00e7\u0131kard\u0131k. Bununla birlikte ilave kimyasal ve biyolojik ar\u0131tma havuzlar\u0131m\u0131z\u0131 ve pompalama tesislerimizi devreye ald\u0131k. Teknoloji alan\u0131nda da yat\u0131r\u0131mlar yaparak boyahanemizin<strong> \u00e7evreye etkisini minimize etmek<\/strong> ve<strong> enerji verimlili\u011fini art\u0131rmak<\/strong> i\u00e7in <strong>kontrol ekipmanlar\u0131 ve \u00f6zel yaz\u0131l\u0131mlar<\/strong> kullanmaya ba\u015flad\u0131k. Operasyonel m\u00fckemmellik departman\u0131 olu\u015fturarak her alanda verimlili\u011fin artmas\u0131n\u0131 ve hatalar\u0131n azalmas\u0131n\u0131 sa\u011flad\u0131k. Bu sayede<strong> su t\u00fcketimimizi<\/strong> ortalama<strong> 70 lt \/ kg<\/strong> kuma\u015ftan <strong>50 lt \/ kg<\/strong> kuma\u015f seviyelerine indirdik. Ayr\u0131ca spesifik enerji t\u00fcketimimizi de \u00fcretilen kuma\u015f kilogram\u0131 ba\u015f\u0131na<strong> 11 kilowatt<\/strong> civar\u0131ndan 7 <strong>kilowatt seviyelerine<\/strong> kadar d\u00fc\u015f\u00fcrd\u00fck. Sekt\u00f6r ortalamas\u0131n\u0131n alt\u0131nda olan bu de\u011ferleri daha da d\u00fc\u015f\u00fcrmek i\u00e7in \u00e7al\u0131\u015fmalar\u0131m\u0131z\u0131 s\u00fcrd\u00fcr\u00fcyoruz. Bu y\u0131l yapt\u0131\u011f\u0131m\u0131z t\u00fcm bu yat\u0131r\u0131mlar ve pazarlama \u00e7al\u0131\u015fmalar\u0131m\u0131z sayesinde toplam ciromuzu ve ihracat rakam\u0131m\u0131z\u0131 dolar baz\u0131nda y\u00fczde 50 art\u0131rmay\u0131 da ba\u015fard\u0131k.\u201d<\/em><\/p>\n<h3><strong>Arta Tekstil 2023 i\u00e7in sa\u011flam ad\u0131mlar at\u0131yor <\/strong><\/h3>\n<p>Yat\u0131r\u0131mlar\u0131n\u0131 planlad\u0131klar\u0131 <strong>G\u00fcne\u015f Enerji Sistemi (GES)<\/strong> ve rotasyon bask\u0131 hatt\u0131 \u00fczerine konu\u015fan <strong>ARTA<\/strong><strong> Tekstil kurucu orta\u011f\u0131 Arif Nalbant<\/strong>, <em>\u201cT\u00fcrkiye ve d\u00fcnyada tekstil sekt\u00f6r\u00fc her ge\u00e7en g\u00fcn giderek b\u00fcy\u00fcyor. ARTA Tekstil olarak sekt\u00f6r\u00fcn ihtiya\u00e7lar\u0131na y\u00f6nelik yapt\u0131\u011f\u0131m\u0131z yat\u0131r\u0131mlarla sa\u011flam ad\u0131mlar at\u0131yoruz. Kurulu\u015fumuzun 35. y\u0131l\u0131 olan 2023 y\u0131l\u0131nda da hedefimiz bu y\u0131l yakalad\u0131\u011f\u0131m\u0131z b\u00fcy\u00fcme oran\u0131n\u0131 geride b\u0131rakmak. Bu do\u011frultuda y\u0131l\u0131n ilk alt\u0131 ay\u0131nda 3. rotasyon bask\u0131 hatt\u0131m\u0131z\u0131 devreye alarak m\u00fc\u015fterilerimize daha h\u0131zl\u0131 ve kaliteli \u00fcr\u00fcnler sunmay\u0131 planl\u0131yoruz. Bununla birlikte s\u00fcrd\u00fcr\u00fclebilirlik odakl\u0131 yat\u0131r\u0131mlar\u0131m\u0131zdan birisi olan <strong>G\u00fcne\u015f Enerji Santrali\u2019ni (GES)<\/strong> <strong>A\u011fustos ay\u0131na kadar<\/strong> tamamlayarak devreye almak \u00fczere projelendirdik. Temiz ve sa\u011fl\u0131kl\u0131 bir \u00e7evrenin gelecek nesillere aktar\u0131labilmesi amac\u0131yla 9 milyon dolarl\u0131k yat\u0131r\u0131mla kuraca\u011f\u0131m\u0131z sistem ile<strong> fabrikam\u0131z\u0131n elektrik ihtiyac\u0131n\u0131n tamam\u0131n\u0131<\/strong> kar\u015f\u0131layaca\u011f\u0131z.<\/em><\/p>\n<p><em><strong>GES, biyoyak\u0131t kazan\u0131, \u0131s\u0131 geri kazan\u0131m sistemleri, su ve enerji tasarruf kontrol teknolojileri<\/strong> yat\u0131r\u0131mlar\u0131m\u0131z ile \u00e7evresel etkimizi ve karbon ayak izimizi azaltmaya devam edece\u011fiz. Bir\u00e7ok uluslararas\u0131 markay\u0131 b\u00fcnyesinde bar\u0131nd\u0131ran ve <strong>haz\u0131r giyim sekt\u00f6r\u00fcn\u00fcn<\/strong> en b\u00fcy\u00fck grubu olan <strong>INDITEX\u2019in \u2018Care For Planet\u2019<\/strong> seviyesinde onay alan T\u00fcrkiye\u2019deki ilk fabrika olarak bu grup ile i\u015f birli\u011fimizi art\u0131rmay\u0131 hedefliyoruz. 2023 y\u0131l\u0131nda sekt\u00f6r\u00fcm\u00fczde taleplerin ikinci yar\u0131da artaca\u011f\u0131 \u00f6ng\u00f6r\u00fcl\u00fcyor, biz de \u00e7al\u0131\u015fmalar\u0131m\u0131z\u0131 buna g\u00f6re kurguluyoruz. Ayr\u0131ca haz\u0131r giyimde kullan\u0131lan kuma\u015flara ilave olarak askeriye ve fonksiyonel kuma\u015flara olan taleplerden do\u011fan yeni f\u0131rsatlar\u0131 de\u011ferlendirmek \u00fczere \u00e7al\u0131\u015fmalar\u0131m\u0131z\u0131 s\u00fcrd\u00fcr\u00fcyoruz.<\/em><\/p>\n<p><em><strong>2023 y\u0131l\u0131n\u0131n<\/strong> bir anlam\u0131 da gurur duydu\u011fumuz cumhuriyetimizin<strong> 100. y\u0131l\u0131 olmas\u0131<\/strong>. ARTA Tekstil ailesi olarak biz de <strong>ba\u015fta \u00f6nderimiz Atat\u00fcrk<\/strong> olmak \u00fczere bu cumhuriyeti bin bir zorlukla kurup ya\u015fatarak bize hediye edenlere borcumuzu bir nebze olsun \u00f6deyebilmek amac\u0131yla, yeni ba\u015far\u0131lara imza atmak i\u00e7in var g\u00fcc\u00fcm\u00fczle \u00e7al\u0131\u015fmaya ve \u00fcretmeye devam edece\u011fiz\u201d<\/em> a\u00e7\u0131klamas\u0131nda bulundu.<\/p>","protected":false},"excerpt":{"rendered":"<p>Sorry, this entry is only available in Turkish. For the sake of viewer convenience, the content is shown below in the alternative language. You may click the link to switch the active language. S\u00fcrd\u00fcr\u00fclebilir \u00fcretim anlay\u0131\u015f\u0131yla d\u00fcnyan\u0131n \u00f6nde gelen haz\u0131r giyim \u00fcreticilerine y\u00fcksek kalitede mamul dokuma ve \u00f6rme kuma\u015flar sunan ARTA Tekstil; yapt\u0131\u011f\u0131 9 milyon [&hellip;]<\/p>\n","protected":false},"author":1,"featured_media":167833,"comment_status":"open","ping_status":"open","sticky":false,"template":"","format":"standard","meta":[],"categories":[22893,51,53,52,49],"tags":[107366,1678,107367,107369,2326,107368,84846,23583,107370,793,97],"views":132,"_links":{"self":[{"href":"https:\/\/www.enerjigazetesi.ist\/en\/wp-json\/wp\/v2\/posts\/167829"}],"collection":[{"href":"https:\/\/www.enerjigazetesi.ist\/en\/wp-json\/wp\/v2\/posts"}],"about":[{"href":"https:\/\/www.enerjigazetesi.ist\/en\/wp-json\/wp\/v2\/types\/post"}],"author":[{"embeddable":true,"href":"https:\/\/www.enerjigazetesi.ist\/en\/wp-json\/wp\/v2\/users\/1"}],"replies":[{"embeddable":true,"href":"https:\/\/www.enerjigazetesi.ist\/en\/wp-json\/wp\/v2\/comments?post=167829"}],"version-history":[{"count":0,"href":"https:\/\/www.enerjigazetesi.ist\/en\/wp-json\/wp\/v2\/posts\/167829\/revisions"}],"wp:featuredmedia":[{"embeddable":true,"href":"https:\/\/www.enerjigazetesi.ist\/en\/wp-json\/wp\/v2\/media\/167833"}],"wp:attachment":[{"href":"https:\/\/www.enerjigazetesi.ist\/en\/wp-json\/wp\/v2\/media?parent=167829"}],"wp:term":[{"taxonomy":"category","embeddable":true,"href":"https:\/\/www.enerjigazetesi.ist\/en\/wp-json\/wp\/v2\/categories?post=167829"},{"taxonomy":"post_tag","embeddable":true,"href":"https:\/\/www.enerjigazetesi.ist\/en\/wp-json\/wp\/v2\/tags?post=167829"}],"curies":[{"name":"wp","href":"https:\/\/api.w.org\/{rel}","templated":true}]}}