{"id":167813,"date":"2023-01-24T12:31:22","date_gmt":"2023-01-24T09:31:22","guid":{"rendered":"https:\/\/www.enerjigazetesi.ist\/?p=167813"},"modified":"2023-01-24T12:31:47","modified_gmt":"2023-01-24T09:31:47","slug":"gunes-paneli-uretiminde-kullanilan-cam-urunlerin-ithalatina-istisna-getirildi","status":"publish","type":"post","link":"https:\/\/www.enerjigazetesi.ist\/en\/gunes-paneli-uretiminde-kullanilan-cam-urunlerin-ithalatina-istisna-getirildi\/","title":{"rendered":"(Turkish) G\u00fcne\u015f Paneli \u00dcretiminde Kullan\u0131lan Cam \u00dcr\u00fcnlerin \u0130thalat\u0131na \u0130stisna Getirildi"},"content":{"rendered":"<p class=\"qtranxs-available-languages-message qtranxs-available-languages-message-en\">Sorry, this entry is only available in <a href=\"https:\/\/www.enerjigazetesi.ist\/tr\/wp-json\/wp\/v2\/posts\/167813\" class=\"qtranxs-available-language-link qtranxs-available-language-link-tr\" title=\"Turkish\">Turkish<\/a>. For the sake of viewer convenience, the content is shown below in the alternative language. You may click the link to switch the active language.<\/p><p><\/p>\n<h2><strong>Resmi Gazete&#8217;nin 24 Ocak 2023 say\u0131s\u0131nda yay\u0131mlanan tebli\u011f ile g\u00fcne\u015f paneli \u00fcretiminde kullan\u0131lan baz\u0131 cam \u00fcr\u00fcnlerin ithalat\u0131nda g\u00f6zetim uygulanmas\u0131na ili\u015fkin de\u011fi\u015fiklik <img loading=\"lazy\" class=\"alignright wp-image-167815\" src=\"https:\/\/www.enerjigazetesi.ist\/wp-content\/uploads\/2023\/01\/gunes-paneli-uretiminde-kullanilan-cam-urunlerin-ithalatina-istisna-getirildi.jpg\" alt=\"\" width=\"320\" height=\"200\" srcset=\"https:\/\/www.enerjigazetesi.ist\/wp-content\/uploads\/2023\/01\/gunes-paneli-uretiminde-kullanilan-cam-urunlerin-ithalatina-istisna-getirildi.jpg 550w, https:\/\/www.enerjigazetesi.ist\/wp-content\/uploads\/2023\/01\/gunes-paneli-uretiminde-kullanilan-cam-urunlerin-ithalatina-istisna-getirildi-300x187.jpg 300w, https:\/\/www.enerjigazetesi.ist\/wp-content\/uploads\/2023\/01\/gunes-paneli-uretiminde-kullanilan-cam-urunlerin-ithalatina-istisna-getirildi-500x312.jpg 500w, https:\/\/www.enerjigazetesi.ist\/wp-content\/uploads\/2023\/01\/gunes-paneli-uretiminde-kullanilan-cam-urunlerin-ithalatina-istisna-getirildi-80x50.jpg 80w\" sizes=\"(max-width: 320px) 100vw, 320px\" \/>yap\u0131ld\u0131.<\/strong><\/h2>\n<p>2020 y\u0131l\u0131nda g\u00fcne\u015f paneli \u00fcretiminde kullan\u0131lan <strong>sertle\u015ftirilmi\u015f, temperlenmi\u015f emniyet camlar\u0131<\/strong> veya <strong>lamine edilmi\u015f camlar\u0131n<\/strong> da dahil oldu\u011fu baz\u0131 cam \u00fcr\u00fcnleri hakk\u0131nda ba\u015flat\u0131lan ithalatta g\u00f6zetim uygulamas\u0131nda de\u011fi\u015fiklik yap\u0131ld\u0131.<\/p>\n<p>Ticaret Bakanl\u0131\u011f\u0131n\u0131n \u0130thalatta G\u00f6zetim Uygulanmas\u0131na \u0130li\u015fkin Tebli\u011f (Tebli\u011f No: 2020\/1)\u2019inin EK-2\u2019sinde yap\u0131lan de\u011fi\u015fiklik ile g\u00fcne\u015f paneli \u00fcretimine ili\u015fkin kapasite raporunun sunulmas\u0131 halinde, g\u00fcne\u015f paneli \u00fcretiminde kullan\u0131lan<strong> 7007.19.80.00.15 GT\u0130P<\/strong> kodlu cam \u00fcr\u00fcnler i\u00e7in <strong>2B-\u0130hracat\u00e7\u0131-\u00dcretici Bilgi Formu<\/strong> aranmayaca\u011f\u0131 h\u00fckm\u00fc getirildi.\u00a0G\u00fcne\u015f paneli \u00fcretiminde kullan\u0131lan bu t\u00fcr camlar, devam eden <strong>g\u00f6zetim uygulamas\u0131ndan muaf<\/strong> tutuldu.<\/p>\n<p><strong>\u0130lgili Tebli\u011fe Ula\u015fmak \u0130\u00e7in <a href=\"https:\/\/www.resmigazete.gov.tr\/eskiler\/2023\/01\/20230124-4.htm\" target=\"_blank\" rel=\"noopener\">TIKLAYIN&gt;&gt;<\/a><\/strong><\/p>","protected":false},"excerpt":{"rendered":"<p>Sorry, this entry is only available in Turkish. For the sake of viewer convenience, the content is shown below in the alternative language. You may click the link to switch the active language. Resmi Gazete&#8217;nin 24 Ocak 2023 say\u0131s\u0131nda yay\u0131mlanan tebli\u011f ile g\u00fcne\u015f paneli \u00fcretiminde kullan\u0131lan baz\u0131 cam \u00fcr\u00fcnlerin ithalat\u0131nda g\u00f6zetim uygulanmas\u0131na ili\u015fkin de\u011fi\u015fiklik yap\u0131ld\u0131. [&hellip;]<\/p>\n","protected":false},"author":1,"featured_media":167815,"comment_status":"open","ping_status":"open","sticky":false,"template":"","format":"standard","meta":[],"categories":[53,49],"tags":[106935,107365,8255,1388],"views":73,"_links":{"self":[{"href":"https:\/\/www.enerjigazetesi.ist\/en\/wp-json\/wp\/v2\/posts\/167813"}],"collection":[{"href":"https:\/\/www.enerjigazetesi.ist\/en\/wp-json\/wp\/v2\/posts"}],"about":[{"href":"https:\/\/www.enerjigazetesi.ist\/en\/wp-json\/wp\/v2\/types\/post"}],"author":[{"embeddable":true,"href":"https:\/\/www.enerjigazetesi.ist\/en\/wp-json\/wp\/v2\/users\/1"}],"replies":[{"embeddable":true,"href":"https:\/\/www.enerjigazetesi.ist\/en\/wp-json\/wp\/v2\/comments?post=167813"}],"version-history":[{"count":0,"href":"https:\/\/www.enerjigazetesi.ist\/en\/wp-json\/wp\/v2\/posts\/167813\/revisions"}],"wp:featuredmedia":[{"embeddable":true,"href":"https:\/\/www.enerjigazetesi.ist\/en\/wp-json\/wp\/v2\/media\/167815"}],"wp:attachment":[{"href":"https:\/\/www.enerjigazetesi.ist\/en\/wp-json\/wp\/v2\/media?parent=167813"}],"wp:term":[{"taxonomy":"category","embeddable":true,"href":"https:\/\/www.enerjigazetesi.ist\/en\/wp-json\/wp\/v2\/categories?post=167813"},{"taxonomy":"post_tag","embeddable":true,"href":"https:\/\/www.enerjigazetesi.ist\/en\/wp-json\/wp\/v2\/tags?post=167813"}],"curies":[{"name":"wp","href":"https:\/\/api.w.org\/{rel}","templated":true}]}}