{"id":167710,"date":"2023-01-23T11:11:12","date_gmt":"2023-01-23T08:11:12","guid":{"rendered":"https:\/\/www.enerjigazetesi.ist\/?p=167710"},"modified":"2023-01-23T11:13:29","modified_gmt":"2023-01-23T08:13:29","slug":"isimin-enerjisi-uygulamalari-tasarruf-sagliyor-ve-cevreyi-koruyor","status":"publish","type":"post","link":"https:\/\/www.enerjigazetesi.ist\/en\/isimin-enerjisi-uygulamalari-tasarruf-sagliyor-ve-cevreyi-koruyor\/","title":{"rendered":"(Turkish) &#8217;\u0130\u015fimin Enerjisi Uygulamalar\u0131&#8217; Tasarruf Sa\u011fl\u0131yor ve \u00c7evreyi Koruyor"},"content":{"rendered":"<p class=\"qtranxs-available-languages-message qtranxs-available-languages-message-en\">Sorry, this entry is only available in <a href=\"https:\/\/www.enerjigazetesi.ist\/tr\/wp-json\/wp\/v2\/posts\/167710\" class=\"qtranxs-available-language-link qtranxs-available-language-link-tr\" title=\"Turkish\">Turkish<\/a>. For the sake of viewer convenience, the content is shown below in the alternative language. You may click the link to switch the active language.<\/p><p><\/p>\n<h2>Enerjisa Enerji, \u0130\u015fimin Enerjisi uygulamalar\u0131yla kurumlara yat\u0131r\u0131m maliyeti olmadan performans ve verim odakl\u0131 \u00e7\u00f6z\u00fcmler sunuyor. \u0130\u015fimin Enerjisi \u00e7at\u0131s\u0131 alt\u0131nda s\u00fcrd\u00fcr\u00fclebilirlik ve tasarruf odakl\u0131 \u00fcr\u00fcnlerle yenilenebilir enerji kullan\u0131m\u0131n\u0131 artt\u0131ran \u00e7\u00f6z\u00fcmler geli\u015ftiren Enerjisa Enerji, 2022 y\u0131l\u0131nda T\u00fcrkiye\u2019nin net s\u0131f\u0131r emisyon hedefi ve ye\u015fil d\u00f6n\u00fc\u015f\u00fcm yolculu\u011funa \u00f6nemli katk\u0131 sa\u011flayacak \u00e7al\u0131\u015fmalar\u0131 hayata ge\u00e7irdi.<\/h2>\n<p>Enerjisa Enerji\u2019nin <strong>2022 y\u0131l\u0131nda<\/strong> devreye ald\u0131\u011f\u0131 ve<strong> 2023 y\u0131l\u0131nda da<\/strong> devam edecek olan \u0130\u015fimin Enerjisi uygulamalar\u0131ndan <strong>GES<\/strong> ve <strong>enerji verimlili\u011fi yat\u0131r\u0131mlar\u0131yla<\/strong> toplamda\u00a0<strong>68 bin tonun\u00a0<\/strong>\u00fczerinde karbon sal\u0131m\u0131 \u00f6nlenecek. GES projelerinde y\u0131ll\u0131k \u00a0<strong>57.5 milyon<\/strong><strong>\u00a0kWh<\/strong>\u2019l\u0131k\u00a0yenilenebilir enerji<img loading=\"lazy\" class=\"alignright wp-image-167712\" src=\"https:\/\/www.enerjigazetesi.ist\/wp-content\/uploads\/2023\/01\/isimin-enerjisi-uygulamalari-tasarruf-sagliyor-ve-cevreyi-koruyor.jpg\" alt=\"\" width=\"320\" height=\"187\" srcset=\"https:\/\/www.enerjigazetesi.ist\/wp-content\/uploads\/2023\/01\/isimin-enerjisi-uygulamalari-tasarruf-sagliyor-ve-cevreyi-koruyor.jpg 576w, https:\/\/www.enerjigazetesi.ist\/wp-content\/uploads\/2023\/01\/isimin-enerjisi-uygulamalari-tasarruf-sagliyor-ve-cevreyi-koruyor-300x176.jpg 300w, https:\/\/www.enerjigazetesi.ist\/wp-content\/uploads\/2023\/01\/isimin-enerjisi-uygulamalari-tasarruf-sagliyor-ve-cevreyi-koruyor-500x293.jpg 500w, https:\/\/www.enerjigazetesi.ist\/wp-content\/uploads\/2023\/01\/isimin-enerjisi-uygulamalari-tasarruf-sagliyor-ve-cevreyi-koruyor-80x47.jpg 80w\" sizes=\"(max-width: 320px) 100vw, 320px\" \/> \u00fcretilirken,\u00a0enerji verimlili\u011fi uygulamalar\u0131 ile y\u0131ll\u0131k enerji tasarrufu <strong>55.5 milyon kWh<\/strong>\u2019\u0131 bulacak. Bunun yan\u0131 s\u0131ra\u00a0Enerjisa Enerji\u2019nin portf\u00f6y\u00fcnde yer alan i\u015fletmelerin\u00a0<strong>924 GWh<\/strong>\u2019l\u0131k elektrik t\u00fcketimi<strong> \u2018Ye\u015fil Enerji\u2019<\/strong> ile sertifikaland\u0131r\u0131lacak. Bu ye\u015fil enerji d\u00f6n\u00fc\u015f\u00fcmleriyle yakla\u015f\u0131k <strong>5.8 milyon ton<\/strong> karbon sal\u0131m\u0131n\u0131n \u00f6n\u00fcne ge\u00e7ilecek.<\/p>\n<p>Enerjisa Enerji sekt\u00f6rde 2020\u2019den bu yana rol model olan \u0130\u015fimin Enerjisi uygulamalar\u0131 ile kurumlara eri\u015filebilir ve kesintisiz enerji tedari\u011fi yenilik\u00e7i, etki odakl\u0131 ve s\u00fcrd\u00fcr\u00fclebilir \u00fcr\u00fcn ve hizmetler geli\u015ftiriyor. <em>G\u00fcne\u015f enerjisi santrallerinin (GES) kurulumu, enerji verimlili\u011fi uygulamalar\u0131, ye\u015fil enerji tedariki, temiz enerjili E\u015farj sistemleri, kojenerasyon, elektrik tarifeleri ve enerji izleme \u00e7\u00f6z\u00fcmleri<\/em> bu hizmetler aras\u0131nda yer al\u0131yor.<\/p>\n<h3>\u00a0<strong>19 bin hanenin elektri\u011fi GES\u2019ten sa\u011flanacak<\/strong><\/h3>\n<p>Daha iyi bir gelecek hedefiyle enerji tedari\u011finde \u00e7al\u0131\u015fmalar\u0131n\u0131 s\u00fcrd\u00fcren Enerjisa Enerji, y\u0131l boyunca hem yenilenebilir hem de verimli bir kaynak olan g\u00fcne\u015f enerjisi santrallerini m\u00fc\u015fterileri ile bulu\u015fturarak 2022 y\u0131l\u0131nda bir\u00e7ok projenin ilk ad\u0131m\u0131n\u0131 att\u0131. Bu kapsamda anla\u015fmas\u0131 sa\u011flanan\u00a0<strong>75 bin 569\u00a0<\/strong>g\u00fcne\u015f panelinin kurulumlar\u0131 2022 y\u0131l\u0131nda ba\u015flad\u0131. 2023 y\u0131l\u0131nda tamam\u0131n\u0131n devreye al\u0131nmas\u0131 ile\u00a0<strong>19 bin 171<\/strong>\u00a0hanenin elektrik t\u00fcketimine e\u015fde\u011fer <strong>57.5 milyon<\/strong>\u00a0<strong>kWh<\/strong>\u00a0elektrik \u00fcretilmesi, yakla\u015f\u0131k\u00a0<strong>37 bin<\/strong>\u00a0<strong>ton<\/strong>\u00a0karbon sal\u0131m\u0131n\u0131n engellenmesi bekleniyor.<\/p>\n<p>Enerjisa Enerji\u2019nin\u00a0<strong>LED d\u00f6n\u00fc\u015f\u00fcml\u00fc ayd\u0131nlatma verimlili\u011fi<\/strong>, at\u0131k \u0131s\u0131 geri kazan\u0131m\u0131, tesis ve binalardaki merkezi \u0131s\u0131tma sistemleri ile havaland\u0131rma ve klima (HVAC) sistemlerinin optimizasyonunu gibi verimlilik projeleri i\u015fletmelere enerji tasarrufu sa\u011fl\u0131yor. Bu kapsamda 2022 y\u0131l\u0131nda hayata ge\u00e7irilen ve 2023 y\u0131l\u0131nda devam edecek olan projelerle <strong>55.5 milyon kWH<\/strong> enerji tasarrufu sa\u011flanmas\u0131, yakla\u015f\u0131k\u00a0<strong>31 bin<\/strong>\u00a0<strong>ton<\/strong>\u00a0karbon sal\u0131m\u0131n\u0131n da engellenmesi hedefleniyor.<\/p>\n<p><strong>Ye\u015fil enerji sertifikasyonlar\u0131<\/strong> ile m\u00fc\u015fterilerinin karbon ayak izi ve sera gaz\u0131 sal\u0131m\u0131n\u0131 azaltarak \u015firketlerin s\u00fcrd\u00fcr\u00fclebilirlik hedeflerine katk\u0131da bulunana Enerjisa Enerji, ye\u015fil enerji m\u00fc\u015fterilerine <strong>924 GWh\u2019l\u0131k<\/strong>\u00a0elektrik tedari\u011fini g\u00fcne\u015f, r\u00fczg\u00e2r ve su gibi do\u011fal kaynaklardan elde edilen, t\u00fckenmeyen enerji kaynaklar\u0131ndan sa\u011flad\u0131.<\/p>\n<p>T\u00fcm bu \u00e7al\u0131\u015fmalar\u0131n yan\u0131 s\u0131ra Enerjisa Enerji, 2022 y\u0131l\u0131nda yerel ekonomik kalk\u0131nmay\u0131 desteklemek ve s\u00fcrd\u00fcr\u00fclebilir turizmi te\u015fvik etmek amac\u0131yla<strong> S\u00fcrd\u00fcr\u00fclebilir Enerji Temelli Uygulama Merkezi (SENTRUM) Projesi<\/strong>\u2019nin ilk uygulamas\u0131n\u0131 da<strong> Ayval\u0131k K\u00fc\u00e7\u00fckk\u00f6y\u2019de<\/strong> hayata ge\u00e7irdi. \u00a0Projeye \u0130\u015fimin Enerjisi uygulamalar\u0131 ile <strong>enerji verimlili\u011fi, tasarruf<\/strong> ve <strong>karbon emisyonlar\u0131n\u0131n azalt\u0131lmas\u0131<\/strong> gibi alanlarda destek verildi. K\u00fc\u00e7\u00fckk\u00f6y\u2019de ger\u00e7ekle\u015ftirilen d\u00f6n\u00fc\u015f\u00fcm sayesinde y\u0131ll\u0131k\u00a0<strong>15.000 kg k\u00f6m\u00fcr\u00a0<\/strong>kullan\u0131m\u0131n\u0131n \u00f6n\u00fcne ge\u00e7ilerek <strong>enerji tasarrufu<\/strong> sa\u011flan\u0131rken,\u00a0<strong>55<\/strong>\u00a0<strong>ton<\/strong>\u00a0miktarda karbon emisyonu engellendi.<\/p>\n<h3><strong>Temiz enerji teknolojilerinin ivme kazand\u0131\u011f\u0131 d\u00f6nemde \u0130\u015fimin Enerjisi \u00e7\u00f6z\u00fcmleri yol g\u00f6sterici olacak<\/strong><\/h3>\n<p><strong>Enerjisa Enerji Ceo\u2019su ve Enerjisa M\u00fc\u015fteri \u00c7\u00f6z\u00fcmleri A.\u015e Y\u00f6netim Kurulu Ba\u015fkan\u0131 Murat P\u0131nar,<\/strong> \u0130\u015fimin Enerjisi projeleriyle ilgili olarak, <span style=\"text-decoration: underline;\">\u015fu de\u011ferlendirmeyi yapt\u0131:<\/span><\/p>\n<p><img loading=\"lazy\" class=\"alignleft wp-image-167713\" src=\"https:\/\/www.enerjigazetesi.ist\/wp-content\/uploads\/2023\/01\/1674456951_Enerjisa_Enerji_CEO___Murat_P__nar.jpg\" alt=\"isimin-enerjisi-uygulamalari-tasarruf-sagliyor-ve-cevreyi-koruyor\" width=\"300\" height=\"297\" srcset=\"https:\/\/www.enerjigazetesi.ist\/wp-content\/uploads\/2023\/01\/1674456951_Enerjisa_Enerji_CEO___Murat_P__nar.jpg 485w, https:\/\/www.enerjigazetesi.ist\/wp-content\/uploads\/2023\/01\/1674456951_Enerjisa_Enerji_CEO___Murat_P__nar-300x297.jpg 300w, https:\/\/www.enerjigazetesi.ist\/wp-content\/uploads\/2023\/01\/1674456951_Enerjisa_Enerji_CEO___Murat_P__nar-150x150.jpg 150w, https:\/\/www.enerjigazetesi.ist\/wp-content\/uploads\/2023\/01\/1674456951_Enerjisa_Enerji_CEO___Murat_P__nar-404x400.jpg 404w, https:\/\/www.enerjigazetesi.ist\/wp-content\/uploads\/2023\/01\/1674456951_Enerjisa_Enerji_CEO___Murat_P__nar-51x50.jpg 51w, https:\/\/www.enerjigazetesi.ist\/wp-content\/uploads\/2023\/01\/1674456951_Enerjisa_Enerji_CEO___Murat_P__nar-100x100.jpg 100w\" sizes=\"(max-width: 300px) 100vw, 300px\" \/><\/p>\n<p><em>\u201cG\u00fcnl\u00fck hayatta hissedilen sars\u0131c\u0131 etkileri ile iklim krizi d\u00fcnyan\u0131n en \u00f6nemli meselesi. Bu krizle m\u00fccadelede en \u00f6nemli g\u00fcndem maddeleri aras\u0131nda \u00a0enerjinin verimli kullan\u0131lmas\u0131, y\u00fcksek karbon emisyonlar\u0131 nedeniyle enerji sekt\u00f6r\u00fcn\u00fcn ye\u015fil d\u00f6n\u00fc\u015f\u00fcm\u00fc yer al\u0131yor. \u00d6n\u00fcm\u00fczdeki be\u015f y\u0131l i\u00e7erisinde d\u00fcnyadaki yenilenebilir enerji kapasitesi d\u00fcnyan\u0131n son 20 y\u0131lda yapt\u0131\u011f\u0131 art\u0131\u015fa bedel bir oranda art\u0131\u015f g\u00f6sterecek. \u00d6ng\u00f6r\u00fcler T\u00fcrkiye&#8217;deki yenilenebilir enerjinin 5 y\u0131lda y\u00fczde 65\u2019e yak\u0131n b\u00fcy\u00fcyece\u011fini g\u00f6steriyor. \u00d6zellikle b\u00fct\u00fcn d\u00fcnyada g\u00fcne\u015f ve r\u00fczgar enerjisi gibi temiz enerji teknolojilerinde h\u0131zl\u0131 bir art\u0131\u015f g\u00f6r\u00fcyoruz. Yine enerji verimlili\u011finde de \u00e7ok \u00f6nemli bir art\u0131\u015f var. 2022 y\u0131l\u0131nda enerji verimlili\u011findeki art\u0131\u015f, ortalama y\u0131llardaki art\u0131\u015f\u0131n iki misli kadar oldu. Tam bu noktada Enerjisa Enerji olarak \u0130\u015fimin Enerjisi ile sorumluluklar\u0131m\u0131z\u0131n bilinci ile hayata ge\u00e7irdi\u011fimiz bir uygulama. Bu uygulama kapsam\u0131nda sekt\u00f6rde rol model olan, yenilik\u00e7i, etki odakl\u0131 ve s\u00fcrd\u00fcr\u00fclebilir \u00fcr\u00fcn ve hizmetler geli\u015ftiriyoruz.\u00a0Kurumlara enerji ve maliyet tasarrufu sa\u011flayan bu \u00e7al\u0131\u015fmalar BM S\u00fcrd\u00fcr\u00fclebilir Kalk\u0131nma Ama\u00e7lar\u0131n\u0131 merkeze alan yol haritas\u0131 ile hayata ge\u00e7iriliyor; T\u00fcrkiye\u2019nin s\u00fcrd\u00fcr\u00fclebilirlik hedeflerine de \u00f6nemli bir katk\u0131 sa\u011fl\u0131yor. Bu anlamda 2022 y\u0131l\u0131nda ortaya koydu\u011fumuz \u00e7abalar sonucu ula\u015faca\u011f\u0131m\u0131z enerji tasarrufu ve karbon sal\u0131m\u0131 rakamlar\u0131 kurumum ad\u0131na gurur verici. Daha iyi bir gelecek i\u00e7in var g\u00fcc\u00fcm\u00fczle \u00e7al\u0131\u015fmaya devam edece\u011fiz.\u201d<\/em><\/p>","protected":false},"excerpt":{"rendered":"<p>Sorry, this entry is only available in Turkish. For the sake of viewer convenience, the content is shown below in the alternative language. You may click the link to switch the active language. Enerjisa Enerji, \u0130\u015fimin Enerjisi uygulamalar\u0131yla kurumlara yat\u0131r\u0131m maliyeti olmadan performans ve verim odakl\u0131 \u00e7\u00f6z\u00fcmler sunuyor. \u0130\u015fimin Enerjisi \u00e7at\u0131s\u0131 alt\u0131nda s\u00fcrd\u00fcr\u00fclebilirlik ve tasarruf [&hellip;]<\/p>\n","protected":false},"author":1,"featured_media":167712,"comment_status":"open","ping_status":"open","sticky":false,"template":"","format":"standard","meta":[],"categories":[51,53,52],"tags":[4341,107330,103,486,37825,107328,107327,1969,107329,6379,218,88884],"views":46,"_links":{"self":[{"href":"https:\/\/www.enerjigazetesi.ist\/en\/wp-json\/wp\/v2\/posts\/167710"}],"collection":[{"href":"https:\/\/www.enerjigazetesi.ist\/en\/wp-json\/wp\/v2\/posts"}],"about":[{"href":"https:\/\/www.enerjigazetesi.ist\/en\/wp-json\/wp\/v2\/types\/post"}],"author":[{"embeddable":true,"href":"https:\/\/www.enerjigazetesi.ist\/en\/wp-json\/wp\/v2\/users\/1"}],"replies":[{"embeddable":true,"href":"https:\/\/www.enerjigazetesi.ist\/en\/wp-json\/wp\/v2\/comments?post=167710"}],"version-history":[{"count":1,"href":"https:\/\/www.enerjigazetesi.ist\/en\/wp-json\/wp\/v2\/posts\/167710\/revisions"}],"predecessor-version":[{"id":167711,"href":"https:\/\/www.enerjigazetesi.ist\/en\/wp-json\/wp\/v2\/posts\/167710\/revisions\/167711"}],"wp:featuredmedia":[{"embeddable":true,"href":"https:\/\/www.enerjigazetesi.ist\/en\/wp-json\/wp\/v2\/media\/167712"}],"wp:attachment":[{"href":"https:\/\/www.enerjigazetesi.ist\/en\/wp-json\/wp\/v2\/media?parent=167710"}],"wp:term":[{"taxonomy":"category","embeddable":true,"href":"https:\/\/www.enerjigazetesi.ist\/en\/wp-json\/wp\/v2\/categories?post=167710"},{"taxonomy":"post_tag","embeddable":true,"href":"https:\/\/www.enerjigazetesi.ist\/en\/wp-json\/wp\/v2\/tags?post=167710"}],"curies":[{"name":"wp","href":"https:\/\/api.w.org\/{rel}","templated":true}]}}