{"id":167655,"date":"2023-01-21T13:51:24","date_gmt":"2023-01-21T10:51:24","guid":{"rendered":"https:\/\/www.enerjigazetesi.ist\/?p=167655"},"modified":"2023-01-21T13:53:41","modified_gmt":"2023-01-21T10:53:41","slug":"soke-undan-gunes-enerji-santrali-yatirimi","status":"publish","type":"post","link":"https:\/\/www.enerjigazetesi.ist\/en\/soke-undan-gunes-enerji-santrali-yatirimi\/","title":{"rendered":"(Turkish) S\u00f6ke Un\u2019dan G\u00fcne\u015f Enerji Santrali Yat\u0131r\u0131m\u0131"},"content":{"rendered":"<p class=\"qtranxs-available-languages-message qtranxs-available-languages-message-en\">Sorry, this entry is only available in <a href=\"https:\/\/www.enerjigazetesi.ist\/tr\/wp-json\/wp\/v2\/posts\/167655\" class=\"qtranxs-available-language-link qtranxs-available-language-link-tr\" title=\"Turkish\">Turkish<\/a>. For the sake of viewer convenience, the content is shown below in the alternative language. You may click the link to switch the active language.<\/p><p><\/p>\n<h2>Halka arz gelirinin\u00a0<strong>65%<\/strong>\u2019ini \u015firketin gelece\u011fe y\u00f6nelik yat\u0131r\u0131mlar\u0131 i\u00e7in kullanmaya karar veren S\u00f6ke Un\u2019dan G\u00fcne\u015f Enerji Santrali (GES) projesine y\u00f6nelik bir a\u00e7\u0131klama<img loading=\"lazy\" class=\"alignright wp-image-167660\" src=\"https:\/\/www.enerjigazetesi.ist\/wp-content\/uploads\/2023\/01\/soke-undan-gunes-enerji-santrali-yatirimi.jpg\" alt=\"\" width=\"320\" height=\"240\" srcset=\"https:\/\/www.enerjigazetesi.ist\/wp-content\/uploads\/2023\/01\/soke-undan-gunes-enerji-santrali-yatirimi.jpg 550w, https:\/\/www.enerjigazetesi.ist\/wp-content\/uploads\/2023\/01\/soke-undan-gunes-enerji-santrali-yatirimi-300x225.jpg 300w, https:\/\/www.enerjigazetesi.ist\/wp-content\/uploads\/2023\/01\/soke-undan-gunes-enerji-santrali-yatirimi-500x375.jpg 500w, https:\/\/www.enerjigazetesi.ist\/wp-content\/uploads\/2023\/01\/soke-undan-gunes-enerji-santrali-yatirimi-67x50.jpg 67w\" sizes=\"(max-width: 320px) 100vw, 320px\" \/> yap\u0131ld\u0131.<\/h2>\n<p>S\u00f6ke Un,<strong> Ayd\u0131n &#8211; S\u00f6ke ve Ankara &#8211; Sincan\u2019da<\/strong> bulunan fabrikalar\u0131n\u0131n enerji ihtiya\u00e7lar\u0131n\u0131 kar\u015f\u0131lamak i\u00e7in <strong>Konya<\/strong>\u2019da\u00a0<strong>8000 kWe\u00a0<\/strong>g\u00fcc\u00fcnde\u00a0<strong>g\u00fcne\u015f enerjisi santrali\u00a0<\/strong>kuracak olup gerekli yasal izinler i\u00e7in resmi kurum ve kurulu\u015flara ba\u015fvurusunu da yapt\u0131.<\/p>\n<p><strong>16 Ocak 2023<\/strong> tarihinde tesis kurulum s\u00f6zle\u015fmesi de yapan S\u00f6ke De\u011firmencilik A.\u015e (S\u00f6ke Un) Kamuyu Ayd\u0131nlatma Platformu (KAP) \u00fczerinden yapt\u0131\u011f\u0131 a\u00e7\u0131klamada projenin <strong>2023<\/strong> y\u0131l\u0131n\u0131n son \u00e7eyre\u011finde faaliyete ge\u00e7ece\u011fini bildirdi.<\/p>\n<p>\u00dcretim tesislerinin enerji t\u00fcketiminin\u00a0<strong>68%\u2019ini\u00a0<\/strong>bu projeyle kar\u015f\u0131layacak olan S\u00f6ke Un, yat\u0131r\u0131m\u0131\u00a0<strong>halka arz\u00a0<\/strong>gelirlerinden finanse edecek.<\/p>\n<p>Kaynak: <a href=\"https:\/\/www.getmidas.com\/midasin-kulaklari\/yatirim-haberi-soke-undan-gunes-enerji-santrali-yatirimi-p-17017\/\" target=\"_blank\" rel=\"nofollow noopener\">getmidas<\/a><\/p>","protected":false},"excerpt":{"rendered":"<p>Sorry, this entry is only available in Turkish. For the sake of viewer convenience, the content is shown below in the alternative language. You may click the link to switch the active language. Halka arz gelirinin\u00a065%\u2019ini \u015firketin gelece\u011fe y\u00f6nelik yat\u0131r\u0131mlar\u0131 i\u00e7in kullanmaya karar veren S\u00f6ke Un\u2019dan G\u00fcne\u015f Enerji Santrali (GES) projesine y\u00f6nelik bir a\u00e7\u0131klama yap\u0131ld\u0131. [&hellip;]<\/p>\n","protected":false},"author":1,"featured_media":167660,"comment_status":"open","ping_status":"open","sticky":false,"template":"","format":"standard","meta":[],"categories":[51,53,49],"tags":[2674,7179,18,2326,7440,29013,6014,13,2569,2441,98687,107308,107307,6854],"views":181,"_links":{"self":[{"href":"https:\/\/www.enerjigazetesi.ist\/en\/wp-json\/wp\/v2\/posts\/167655"}],"collection":[{"href":"https:\/\/www.enerjigazetesi.ist\/en\/wp-json\/wp\/v2\/posts"}],"about":[{"href":"https:\/\/www.enerjigazetesi.ist\/en\/wp-json\/wp\/v2\/types\/post"}],"author":[{"embeddable":true,"href":"https:\/\/www.enerjigazetesi.ist\/en\/wp-json\/wp\/v2\/users\/1"}],"replies":[{"embeddable":true,"href":"https:\/\/www.enerjigazetesi.ist\/en\/wp-json\/wp\/v2\/comments?post=167655"}],"version-history":[{"count":0,"href":"https:\/\/www.enerjigazetesi.ist\/en\/wp-json\/wp\/v2\/posts\/167655\/revisions"}],"wp:featuredmedia":[{"embeddable":true,"href":"https:\/\/www.enerjigazetesi.ist\/en\/wp-json\/wp\/v2\/media\/167660"}],"wp:attachment":[{"href":"https:\/\/www.enerjigazetesi.ist\/en\/wp-json\/wp\/v2\/media?parent=167655"}],"wp:term":[{"taxonomy":"category","embeddable":true,"href":"https:\/\/www.enerjigazetesi.ist\/en\/wp-json\/wp\/v2\/categories?post=167655"},{"taxonomy":"post_tag","embeddable":true,"href":"https:\/\/www.enerjigazetesi.ist\/en\/wp-json\/wp\/v2\/tags?post=167655"}],"curies":[{"name":"wp","href":"https:\/\/api.w.org\/{rel}","templated":true}]}}