{"id":16764,"date":"2013-10-23T14:43:13","date_gmt":"2013-10-23T11:43:13","guid":{"rendered":"https:\/\/www.enerjigazetesi.ist\/?p=16764"},"modified":"2013-10-23T14:43:17","modified_gmt":"2013-10-23T11:43:17","slug":"yaz-saati-uygulamasi-bu-haftasonu-sona-eriyor-saatler-geri-alinacak","status":"publish","type":"post","link":"https:\/\/www.enerjigazetesi.ist\/en\/yaz-saati-uygulamasi-bu-haftasonu-sona-eriyor-saatler-geri-alinacak\/","title":{"rendered":"(Turkish) Yaz Saati Uygulamas\u0131 Bu Haftasonu Sona Eriyor, Saatler Geri Al\u0131nacak!"},"content":{"rendered":"<p class=\"qtranxs-available-languages-message qtranxs-available-languages-message-en\">Sorry, this entry is only available in <a href=\"https:\/\/www.enerjigazetesi.ist\/tr\/wp-json\/wp\/v2\/posts\/16764\" class=\"qtranxs-available-language-link qtranxs-available-language-link-tr\" title=\"Turkish\">Turkish<\/a>. For the sake of viewer convenience, the content is shown below in the alternative language. You may click the link to switch the active language.<\/p><p><strong>Yaz saati uygulamas\u0131n\u0131n sona ermesiyle 27 Ekim 2013 Pazar g\u00fcn\u00fc saatler 04.00&#8217;ten itibaren 1 saat geri al\u0131nacak- \u0130lkbaharda ba\u015flay\u0131p sonbahar\u0131n ortas\u0131nda biten 7 ayl\u0131k uygulama ile yakla\u015f\u0131k 800 milyon-1 milyar kilovat saat aras\u0131nda elektrik tasarrufu yap\u0131ld\u0131\u011f\u0131 tahmin ediliyor- Bu tasarruf miktar\u0131 orta \u00f6l\u00e7ekli bir hidroelektrik santralin y\u0131ll\u0131k \u00fcretimine kar\u015f\u0131l\u0131k geliyor.<\/strong><\/p>\n<p>Yaz saati uygulamas\u0131n\u0131n sona ermesiyle <strong>27 Ekim 2013 Pazar g\u00fcn\u00fc<\/strong> saatler <strong>04.00&#8217;ten<\/strong> itibaren<strong> 1 saat geri al\u0131nacak<\/strong>. \u0130lkbaharda ba\u015flay\u0131p sonbahar\u0131n ortas\u0131nda biten 7 ayl\u0131k uygulama ile 800 milyon-1 milyar kilovat saat aras\u0131nda elektrik tasarrufu yap\u0131ld\u0131\u011f\u0131 tahmin ediliyor. Bu tasarruf miktar\u0131 orta \u00f6l\u00e7ekli bir hidroelektrik santralin y\u0131ll\u0131k \u00fcretimine kar\u015f\u0131l\u0131l\u0131k geliyor.<\/p>\n<p>T\u00fcrkiye, 1925 y\u0131l\u0131nda \u00e7\u0131kar\u0131lan G\u00fcn\u00fcn Yirmi D\u00f6rt Saate Taksimine Dair Kanuna dayal\u0131 olarak 27 Ekim&#8217;de bir kez daha k\u0131\u015f saatine ge\u00e7ecek.<\/p>\n<p>Kanuna dayan\u0131larak 25 Ocak&#8217;ta yay\u0131mlanan Bakanlar Kurulu Karar\u0131 do\u011frultusunda g\u00fcn \u0131\u015f\u0131\u011f\u0131ndan daha fazla yararlanmak amac\u0131yla saatler 31 Mart Pazar g\u00fcn\u00fc saat 03.00&#8217;ten itibaren 1 saat ileri al\u0131n\u0131rken, 27 Ekim 2013 Pazar g\u00fcn\u00fc bu kez saat 04.00&#8217;ten itibaren saatler 1 saat geri al\u0131nacak.<\/p>\n<p>T\u00fcrkiye&#8217;de yaz saati uygulamas\u0131 ilkbaharda ba\u015fl\u0131yor ve sonbahar\u0131n ortas\u0131nda bitiyor. B\u00f6ylece 7 ay s\u00fcresince ileri saat uygulamas\u0131 yap\u0131l\u0131yor. Yani saat i\u00e7in esas al\u0131nan 30 nolu meridyenken 45 nolu meridyen oluyor.<\/p>\n<p>K\u0131\u015f mevsiminin ba\u015flamas\u0131na 1 ay kala ulusal saatlere esas meridyen, 45 nolu meridyen yerine 30 nolu meridyen olarak belirleniyor. Saatlerin geri al\u0131nmas\u0131 ise 5 ay s\u00fcr\u00fcyor.<\/p>\n<p>Saat de\u011fi\u015fiminden beklenen fayda ve tasarruf yaz saati uygulamas\u0131nda ger\u00e7ekle\u015fiyor. B\u00fct\u00fcn bu de\u011fi\u015fimler, yaz saati uygulamas\u0131n\u0131 kullanan ba\u015fta AB \u00fclkeleri olmak \u00fczere di\u011fer \u00fclkelerle beraber yap\u0131l\u0131yor.<\/p>\n<p>\u0130lkbaharda ba\u015flay\u0131p sonbahar\u0131n ortas\u0131nda biten 7 ayl\u0131k uygulama ile bir\u00e7ok etkene ba\u011fl\u0131 olmakla birlikte yakla\u015f\u0131k 800 milyon-1 milyar kilovat saat aras\u0131nda elektrik tasarrufu yap\u0131ld\u0131\u011f\u0131 tahmin ediliyor. Bu tasarruf miktar\u0131 orta \u00f6l\u00e7ekli bir hidroelektrik santralin y\u0131ll\u0131k \u00fcretimine kar\u015f\u0131l\u0131l\u0131k geliyor.<\/p>\n<h4>Politikac\u0131lar s\u0131cak, vatanda\u015flar so\u011fuk bak\u0131yor<a href=\"https:\/\/www.enerjigazetesi.ist\/wp-content\/uploads\/2013\/10\/yaz-saati-uygulamasi-bu-haftasonu-sona-eriyor-saatler-geri-alinacak.jpg\"><img loading=\"lazy\" class=\"alignright size-medium wp-image-16765\" title=\"yaz-saati-uygulamasi-bu-haftasonu-sona-eriyor-saatler-geri-alinacak\" src=\"https:\/\/www.enerjigazetesi.ist\/wp-content\/uploads\/2013\/10\/yaz-saati-uygulamasi-bu-haftasonu-sona-eriyor-saatler-geri-alinacak-300x193.jpg\" alt=\"\" width=\"300\" height=\"193\" srcset=\"https:\/\/www.enerjigazetesi.ist\/wp-content\/uploads\/2013\/10\/yaz-saati-uygulamasi-bu-haftasonu-sona-eriyor-saatler-geri-alinacak-300x193.jpg 300w, https:\/\/www.enerjigazetesi.ist\/wp-content\/uploads\/2013\/10\/yaz-saati-uygulamasi-bu-haftasonu-sona-eriyor-saatler-geri-alinacak-77x50.jpg 77w, https:\/\/www.enerjigazetesi.ist\/wp-content\/uploads\/2013\/10\/yaz-saati-uygulamasi-bu-haftasonu-sona-eriyor-saatler-geri-alinacak.jpg 433w\" sizes=\"(max-width: 300px) 100vw, 300px\" \/><\/a><\/h4>\n<p>Ekvatora yak\u0131n \u00fclkelerde y\u0131l boyu g\u00fcn \u0131\u015f\u0131\u011f\u0131ndan faydalan\u0131lan b\u00f6l\u00fcm ya hi\u00e7 de\u011fi\u015fmiyor ya da \u00e7ok az de\u011fi\u015fiyor. Ekvatora uzak \u00fclkelerde ise g\u00fcn \u0131\u015f\u0131\u011f\u0131ndan faydalan\u0131lan zaman dilimi y\u0131l boyu \u00e7ok fazla de\u011fi\u015fiyor. Dolay\u0131s\u0131yla Ekvatora uzak \u00fclkeler y\u0131l i\u00e7erisinde yaz saati uygulamas\u0131 yaparak g\u00fcn \u0131\u015f\u0131\u011f\u0131ndan daha fazla faydalanma yoluna gidiyor.<\/p>\n<p>T\u00fcrkiye, \u0130spanya ile birlikte yaz saati uygulayan AB \u00fclkeleri aras\u0131nda ekvatora en yak\u0131n \u00fclke konumunda bulunuyor. AB \u00fclkelerinin t\u00fcm\u00fcn\u00fcn yaz saati uygulamas\u0131 yapmas\u0131 gerekiyor. AB&#8217;de bu konuda bir direktif bulunuyor.<\/p>\n<p>Ancak uygulaman\u0131n verimlili\u011fi d\u00fcnyada tart\u0131\u015f\u0131lmaya devam ediyor. Politika yap\u0131c\u0131lar uygulaman\u0131n enerji tasarrufu sa\u011flad\u0131\u011f\u0131 i\u00e7in devam\u0131ndan yana tav\u0131r koyarken, vatanda\u015flar saat de\u011fi\u015fikliklerine s\u0131cak bakm\u0131yor. Uygulaman\u0131n verimlili\u011fi bilim d\u00fcnyas\u0131nda da tart\u0131\u015f\u0131l\u0131yor.<\/p>\n<p>Enerji tasarrufu \u00f6zellikle ayd\u0131nlanma i\u00e7in harcanan enerjiden yap\u0131l\u0131yor. Bu ba\u011flamda ileri saat uygulamas\u0131 ile sabah saatleri ak\u015fama kayd\u0131r\u0131l\u0131yor. Is\u0131nma ise beklenen faydada ikinci s\u0131rada yer al\u0131yor.<\/p>\n<p>T\u00fcrkiye&#8217;de ise 1925 y\u0131l\u0131nda 30 derece boylam\u0131n\u0131n ulusal saate esas al\u0131nmas\u0131na karar verildi. 1978-1984 y\u0131llar\u0131 aras\u0131nda ise 45 nolu meridyen ulusal saat i\u00e7in esas al\u0131nd\u0131. 1984 y\u0131l\u0131nda tekrar 30 nolu meridyen ulusal saat i\u00e7in esas al\u0131nmaya ba\u015fland\u0131. Bu karar\u0131n gerek\u00e7esinde, 45 nolu meridyenin kullan\u0131lmas\u0131 ile sa\u011flanan enerji tasarrufunun az oldu\u011fu fakat bankac\u0131l\u0131k ve benzeri i\u015flemlerde Avrupa \u00fclkeleri ile uyum sa\u011flanmas\u0131 gerekti\u011fi ifade edildi. Buna kar\u015f\u0131n do\u011fu \u00fclkeleri ile benzer uyum sorunlar\u0131 daha da artt\u0131.<\/p>\n<p>T\u00fcrkiye&#8217;nin AB&#8217;ye uyum s\u00fcreci uygulaman\u0131n devam\u0131ndaki en \u00f6nemli etken durumunda bulunuyor.<\/p>\n<h4>D\u00fcnya 3&#8217;e ayr\u0131l\u0131yor<\/h4>\n<p>D\u00fcnyada \u00fclkeler y\u0131l\u0131n belli d\u00f6nemlerinde yaz saati uygulamas\u0131 yapmalar\u0131na g\u00f6re 3 farkl\u0131 grup olu\u015fturuyor. Yaz saati uygulamas\u0131nda \u00fclkelerin ve b\u00f6lgelerin izledikleri politikalara g\u00f6re olu\u015fturduklar\u0131 gruplar \u015f\u00f6yle:<\/p>\n<p><strong>Yaz saati uygulayan \u00fclkeler:<\/strong> AB \u00fclkeleri ve ABD, Kanada, Meksika, \u015eili.<\/p>\n<p><strong>Yaz saati uygulamas\u0131n\u0131 hi\u00e7 uygulamayan \u00fclkeler:<\/strong> Venezuela, Tayland, Arap yar\u0131madas\u0131, Orta Afrika k\u0131tas\u0131n\u0131n bir b\u00f6l\u00fcm\u00fc, G\u00fcney Amerika&#8217;n\u0131n baz\u0131 \u00fclkeleri ve baz\u0131 Uzakdo\u011fu \u00fclkeleri.<\/p>\n<p><strong>Yaz saati uygulay\u0131p vazge\u00e7en \u00fclkeler:<\/strong> \u00c7in, Rusya, Japonya,G\u00fcney Kore, Hindistan, Pakistan, Libya, Cezayir, Peru, Orta Asya \u00fclkeleri, Avustralya&#8217;n\u0131n bir k\u0131sm\u0131, Orta ve G\u00fcney Amerika k\u0131tas\u0131ndaki baz\u0131 \u00fclkeler.<\/p>\n<p>Kaynak: <a href=\"http:\/\/haberciniz.biz\/yaz-saati-uygulamasi-sona-eriyor-2348686h.htm\" target=\"_blank\">Haberciniz<\/a><\/p>\n<p>&nbsp;<\/p>","protected":false},"excerpt":{"rendered":"<p>Sorry, this entry is only available in Turkish. For the sake of viewer convenience, the content is shown below in the alternative language. You may click the link to switch the active language.Yaz saati uygulamas\u0131n\u0131n sona ermesiyle 27 Ekim 2013 Pazar g\u00fcn\u00fc saatler 04.00&#8217;ten itibaren 1 saat geri al\u0131nacak- \u0130lkbaharda ba\u015flay\u0131p sonbahar\u0131n ortas\u0131nda biten 7 [&hellip;]<\/p>\n","protected":false},"author":1,"featured_media":16765,"comment_status":"open","ping_status":"open","sticky":false,"template":"","format":"standard","meta":[],"categories":[53],"tags":[104,63,67,1009,165,103,863],"views":552,"_links":{"self":[{"href":"https:\/\/www.enerjigazetesi.ist\/en\/wp-json\/wp\/v2\/posts\/16764"}],"collection":[{"href":"https:\/\/www.enerjigazetesi.ist\/en\/wp-json\/wp\/v2\/posts"}],"about":[{"href":"https:\/\/www.enerjigazetesi.ist\/en\/wp-json\/wp\/v2\/types\/post"}],"author":[{"embeddable":true,"href":"https:\/\/www.enerjigazetesi.ist\/en\/wp-json\/wp\/v2\/users\/1"}],"replies":[{"embeddable":true,"href":"https:\/\/www.enerjigazetesi.ist\/en\/wp-json\/wp\/v2\/comments?post=16764"}],"version-history":[{"count":3,"href":"https:\/\/www.enerjigazetesi.ist\/en\/wp-json\/wp\/v2\/posts\/16764\/revisions"}],"predecessor-version":[{"id":16768,"href":"https:\/\/www.enerjigazetesi.ist\/en\/wp-json\/wp\/v2\/posts\/16764\/revisions\/16768"}],"wp:featuredmedia":[{"embeddable":true,"href":"https:\/\/www.enerjigazetesi.ist\/en\/wp-json\/wp\/v2\/media\/16765"}],"wp:attachment":[{"href":"https:\/\/www.enerjigazetesi.ist\/en\/wp-json\/wp\/v2\/media?parent=16764"}],"wp:term":[{"taxonomy":"category","embeddable":true,"href":"https:\/\/www.enerjigazetesi.ist\/en\/wp-json\/wp\/v2\/categories?post=16764"},{"taxonomy":"post_tag","embeddable":true,"href":"https:\/\/www.enerjigazetesi.ist\/en\/wp-json\/wp\/v2\/tags?post=16764"}],"curies":[{"name":"wp","href":"https:\/\/api.w.org\/{rel}","templated":true}]}}