{"id":167595,"date":"2023-01-20T14:17:25","date_gmt":"2023-01-20T11:17:25","guid":{"rendered":"https:\/\/www.enerjigazetesi.ist\/?p=167595"},"modified":"2023-01-20T14:29:25","modified_gmt":"2023-01-20T11:29:25","slug":"hayata-iyi-bakariz-ekolojik-okuryazarlik-sosyal-sorumluluk-projesi-basliyor","status":"publish","type":"post","link":"https:\/\/www.enerjigazetesi.ist\/en\/hayata-iyi-bakariz-ekolojik-okuryazarlik-sosyal-sorumluluk-projesi-basliyor\/","title":{"rendered":"(Turkish) &#8221;Hayata \u0130yi Bakar\u0131z&#8221; Ekolojik Okuryazarl\u0131k Sosyal Sorumluluk Projesi Ba\u015fl\u0131yor"},"content":{"rendered":"<p class=\"qtranxs-available-languages-message qtranxs-available-languages-message-en\">Sorry, this entry is only available in <a href=\"https:\/\/www.enerjigazetesi.ist\/tr\/wp-json\/wp\/v2\/posts\/167595\" class=\"qtranxs-available-language-link qtranxs-available-language-link-tr\" title=\"Turkish\">Turkish<\/a>. For the sake of viewer convenience, the content is shown below in the alternative language. You may click the link to switch the active language.<\/p><p><\/p>\n<h2><strong>Hayat Holding, \u2018Nesiller boyu fayda\u2019 vizyonunu, \u2018Hayata \u0130yi Bakar\u0131z\u2019 mottosu ile benimseyerek, s\u00fcrd\u00fcr\u00fclebilirlik \u00e7al\u0131\u015fmalar\u0131 \u00e7er\u00e7evesinde yepyeni bir sosyal sorumluluk projesine imza at\u0131yor. T.C. Milli E\u011fitim Bakanl\u0131\u011f\u0131 i\u015f birli\u011finde hayata ge\u00e7en Ekolojik Okuryazarl\u0131k E\u011fitim Projesi, T\u00fcrkiye genelinde ilkokul 3. ve 4. s\u0131n\u0131f \u00f6\u011frencileri ile \u00f6\u011fretmen ve velilerin, ekolojik okuryazarl\u0131k d\u00fczeylerini art\u0131rmay\u0131 hedefliyor.<\/strong><\/h2>\n<p>T\u00fcrkiye dahil olmak \u00fczere, bulundu\u011fu t\u00fcm co\u011frafyalarda sosyal fayda projelerine imza atan Hayat Holding, \u201cHayata \u0130yi Bakar\u0131z\u201d Ekolojik Okuryazarl\u0131k Projesi\u2019ni d\u00fczenledi\u011fi bir bas\u0131n toplant\u0131s\u0131yla duyurdu. Hayat Holding Y\u00f6netim Kurulu Ba\u015fkan Yard\u0131mc\u0131s\u0131 ve \u0130cra Kurulu Ba\u015fkan\u0131 M. Avni Ki\u011f\u0131l\u0131\u2019n\u0131n a\u00e7\u0131l\u0131\u015f konu\u015fmas\u0131n\u0131 ger\u00e7ekle\u015ftirdi\u011fi toplant\u0131da, T.C. Milli E\u011fitim Bakan Yard\u0131mc\u0131s\u0131 Prof. Dr. Petek <img loading=\"lazy\" class=\"alignright wp-image-167598\" src=\"https:\/\/www.enerjigazetesi.ist\/wp-content\/uploads\/2023\/01\/1674209580_HayatHolding_MEB.jpg\" alt=\"\" width=\"320\" height=\"250\" srcset=\"https:\/\/www.enerjigazetesi.ist\/wp-content\/uploads\/2023\/01\/1674209580_HayatHolding_MEB.jpg 550w, https:\/\/www.enerjigazetesi.ist\/wp-content\/uploads\/2023\/01\/1674209580_HayatHolding_MEB-300x234.jpg 300w, https:\/\/www.enerjigazetesi.ist\/wp-content\/uploads\/2023\/01\/1674209580_HayatHolding_MEB-500x390.jpg 500w, https:\/\/www.enerjigazetesi.ist\/wp-content\/uploads\/2023\/01\/1674209580_HayatHolding_MEB-64x50.jpg 64w\" sizes=\"(max-width: 320px) 100vw, 320px\" \/>A\u015fkar\u2019da kapan\u0131\u015f konu\u015fmas\u0131 ger\u00e7ekle\u015ftirdi. \u201cEkolojik Okuryazar Nesiller\u201d ba\u015fl\u0131\u011f\u0131 alt\u0131nda d\u00fczenlenen panel b\u00f6l\u00fcm\u00fcnde ise, <em>Hacettepe \u00dcniversitesi Fen Fak\u00fcltesi Biyoloji B\u00f6l\u00fcm\u00fc \u00d6\u011fretim \u00dcyesi Prof. Dr. Utku Perkta\u015f, Hacettepe \u00dcniversitesi Sa\u011fl\u0131k Bilimleri Fak\u00fcltesi \u00c7ocuk Geli\u015fimi B\u00f6l\u00fcm\u00fc \u00d6\u011fretim \u00dcyesi Prof. Dr. P\u0131nar Bayhan ve Mimar Sinan G\u00fczel Sanatlar \u00dcniversitesi E\u011fitim Bilimleri B\u00f6l\u00fcm\u00fc \u00d6\u011fretim \u00dcyesi Dr. Bengisu Koyuncu<\/em> panelist olarak yer ald\u0131.<\/p>\n<p><strong>\u0130klim de\u011fi\u015fikli\u011fi fark\u0131ndal\u0131\u011f\u0131na<\/strong> katk\u0131da bulunma, gezegendeki kaynaklar\u0131n k\u0131tl\u0131\u011f\u0131na dikkat \u00e7ekme, <strong>kaynaklar\u0131 koruma<\/strong> ve <strong>bilin\u00e7li t\u00fcketmeye<\/strong> y\u00f6nelik davran\u0131\u015flar\u0131 geli\u015ftirme hedefiyle yola \u00e7\u0131kan \u201cHayata \u0130yi Bakar\u0131z\u201d Ekolojik Okuryazarl\u0131k Projesi, oyun ve g\u00f6rsel aktivitelerle zenginle\u015ftirilmi\u015f m\u00fcfredata uygun i\u00e7erikleriyle, daha iyi bir d\u00fcnya i\u00e7in <strong>\u00e7ocuklar\u0131 erken ya\u015fta e\u011fiterek<\/strong> fark\u0131ndal\u0131klar\u0131n\u0131 art\u0131rmay\u0131 ama\u00e7l\u0131yor.<\/p>\n<p>\u201cHayata \u0130yi Bakar\u0131z\u201d Ekolojik Okuryazarl\u0131k Projesi\u2019nin tan\u0131t\u0131m toplant\u0131s\u0131na kat\u0131lan <strong>T.C. Milli E\u011fitim Bakan Yard\u0131mc\u0131s\u0131 Prof. Dr. Petek A\u015fkar<\/strong>, projenin \u00f6nemiyle ilgili \u015funlar\u0131 s\u00f6yledi: <em>\u201cH\u00fck\u00fbmetler aras\u0131<strong> \u0130klim De\u011fi\u015fikli\u011fi Paneli\u2019nin ara\u015ft\u0131rmalar\u0131<\/strong>na g\u00f6re <strong>iklim krizi kap\u0131m\u0131zda<\/strong>. D\u00fcnyam\u0131z\u0131n ve canl\u0131lar\u0131n ya\u015famlar\u0131na sa\u011fl\u0131kl\u0131 \u015fekilde devam etmesi i\u00e7in bu durumu yava\u015flatmak ve tersine \u00e7evirmek i\u00e7in \u00fcst\u00fcm\u00fcze b\u00fcy\u00fck sorumluluklar d\u00fc\u015f\u00fcyor. Bunun en \u00f6nemli yollar\u0131ndan biri \u015f\u00fcphesiz gelece\u011fimiz olan \u00e7ocuklar\u0131 <strong>bilin\u00e7li, fark\u0131ndal\u0131\u011f\u0131 y\u00fcksek, ekolojik duyarl\u0131l\u0131klar\u0131<\/strong> olan bireyler yeti\u015ftirmekten ge\u00e7iyor. Mill\u00ee E\u011fitim Bakanl\u0131\u011f\u0131&#8217;m\u0131z <strong>s\u00fcrd\u00fcr\u00fclebilirlik, \u00e7evre bilincine<\/strong> y\u00f6nelik <strong>tutum<\/strong> ve<strong> davran\u0131\u015flar\u0131<\/strong> geli\u015ftirmede \u00e7ocuklara, gen\u00e7lere ve e\u011fitimcilere y\u00f6nelik \u00f6nemli ad\u0131mlar at\u0131yor. Bu e\u011fitimlerle bizden sonra, \u00e7ocuklar\u0131m\u0131z\u0131n d\u00fcnyam\u0131z i\u00e7in en faydal\u0131 kararlar\u0131 verebilecek ve do\u011fru ad\u0131mlar atabilecek olgunlu\u011fa eri\u015feceklerine inan\u0131yoruz. Bu do\u011frultuda \u2018Hayata \u0130yi Bakar\u0131z\u2019 Ekolojik Okuryazarl\u0131k Projesi, \u00e7ocuklara erken ya\u015fta \u00e7evre bilinci kazand\u0131rarak fark\u0131ndal\u0131k yaratma konusunda \u00e7ok k\u0131ymetli bir proje. <strong>\u0130lkokul 3. ve 4. s\u0131n\u0131f \u00f6\u011frencilerine<\/strong> y\u00f6nelik, uzman isimlerle titizlikle haz\u0131rlanm\u0131\u015f bu e\u011fitimin \u00e7ocuklar\u0131m\u0131za katk\u0131s\u0131 olaca\u011f\u0131na inanc\u0131m tam.\u201d<\/em><\/p>\n<h3><strong>\u201c\u0130\u015f d\u00fcnyas\u0131n\u0131 ekolojik okuryazarl\u0131k e\u011fitim projesinin bir par\u00e7as\u0131 olmaya davet ediyoruz\u201d<\/strong><\/h3>\n<p>A\u00e7\u0131l\u0131\u015f konu\u015fmas\u0131n\u0131 ger\u00e7ekle\u015ftiren <strong>Hayat Holding Y\u00f6netim Kurulu Ba\u015fkan Yard\u0131mc\u0131s\u0131 ve \u0130cra Kurulu Ba\u015fkan\u0131 M. Avni Ki\u011f\u0131l\u0131,\u00a0<\/strong>vizyonlar\u0131n\u0131 \u201cNesiller boyu fayda sa\u011flamak\u201d temas\u0131 \u00fczerine dayand\u0131rd\u0131klar\u0131n\u0131 ve t\u00fcm faaliyetlerini <strong>karbon ayak izini en aza indirme gayesiyle<\/strong> ger\u00e7ekle\u015ftirdiklerini ifade ederek \u015funlar\u0131 s\u00f6yledi:<\/p>\n<p><em>\u201cHayat Holding olarak <strong>s\u00fcrd\u00fcr\u00fclebilirli\u011fi, sadece \u00e7evre olarak de\u011fil, insan kayna\u011f\u0131ndan verimlili\u011fe<\/strong> olduk\u00e7a geni\u015f bir kapsamda ele al\u0131yor, i\u015f s\u00fcre\u00e7lerimizi buna g\u00f6re d\u00fczenliyoruz. <strong>Enerji verimlili\u011fi<\/strong> ve <strong>kaynaklar\u0131n etkin kullan\u0131m\u0131<\/strong> konusunda att\u0131\u011f\u0131m\u0131z ad\u0131mlar bunun somut g\u00f6stergesi. Ancak kurumlar\u0131n sadece kendini d\u00f6n\u00fc\u015ft\u00fcrmesi yeterli de\u011fil. \u00a0Toplumun d\u00f6n\u00fc\u015f\u00fcm\u00fcne hizmet eden, iyili\u011fin nesilden nesile aktar\u0131ld\u0131\u011f\u0131 uzun vadeli, kal\u0131c\u0131 ve s\u00fcrd\u00fcr\u00fclebilir projelere imza atmak \u00e7ok \u00f6nemli. Hayata \u0130yi Bakar\u0131z <strong>Ekolojik Okuryazarl\u0131k Projesi<\/strong>\u2019nin \u00e7\u0131k\u0131\u015f noktas\u0131 budur. Yar\u0131n\u0131n d\u00fcnyas\u0131, iklim fark\u0131ndal\u0131\u011f\u0131 y\u00fcksek bir nesle ihtiya\u00e7 duyacakt\u0131r. \u00c7ocuklara erken ya\u015ftan itibaren yap\u0131lan her yat\u0131r\u0131m, sadece \u00e7ocu\u011fun ya\u015fam\u0131n\u0131 d\u00f6n\u00fc\u015ft\u00fcrmekle kalmayarak, bilin\u00e7li ku\u015faklar\u0131n ya\u015fam s\u00fcrd\u00fc\u011f\u00fc refah i\u00e7inde bir d\u00fcnya anlam\u0131na geliyor. Bu nedenle t\u00fcm i\u015f d\u00fcnyas\u0131n\u0131 buradan <strong>ekolojik okuryazarl\u0131k e\u011fitimlerinin<\/strong> bir par\u00e7as\u0131 olmaya davet ediyorum. Birimiz de\u011fil, hepimiz Hayata iyi bakal\u0131m\u2026\u201d<\/em><\/p>\n<p>\u201cHayata \u0130yi Bakar\u0131z\u201d Ekolojik Okuryazarl\u0131k projesinin i\u00e7erik kurulunda yer alan Hacettepe \u00dcniversitesi Biyoloji B\u00f6l\u00fcm\u00fc \u00d6\u011fretim \u00dcyesi <strong>Prof. Dr. Utku Perkta\u015f<\/strong> da projenin i\u00e7erik ve \u00f6nemi ile ilgili \u015funlar\u0131 s\u00f6yledi:<\/p>\n<p><em>\u201c\u00d6zellikle ilk\u00f6\u011fretim seviyesindeki \u00e7ocuklara <strong>biyo\u00e7e\u015fitlilik<\/strong> ve <strong>iklim de\u011fi\u015fimi<\/strong> kavramlar\u0131na ili\u015fkin bilgilerin ula\u015fmas\u0131 yak\u0131n gelecekte kar\u015f\u0131 kar\u015f\u0131ya kalaca\u011f\u0131m\u0131z \u00e7evre problemlerine kar\u015f\u0131 olumlu katk\u0131 sa\u011flayacakt\u0131r.\u201d<\/em><\/p>\n<p>\u00d6\u011fretmenlerin ekolojik okuryazarl\u0131k e\u011fitimi konusunda projeye katk\u0131 sa\u011flayan Mimar Sinan G\u00fczel Sanatlar \u00dcniversitesi E\u011fitim Bilimleri B\u00f6l\u00fcm\u00fc \u00d6\u011fretim \u00dcyesi <strong>Bengisu Koyuncu<\/strong> da konu\u015fmas\u0131nda \u015funlara de\u011findi: <em>\u201cYa\u015fad\u0131\u011f\u0131m\u0131z \u00e7evrenin korunmas\u0131, \u00e7evre fark\u0131ndal\u0131\u011f\u0131 gibi sosyal konular\u0131 disiplinler aras\u0131 b\u00fct\u00fcnde verebilecek en etkili \u00f6\u011frenme d\u00fczeyi ilkokuldur ve bu da ilkokul \u00f6\u011fretmenleri taraf\u0131ndan verilebilir.\u201d<\/em><\/p>\n<p>\u00c7ocuklar\u0131n \u00f6\u011frenmesinde oyunun \u00f6nemini vurgulayan Hacettepe \u00dcniversitesi \u00c7ocuk Geli\u015fimi B\u00f6l\u00fcm\u00fc \u00d6\u011fretim \u00dcyesi <strong>Prof. Dr. P\u0131nar Bayhan<\/strong> ise \u015f\u00f6yle dedi:<\/p>\n<p><em>\u201c\u00c7ocuklar\u0131n, ekolojik okuryazarl\u0131k konular\u0131n\u0131 ya\u015flar\u0131na g\u00f6re oyun yoluyla \u00f6\u011frenmeleri, bu \u00f6\u011frenimin i\u00e7selle\u015ftirilmesi ve kal\u0131c\u0131 olmas\u0131 ad\u0131na en verimli ara\u00e7t\u0131r. \u00d6zellikle ailelerin de projede yer almas\u0131, aile i\u00e7inde oyun kurarak \u00f6\u011frenime katk\u0131 sa\u011flayacakt\u0131r.\u201d<\/em><\/p>","protected":false},"excerpt":{"rendered":"<p>Sorry, this entry is only available in Turkish. For the sake of viewer convenience, the content is shown below in the alternative language. You may click the link to switch the active language. Hayat Holding, \u2018Nesiller boyu fayda\u2019 vizyonunu, \u2018Hayata \u0130yi Bakar\u0131z\u2019 mottosu ile benimseyerek, s\u00fcrd\u00fcr\u00fclebilirlik \u00e7al\u0131\u015fmalar\u0131 \u00e7er\u00e7evesinde yepyeni bir sosyal sorumluluk projesine imza at\u0131yor. [&hellip;]<\/p>\n","protected":false},"author":1,"featured_media":167599,"comment_status":"open","ping_status":"open","sticky":false,"template":"","format":"standard","meta":[],"categories":[53,52],"tags":[2530,40039,107295,1999,1296,793],"views":57,"_links":{"self":[{"href":"https:\/\/www.enerjigazetesi.ist\/en\/wp-json\/wp\/v2\/posts\/167595"}],"collection":[{"href":"https:\/\/www.enerjigazetesi.ist\/en\/wp-json\/wp\/v2\/posts"}],"about":[{"href":"https:\/\/www.enerjigazetesi.ist\/en\/wp-json\/wp\/v2\/types\/post"}],"author":[{"embeddable":true,"href":"https:\/\/www.enerjigazetesi.ist\/en\/wp-json\/wp\/v2\/users\/1"}],"replies":[{"embeddable":true,"href":"https:\/\/www.enerjigazetesi.ist\/en\/wp-json\/wp\/v2\/comments?post=167595"}],"version-history":[{"count":1,"href":"https:\/\/www.enerjigazetesi.ist\/en\/wp-json\/wp\/v2\/posts\/167595\/revisions"}],"predecessor-version":[{"id":167596,"href":"https:\/\/www.enerjigazetesi.ist\/en\/wp-json\/wp\/v2\/posts\/167595\/revisions\/167596"}],"wp:featuredmedia":[{"embeddable":true,"href":"https:\/\/www.enerjigazetesi.ist\/en\/wp-json\/wp\/v2\/media\/167599"}],"wp:attachment":[{"href":"https:\/\/www.enerjigazetesi.ist\/en\/wp-json\/wp\/v2\/media?parent=167595"}],"wp:term":[{"taxonomy":"category","embeddable":true,"href":"https:\/\/www.enerjigazetesi.ist\/en\/wp-json\/wp\/v2\/categories?post=167595"},{"taxonomy":"post_tag","embeddable":true,"href":"https:\/\/www.enerjigazetesi.ist\/en\/wp-json\/wp\/v2\/tags?post=167595"}],"curies":[{"name":"wp","href":"https:\/\/api.w.org\/{rel}","templated":true}]}}