{"id":167544,"date":"2023-01-20T11:22:31","date_gmt":"2023-01-20T08:22:31","guid":{"rendered":"https:\/\/www.enerjigazetesi.ist\/?p=167544"},"modified":"2023-01-20T11:22:31","modified_gmt":"2023-01-20T08:22:31","slug":"tuketimi-8-milyar-tonu-gecen-komurun-gelecegi-zirvede-tartisilacak","status":"publish","type":"post","link":"https:\/\/www.enerjigazetesi.ist\/en\/tuketimi-8-milyar-tonu-gecen-komurun-gelecegi-zirvede-tartisilacak\/","title":{"rendered":"(Turkish) T\u00fcketimi 8 Milyar Tonu Ge\u00e7en K\u00f6m\u00fcr\u00fcn Gelece\u011fi Zirve&#8217;de Tart\u0131\u015f\u0131lacak"},"content":{"rendered":"<p class=\"qtranxs-available-languages-message qtranxs-available-languages-message-en\">Sorry, this entry is only available in <a href=\"https:\/\/www.enerjigazetesi.ist\/tr\/wp-json\/wp\/v2\/posts\/167544\" class=\"qtranxs-available-language-link qtranxs-available-language-link-tr\" title=\"Turkish\">Turkish<\/a>. For the sake of viewer convenience, the content is shown below in the alternative language. You may click the link to switch the active language.<\/p><p><\/p>\n<h2><strong>Enerji ve Tabii Kaynaklar Bakanl\u0131\u011f\u0131\u2019n\u0131n deste\u011fiyle d\u00fczenlenen 4. Temiz K\u00f6m\u00fcr Teknolojileri Zirvesi, k\u00f6m\u00fcr kaynaklar\u0131n\u0131n enerji politikalar\u0131ndaki bug\u00fcn\u00fcn\u00fc ve gelece\u011fini masaya yat\u0131racak. Uluslararas\u0131 uzmanlar elektrik \u00fcretiminde talep art\u0131\u015f\u0131 ya\u015fayan ve t\u00fcketimi 2022<\/strong><strong>\u2019<\/strong><strong>de 8 milyar tonu ge\u00e7en k\u00f6m\u00fcr\u00fc konu\u015fmak \u00fczere Ankara<\/strong><strong>\u2019<\/strong><strong>da bulu\u015facak.<\/strong><\/h2>\n<p>Enerji krizinin ekonomileri sarst\u0131\u011f\u0131 d\u00f6nemde k\u00f6m\u00fcr\u00fcn bug\u00fcn\u00fcne ve gelece\u011fine ili\u015fkin politikalar\u0131 masaya yat\u0131rmak \u00fczere <strong>T\u00fcrkiye K\u00f6m\u00fcr \u00dcreticileri Derne\u011fi (K\u00d6M\u00dcRDER)<\/strong> taraf\u0131ndan 21-22 \u015eubat 2023 tarihlerinde Ankara\u2019da <strong>4. Temiz K\u00f6m\u00fcr Teknolojileri Zirvesi<\/strong> d\u00fczenlenecek. Enerji ve Tabii Kaynaklar Bakanl\u0131\u011f\u0131\u2019n\u0131n deste\u011fiyle D\u00fcnya K\u00f6m\u00fcr Derne\u011fi\u2019nin uluslararas\u0131 partnerli\u011finde <img loading=\"lazy\" class=\"alignright wp-image-167548\" src=\"https:\/\/www.enerjigazetesi.ist\/wp-content\/uploads\/2023\/01\/1674199746_komurder_baskani_dr_hasan_huseyin_erdogan_2.jpg\" alt=\"\" width=\"320\" height=\"214\" srcset=\"https:\/\/www.enerjigazetesi.ist\/wp-content\/uploads\/2023\/01\/1674199746_komurder_baskani_dr_hasan_huseyin_erdogan_2.jpg 550w, https:\/\/www.enerjigazetesi.ist\/wp-content\/uploads\/2023\/01\/1674199746_komurder_baskani_dr_hasan_huseyin_erdogan_2-300x200.jpg 300w, https:\/\/www.enerjigazetesi.ist\/wp-content\/uploads\/2023\/01\/1674199746_komurder_baskani_dr_hasan_huseyin_erdogan_2-500x334.jpg 500w, https:\/\/www.enerjigazetesi.ist\/wp-content\/uploads\/2023\/01\/1674199746_komurder_baskani_dr_hasan_huseyin_erdogan_2-75x50.jpg 75w, https:\/\/www.enerjigazetesi.ist\/wp-content\/uploads\/2023\/01\/1674199746_komurder_baskani_dr_hasan_huseyin_erdogan_2-450x300.jpg 450w\" sizes=\"(max-width: 320px) 100vw, 320px\" \/>ger\u00e7ekle\u015fecek Zirve\u2019de, kamu, \u00f6zel sekt\u00f6r, sivil toplum, \u00fcniversite, AR-GE ve \u0130SG kurulu\u015flar\u0131ndan yerli ve yabanc\u0131 uzmanlar bir araya gelecek.<\/p>\n<h3><strong>Yabanc\u0131 uzmanlar Zirve i\u00e7in Ankara<\/strong><strong>\u2019<\/strong><strong>ya geliyor<\/strong><\/h3>\n<p><em>Uluslararas\u0131 Enerji Ajans\u0131 (IEA), D\u00fcnya K\u00f6m\u00fcr Derne\u011fi (World CoalAssociation), Avrupa K\u00f6m\u00fcr ve Linyit Birli\u011fi\u00a0\u00a0(EURACOAL)\u2019nden uzmanlar<\/em>, d\u00fcnyada k\u00f6m\u00fcr\u00fcn yeniden y\u00fckseli\u015fini ve temiz k\u00f6m\u00fcr teknolojilerindeki son geli\u015fmeleri payla\u015fmak \u00fczere Zirve\u2019ye kat\u0131lacak.<\/p>\n<h3><strong>K\u00f6m\u00fcr t\u00fcketimi 8 milyar tonu ge\u00e7ti<\/strong><\/h3>\n<p><strong>T\u00fcrkiye K\u00f6m\u00fcr \u00dcreticileri Derne\u011fi (K\u00d6M\u00dcRDER) Ba\u015fkan\u0131 Dr. Hasan H\u00fcseyin Erdo\u011fan<\/strong>, <em>\u201cUluslararas\u0131 Enerji Ajans\u0131\u2019n\u0131n (IEA)\u00a0\u2018K\u00f6m\u00fcr 2022\u2019\u00a0raporuna g\u00f6re, 2022\u2019de k\u00fcresel k\u00f6m\u00fcr t\u00fcketiminin \u00f6nceki y\u0131la g\u00f6re y\u00fczde 1,2 artarak tek bir y\u0131lda ilk kez 8 milyar tonu a\u015fmas\u0131yla ge\u00e7en y\u0131l rekor rakamlara ula\u015f\u0131ld\u0131.\u00a0Avrupa\u2019n\u0131n gaz tedarikinde ya\u015fad\u0131\u011f\u0131 riskler\u00a0elektrik \u00fcretiminde kullan\u0131lan k\u00f6m\u00fcr talebinin artmas\u0131nda etkili oldu. Bu yeni geli\u015fmeler k\u00f6m\u00fcr politikalar\u0131n\u0131n yeniden \u015fekillenmesini de gerektiriyor. T\u00fcm d\u00fcnyan\u0131n g\u00f6z\u00fcn\u00fc \u00e7evirdi\u011fi k\u00f6m\u00fcr kaynaklar\u0131n\u0131n gelece\u011fini\u00a04. Temiz K\u00f6m\u00fcr Teknolojileri Zirvesi\u2019nde yabanc\u0131 uzmanlar ve sekt\u00f6r\u00fcm\u00fcz\u00fcn \u00f6nemli temsilcileriyle birlikte masaya yat\u0131raca\u011f\u0131z. Zirve yeni i\u015f birliklerinin de \u00f6n\u00fcn\u00fc a\u00e7acak\u201d<\/em> diye konu\u015ftu.<\/p>\n<p>Zirve hakk\u0131nda detayl\u0131 bilgi almak i\u00e7in <u><a href=\"http:\/\/www.cctsummit.com\" target=\"_blank\" rel=\"noopener\">www.cctsummit.com<\/a><\/u> adresini ziyaret edebilirsiniz.<\/p>","protected":false},"excerpt":{"rendered":"<p>Sorry, this entry is only available in Turkish. For the sake of viewer convenience, the content is shown below in the alternative language. You may click the link to switch the active language. Enerji ve Tabii Kaynaklar Bakanl\u0131\u011f\u0131\u2019n\u0131n deste\u011fiyle d\u00fczenlenen 4. Temiz K\u00f6m\u00fcr Teknolojileri Zirvesi, k\u00f6m\u00fcr kaynaklar\u0131n\u0131n enerji politikalar\u0131ndaki bug\u00fcn\u00fcn\u00fc ve gelece\u011fini masaya yat\u0131racak. Uluslararas\u0131 [&hellip;]<\/p>\n","protected":false},"author":1,"featured_media":167549,"comment_status":"open","ping_status":"open","sticky":false,"template":"","format":"standard","meta":[],"categories":[53,24649],"tags":[80600,2257,107285,105391],"views":71,"_links":{"self":[{"href":"https:\/\/www.enerjigazetesi.ist\/en\/wp-json\/wp\/v2\/posts\/167544"}],"collection":[{"href":"https:\/\/www.enerjigazetesi.ist\/en\/wp-json\/wp\/v2\/posts"}],"about":[{"href":"https:\/\/www.enerjigazetesi.ist\/en\/wp-json\/wp\/v2\/types\/post"}],"author":[{"embeddable":true,"href":"https:\/\/www.enerjigazetesi.ist\/en\/wp-json\/wp\/v2\/users\/1"}],"replies":[{"embeddable":true,"href":"https:\/\/www.enerjigazetesi.ist\/en\/wp-json\/wp\/v2\/comments?post=167544"}],"version-history":[{"count":1,"href":"https:\/\/www.enerjigazetesi.ist\/en\/wp-json\/wp\/v2\/posts\/167544\/revisions"}],"predecessor-version":[{"id":167545,"href":"https:\/\/www.enerjigazetesi.ist\/en\/wp-json\/wp\/v2\/posts\/167544\/revisions\/167545"}],"wp:featuredmedia":[{"embeddable":true,"href":"https:\/\/www.enerjigazetesi.ist\/en\/wp-json\/wp\/v2\/media\/167549"}],"wp:attachment":[{"href":"https:\/\/www.enerjigazetesi.ist\/en\/wp-json\/wp\/v2\/media?parent=167544"}],"wp:term":[{"taxonomy":"category","embeddable":true,"href":"https:\/\/www.enerjigazetesi.ist\/en\/wp-json\/wp\/v2\/categories?post=167544"},{"taxonomy":"post_tag","embeddable":true,"href":"https:\/\/www.enerjigazetesi.ist\/en\/wp-json\/wp\/v2\/tags?post=167544"}],"curies":[{"name":"wp","href":"https:\/\/api.w.org\/{rel}","templated":true}]}}