{"id":167523,"date":"2023-01-19T16:13:10","date_gmt":"2023-01-19T13:13:10","guid":{"rendered":"https:\/\/www.enerjigazetesi.ist\/?p=167523"},"modified":"2023-01-19T16:13:43","modified_gmt":"2023-01-19T13:13:43","slug":"bakan-donmez-filyos-dogalgaz-isleme-tesisinde-incelemede-bulundu","status":"publish","type":"post","link":"https:\/\/www.enerjigazetesi.ist\/en\/bakan-donmez-filyos-dogalgaz-isleme-tesisinde-incelemede-bulundu\/","title":{"rendered":"(Turkish) Bakan D\u00f6nmez &#8216;Filyos Do\u011falgaz \u0130\u015fleme Tesisi&#8217;nde \u0130ncelemede Bulundu"},"content":{"rendered":"<p class=\"qtranxs-available-languages-message qtranxs-available-languages-message-en\">Sorry, this entry is only available in <a href=\"https:\/\/www.enerjigazetesi.ist\/tr\/wp-json\/wp\/v2\/posts\/167523\" class=\"qtranxs-available-language-link qtranxs-available-language-link-tr\" title=\"Turkish\">Turkish<\/a>. For the sake of viewer convenience, the content is shown below in the alternative language. You may click the link to switch the active language.<\/p><p><\/p>\n<h2>Bakan\u00a0D\u00f6nmez, Filyos Do\u011falgaz \u0130\u015fleme Tesisi b\u00f6lgesinde, AK Parti Genel Ba\u015fkan Yard\u0131mc\u0131s\u0131 Hamza Da\u011f, Zonguldak Valisi Mustafa Tutulmaz, AK Parti Zonguldak milletvekilleri Polat T\u00fcrkmen ve Ahmet \u00c7olako\u011flu ile T\u00fcrkiye Petrolleri Anonim Ortakl\u0131\u011f\u0131 (TPAO) Genel M\u00fcd\u00fcr\u00fc Melih Han Bilgin ile bir araya gelerek, yetkililerden \u00e7al\u0131\u015fmalar hakk\u0131nda bilgi ald\u0131.<\/h2>\n<p style=\"text-align: center;\"><img loading=\"lazy\" class=\"aligncenter wp-image-167526\" src=\"https:\/\/www.enerjigazetesi.ist\/wp-content\/uploads\/2023\/01\/bakan-donmez-filyos-dogalgaz-isleme-tesisinde-incelemede-bulundu.jpg\" alt=\"\" width=\"500\" height=\"329\" srcset=\"https:\/\/www.enerjigazetesi.ist\/wp-content\/uploads\/2023\/01\/bakan-donmez-filyos-dogalgaz-isleme-tesisinde-incelemede-bulundu.jpg 550w, https:\/\/www.enerjigazetesi.ist\/wp-content\/uploads\/2023\/01\/bakan-donmez-filyos-dogalgaz-isleme-tesisinde-incelemede-bulundu-300x197.jpg 300w, https:\/\/www.enerjigazetesi.ist\/wp-content\/uploads\/2023\/01\/bakan-donmez-filyos-dogalgaz-isleme-tesisinde-incelemede-bulundu-500x329.jpg 500w, https:\/\/www.enerjigazetesi.ist\/wp-content\/uploads\/2023\/01\/bakan-donmez-filyos-dogalgaz-isleme-tesisinde-incelemede-bulundu-76x50.jpg 76w\" sizes=\"(max-width: 500px) 100vw, 500px\" \/><\/p>\n<p>Bakan D\u00f6nmez, burada yapt\u0131\u011f\u0131 a\u00e7\u0131klamada, en b\u00fcy\u00fck projelerden Karadeniz do\u011fal gaz sahas\u0131nda olduklar\u0131n\u0131 belirterek, tesiste Karadeniz&#8217;den \u00e7\u0131kan gaz\u0131 i\u015flemek \u00fczere kurulmu\u015f in\u015faat\u0131n devam etti\u011fini dile getirdi.<\/p>\n<p>En son 2 hafta \u00f6nce bir grup gazeteciyle buraya geldiklerini hat\u0131rlatan\u00a0D\u00f6nmez, TBMM Enerji Komisyonu \u00fcyelerini a\u011f\u0131rlad\u0131klar\u0131n\u0131 belirtti.<\/p>\n<p>\u00c7al\u0131\u015fmalar hakk\u0131nda bilgi veren\u00a0D\u00f6nmez, <span style=\"text-decoration: underline;\">\u015funlar\u0131 kaydetti:<\/span><\/p>\n<p><em>&#8220;Sahada, o tarihlerde a\u015fa\u011f\u0131 yukar\u0131 y\u00fczde 80 mertebesinde olan karadaki yap\u0131m tesisiyle alakal\u0131 ilerleme oran\u0131 y\u00fczde 90&#8217;lara \u00e7\u0131km\u0131\u015f durumda. Deniz taraf\u0131nda da \u015fu anda 50&#8217;ye a\u015fk\u0131n gemimizde yap\u0131m \u00e7al\u0131\u015fmalar\u0131 devam ediyor. Deniz taban\u0131ndaki montaj \u00e7al\u0131\u015fmalar\u0131 tamamland\u0131. Orada art\u0131k test \u00e7al\u0131\u015fmalar\u0131na ba\u015fl\u0131yoruz. Art\u0131k 100. y\u0131l\u0131m\u0131za da girdik. Daha \u00f6nce de s\u00f6yledi\u011fimiz gibi hedefimiz; bir aksilik \u00e7\u0131kmad\u0131\u011f\u0131 takdirde mart sonuna kadar bu projeyi tamamlay\u0131p Karadeniz&#8217;in alt\u0131ndaki gaz\u0131 milletimize sunmak.&#8221;<\/em><\/p>\n<p>Bakan\u00a0D\u00f6nmez, \u00e7al\u0131\u015fmalar h\u0131zland\u0131k\u00e7a istihdam ettikleri \u00e7al\u0131\u015fan say\u0131s\u0131n\u0131n da do\u011fal olarak art\u0131\u011f\u0131na i\u015faret ederek, \u015f\u00f6yle devam etti:<\/p>\n<p><em>&#8220;O tarihte toplam karada ve denizde 7 bin 500-8 bin ki\u015fi \u00e7al\u0131\u015f\u0131yordu. \u015eu anda sadece karada \u00e7al\u0131\u015fanlar\u0131n say\u0131s\u0131 7 bine yakla\u015ft\u0131 ve 2 bin 500 civar\u0131nda da deniz taraf\u0131nda \u00e7al\u0131\u015fan\u0131m\u0131z var. Onlarla art\u0131k 9-10 bin band\u0131na do\u011fru s\u00fcratle ilerliyoruz. Tam pik d\u00f6nemdeyiz. Art\u0131k yapt\u0131\u011f\u0131m\u0131z \u00e7al\u0131\u015fmalar\u0131n test ve deneme \u00e7al\u0131\u015fmalar\u0131 yap\u0131lacak ve tamamlanacak. Yurt i\u00e7inden ve yurt d\u0131\u015f\u0131ndan bir\u00e7ok uzman, sahada daha fazla hizmet vermeye ba\u015flayacak.&#8221;<\/em><\/p>\n<h3><strong>&#8220;2,5 y\u0131ld\u0131r hummal\u0131 bir \u00e7al\u0131\u015fma var&#8221;<\/strong><\/h3>\n<p>AK Parti Genel Ba\u015fkan Yard\u0131mc\u0131s\u0131 Da\u011f da yakla\u015f\u0131k 2,5 y\u0131ldan beri bu alanda hummal\u0131 bir \u00e7al\u0131\u015fma y\u00fcr\u00fct\u00fcld\u00fc\u011f\u00fcn\u00fc s\u00f6yledi.<\/p>\n<p>Yap\u0131lan testlerin ard\u0131ndan gaz\u0131n milletle bulu\u015faca\u011f\u0131n\u0131 dile getiren Da\u011f, <em>&#8220;Bu a\u015famaya kadar olan hummal\u0131 \u00e7al\u0131\u015fmalar\u0131ndan dolay\u0131 Bakan\u0131m\u0131z\u0131, Bakanl\u0131\u011f\u0131m\u0131z\u0131, TPAO Genel M\u00fcd\u00fcr\u00fcm\u00fcz ve \u00e7al\u0131\u015fanlar\u0131n\u0131 tebrik ediyorum. Bundan sonraki s\u00fcre\u00e7teki \u00e7al\u0131\u015fmalar i\u00e7in de ba\u015far\u0131lar diliyorum.&#8221;<\/em> dedi.<\/p>\n<p>Da\u011f, g\u00fc\u00e7l\u00fc irade, g\u00fc\u00e7l\u00fc liderlik, g\u00fc\u00e7l\u00fc h\u00fckumet sistemi ve g\u00fc\u00e7l\u00fc bir devletin ne anlama geldi\u011fini \u00e7ok net \u015fekilde g\u00f6rd\u00fcklerini vurgulayarak, &#8220;Bu do\u011fal gaz\u0131n \u00e7\u0131kar\u0131l\u0131p milli sisteme getirilmesi, bir milli \u015firket taraf\u0131ndan, TPAO taraf\u0131ndan yap\u0131lmas\u0131 dahi ba\u015fl\u0131 ba\u015f\u0131na ger\u00e7ekten \u00fczerinde durulmas\u0131 gereken, ifade edilmesi gereken bir nokta.&#8221; ifadesini kulland\u0131.<\/p>\n<h3><strong>&#8220;Karadeniz gazi enerjide d\u0131\u015fa ba\u011f\u0131ml\u0131l\u0131\u011f\u0131 azaltacak&#8221;<\/strong><\/h3>\n<p>&#8220;T\u00fcrkiye Y\u00fczy\u0131l\u0131&#8221;na i\u015faret eden Da\u011f, Karadeniz gaz\u0131n\u0131n enerjide d\u0131\u015fa ba\u011f\u0131ml\u0131l\u0131\u011f\u0131 azaltaca\u011f\u0131n\u0131 vurgulayarak, &#8220;Bu, bize \u00e7ok b\u00fcy\u00fck katma de\u011fer sa\u011flayacak. \u00dcretimde bize ciddi anlamda yol sa\u011flayacak bir imkan ortaya koyacak. T\u00fcrkiye Y\u00fczy\u0131l\u0131&#8217;na katk\u0131lar\u0131ndan dolay\u0131 Bakanl\u0131\u011f\u0131m\u0131z\u0131 tebrik ediyorum. Milletimize hay\u0131rl\u0131 olsun diyorum. \u0130n\u015fallah 2023 Mart&#8217;\u0131nda burada a\u00e7\u0131l\u0131\u015f yapmay\u0131 Rabbim bize nasip etsin.&#8221; \u015feklinde konu\u015ftu.<\/p>\n<p>Bakan D\u00f6nmez ve beraberindekiler, daha sonra sahada incelemelerde bulundu.<\/p>\n<h3><strong>Karadeniz gaz\u0131 konutlar\u0131n 33 y\u0131ll\u0131k ihtiyac\u0131n\u0131 kar\u015f\u0131layacak<\/strong><\/h3>\n<p style=\"text-align: center;\"><img loading=\"lazy\" class=\"aligncenter wp-image-167527\" src=\"https:\/\/www.enerjigazetesi.ist\/wp-content\/uploads\/2023\/01\/bakan-donmez-filyos-dogalgaz-isleme-tesisinde-incelemede-bulundu-2.jpg\" alt=\"\" width=\"500\" height=\"280\" srcset=\"https:\/\/www.enerjigazetesi.ist\/wp-content\/uploads\/2023\/01\/bakan-donmez-filyos-dogalgaz-isleme-tesisinde-incelemede-bulundu-2.jpg 550w, https:\/\/www.enerjigazetesi.ist\/wp-content\/uploads\/2023\/01\/bakan-donmez-filyos-dogalgaz-isleme-tesisinde-incelemede-bulundu-2-300x168.jpg 300w, https:\/\/www.enerjigazetesi.ist\/wp-content\/uploads\/2023\/01\/bakan-donmez-filyos-dogalgaz-isleme-tesisinde-incelemede-bulundu-2-500x280.jpg 500w, https:\/\/www.enerjigazetesi.ist\/wp-content\/uploads\/2023\/01\/bakan-donmez-filyos-dogalgaz-isleme-tesisinde-incelemede-bulundu-2-80x45.jpg 80w\" sizes=\"(max-width: 500px) 100vw, 500px\" \/><\/p>\n<p>Bakan D\u00f6nmez inceleme sonras\u0131 Haber T\u00fcrk kanal\u0131nda kat\u0131ld\u0131\u011f\u0131 programda, Sakarya Gaz Sahas\u0131&#8217;na ili\u015fkin geli\u015fmeleri de\u011ferlendirdi.<\/p>\n<p>Sahada 4 y\u0131lda maksimum \u00fcretim seviyesine ula\u015f\u0131lmas\u0131n\u0131n hedeflendi\u011finin alt\u0131n\u0131 \u00e7izen\u00a0D\u00f6nmez, s\u00f6z konusu \u00fcretim sayesinde gaz ithalat\u0131n\u0131n y\u00fczde 30 d\u00fc\u015fece\u011fini s\u00f6yledi.<\/p>\n<p>D\u00f6nmez, yerli gaz\u0131n ithal edilen gaza g\u00f6re daha ekonomik oldu\u011funu belirterek, \u015funlar\u0131 kaydetti:<\/p>\n<p>&#8220;\u015eu anda y\u00fczde 99,3&#8217;\u00fcn\u00fc ithal etti\u011fimiz bir \u00fcr\u00fcnden bahsediyoruz. Biz maksimum \u00fcretime \u00e7\u0131kt\u0131\u011f\u0131m\u0131zdaki \u00f6n\u00fcm\u00fczdeki 4 y\u0131lda 15 ila 20 milyar metrek\u00fcp civar\u0131nda bir gaz \u00fcretimi hedefliyoruz. Bizim ge\u00e7ti\u011fimiz y\u0131l t\u00fcketimimiz 54 milyar metrek\u00fcp civar\u0131nda ger\u00e7ekle\u015fti. Demek ki, bu rakamlar\u0131 a\u015fa\u011f\u0131 yukar\u0131 y\u00fczde 30 seviyesinde oldu\u011funu s\u00f6yleyebiliriz. Bu hesapla y\u00fczde 70&#8217;e d\u00fc\u015ft\u00fc. Bu bizim ilk ke\u015fifle ilgili yani 405 milyar metrek\u00fcpl\u00fck gaza g\u00f6re yapt\u0131\u011f\u0131m\u0131z hesapt\u0131. \u015eimdi toplam rezerv 710 milyar metrek\u00fcpe ula\u015ft\u0131. Bu durumda T\u00fcrkiye&#8217;de konutlarda t\u00fcketilen gaz\u0131 33 y\u0131l bu sahadan sa\u011flayabilecek oldu\u011fumuzu g\u00f6r\u00fcyoruz.&#8221;<\/p>\n<h3><strong>Mart sonu gibi evlere iletilecek<\/strong><\/h3>\n<p>Mart ay\u0131 sonu gibi do\u011fal gaz\u0131n evlere iletilece\u011fini aktaran\u00a0D\u00f6nmez, \u015f\u00f6yle devam etti:<\/p>\n<p>&#8220;\u015eimdi ilk fazda y\u0131ll\u0131k 3,5-4 milyar metrek\u00fcp civar\u0131nda bir gaz \u00fcretimi s\u00f6z konusu. Bir anda b\u00fct\u00fcn kuyular\u0131 a\u00e7maya ve onu \u00fcretime almaya \u00e7al\u0131\u015fsayd\u0131k en az 5 y\u0131la ihtiyac\u0131m\u0131z var. Ama biz 2,5 y\u0131l gibi k\u0131sa bir s\u00fcre i\u00e7inde ilk gaz\u0131 vermek istedi\u011fimiz i\u00e7in ilk fazda on kuyuyla ba\u015flad\u0131k. \u015eimdi ikinci fazda bunu 40 kuyuya tamamlayaca\u011f\u0131z. \u0130lk fazda \u00fcretilecek 3,5-4 milyar metrek\u00fcp de evlerimizde mutfaklarda gaz\u0131n tamam\u0131n\u0131 kar\u015f\u0131l\u0131yor. D\u00f6rt y\u0131l i\u00e7inde de t\u00fcm \u0131s\u0131nma ihtiyac\u0131m\u0131z\u0131 kar\u015f\u0131lar hale gelecek.&#8221;<\/p>\n<h3><strong>BOTA\u015e&#8217;\u0131n gaz bor\u00e7lar\u0131n\u0131n ertelenmesi<\/strong><\/h3>\n<p>D\u00f6nmez, sahada karadaki i\u015fler i\u00e7in yakla\u015f\u0131k 6 bin 500, deniz k\u0131sm\u0131nda da 2 bin 500 ki\u015finin \u00e7al\u0131\u015ft\u0131\u011f\u0131n\u0131 kaydederek, proje s\u00fcresince 18 yabanc\u0131 uyruklu m\u00fchendisin de T\u00fcrk vatanda\u015fl\u0131\u011f\u0131na ge\u00e7ti\u011fini s\u00f6yledi.<\/p>\n<p>Rusya&#8217;n\u0131n Boru Hatlar\u0131 ile Petrol Ta\u015f\u0131ma A\u015e&#8217;nin (BOTA\u015e) bor\u00e7lar\u0131n\u0131 erteledi\u011fine ili\u015fkin konuya da de\u011finen\u00a0D\u00f6nmez, g\u00f6r\u00fc\u015fmelerin devam etti\u011fini dile getirdi.<\/p>\n<p>D\u00f6nmez, herhangi bir ertelemenin s\u00f6z konusu olmad\u0131\u011f\u0131n\u0131 belirterek, <em>&#8220;M\u00fczakereler devam ediyor. Biz bunu Rusya ile \u00e7ok boyutlu g\u00f6r\u00fc\u015f\u00fcyoruz. T\u00fcrkiye&#8217;nin lehine olabilecek maliyet avantajlar\u0131 neyse onlar\u0131 m\u00fczakere edece\u011fiz. Erteleme de dahil bir\u00e7ok konuyu g\u00f6r\u00fc\u015f\u00fcyoruz, \u00fclkenin menfaatine olabilecek hangi husus varsa, \u00f6zellikle maliyetlerle ilgili olarak. Onlar \u015fu anda BOTA\u015e muhatab\u0131 Gazprom ile g\u00f6r\u00fc\u015f\u00fcl\u00fcyor.&#8221;<\/em> ifadelerini kulland\u0131.<\/p>\n<p>Kaynak: <a href=\"https:\/\/enerji.gov.tr\/haber-detay?id=21099\" target=\"_blank\" rel=\"noopener\">ETKB<\/a><\/p>","protected":false},"excerpt":{"rendered":"<p>Sorry, this entry is only available in Turkish. For the sake of viewer convenience, the content is shown below in the alternative language. You may click the link to switch the active language. Bakan\u00a0D\u00f6nmez, Filyos Do\u011falgaz \u0130\u015fleme Tesisi b\u00f6lgesinde, AK Parti Genel Ba\u015fkan Yard\u0131mc\u0131s\u0131 Hamza Da\u011f, Zonguldak Valisi Mustafa Tutulmaz, AK Parti Zonguldak milletvekilleri Polat [&hellip;]<\/p>\n","protected":false},"author":1,"featured_media":167526,"comment_status":"open","ping_status":"open","sticky":false,"template":"","format":"standard","meta":[],"categories":[46,53],"tags":[23219,107281,107282],"views":60,"_links":{"self":[{"href":"https:\/\/www.enerjigazetesi.ist\/en\/wp-json\/wp\/v2\/posts\/167523"}],"collection":[{"href":"https:\/\/www.enerjigazetesi.ist\/en\/wp-json\/wp\/v2\/posts"}],"about":[{"href":"https:\/\/www.enerjigazetesi.ist\/en\/wp-json\/wp\/v2\/types\/post"}],"author":[{"embeddable":true,"href":"https:\/\/www.enerjigazetesi.ist\/en\/wp-json\/wp\/v2\/users\/1"}],"replies":[{"embeddable":true,"href":"https:\/\/www.enerjigazetesi.ist\/en\/wp-json\/wp\/v2\/comments?post=167523"}],"version-history":[{"count":0,"href":"https:\/\/www.enerjigazetesi.ist\/en\/wp-json\/wp\/v2\/posts\/167523\/revisions"}],"wp:featuredmedia":[{"embeddable":true,"href":"https:\/\/www.enerjigazetesi.ist\/en\/wp-json\/wp\/v2\/media\/167526"}],"wp:attachment":[{"href":"https:\/\/www.enerjigazetesi.ist\/en\/wp-json\/wp\/v2\/media?parent=167523"}],"wp:term":[{"taxonomy":"category","embeddable":true,"href":"https:\/\/www.enerjigazetesi.ist\/en\/wp-json\/wp\/v2\/categories?post=167523"},{"taxonomy":"post_tag","embeddable":true,"href":"https:\/\/www.enerjigazetesi.ist\/en\/wp-json\/wp\/v2\/tags?post=167523"}],"curies":[{"name":"wp","href":"https:\/\/api.w.org\/{rel}","templated":true}]}}