{"id":167499,"date":"2023-01-19T13:42:11","date_gmt":"2023-01-19T10:42:11","guid":{"rendered":"https:\/\/www.enerjigazetesi.ist\/?p=167499"},"modified":"2023-01-19T13:48:23","modified_gmt":"2023-01-19T10:48:23","slug":"togg-turkiye-nin-fabrikasi-nda-assan-panel-imzasi","status":"publish","type":"post","link":"https:\/\/www.enerjigazetesi.ist\/en\/togg-turkiye-nin-fabrikasi-nda-assan-panel-imzasi\/","title":{"rendered":"(Turkish) &#8217;TOGG T\u00fcrkiye&#8217;nin Fabrikas\u0131nda Assan Panel \u0130mzas\u0131&#8230;"},"content":{"rendered":"<p class=\"qtranxs-available-languages-message qtranxs-available-languages-message-en\">Sorry, this entry is only available in <a href=\"https:\/\/www.enerjigazetesi.ist\/tr\/wp-json\/wp\/v2\/posts\/167499\" class=\"qtranxs-available-language-link qtranxs-available-language-link-tr\" title=\"Turkish\">Turkish<\/a>. For the sake of viewer convenience, the content is shown below in the alternative language. You may click the link to switch the active language.<\/p><p><\/p>\n<h2><strong>Sandvi\u00e7 panel alan\u0131ndaki \u00fcr\u00fcn ve hizmetleriyle T\u00fcrkiye\u2019yi d\u00fcnyan\u0131n d\u00f6rt bir yan\u0131nda\u00a0 temsil eden Assan Panel, ulusal \u00f6l\u00e7ekte de b\u00fcy\u00fck yap\u0131 ve in\u015fa projelerine destek olmaya devam ediyor. Son olarak, Bursa Gemlik\u2019te b\u00f6lgedeki en b\u00fcy\u00fck yat\u0131r\u0131mlardan biri olarak dikkat \u00e7eken T\u00fcrkiye&#8217;nin Otomobili Giri\u015fim Grubu TOGG\u2019un faaliyete ge\u00e7en fabrikas\u0131, Assan Panel\u2019in N5TM Membranl\u0131 \u00c7at\u0131 Paneli ile WT Cephe Paneli \u00fcr\u00fcnleriyle in\u015fa edildi.<\/strong><\/h2>\n<p>Sandvi\u00e7 panel pazar\u0131n\u0131n en \u00e7ok tercih edilen markas\u0131 olan ve T\u00fcrkiye&#8217;de katma de\u011fer sa\u011flamay\u0131 ama\u00e7 edinen Assan Panel, <strong>T\u00fcrkiye&#8217;nin Otomobili Giri\u015fim Grubu TOGG<\/strong>\u2019un Bursa Gemlik\u2019te faaliyete ge\u00e7en fabrikas\u0131n\u0131n <strong>cephe ve \u00e7at\u0131 panellerinin<\/strong> tedari\u011fini \u00fcstlendi. Fabrika i\u00e7in 114 bin metrekare N5TM <img loading=\"lazy\" class=\"alignright wp-image-167502\" src=\"https:\/\/www.enerjigazetesi.ist\/wp-content\/uploads\/2023\/01\/togg-turkiyenin-fabrikasina-assan-panel-imzasi.jpg\" alt=\"\" width=\"320\" height=\"225\" srcset=\"https:\/\/www.enerjigazetesi.ist\/wp-content\/uploads\/2023\/01\/togg-turkiyenin-fabrikasina-assan-panel-imzasi.jpg 550w, https:\/\/www.enerjigazetesi.ist\/wp-content\/uploads\/2023\/01\/togg-turkiyenin-fabrikasina-assan-panel-imzasi-300x211.jpg 300w, https:\/\/www.enerjigazetesi.ist\/wp-content\/uploads\/2023\/01\/togg-turkiyenin-fabrikasina-assan-panel-imzasi-500x352.jpg 500w, https:\/\/www.enerjigazetesi.ist\/wp-content\/uploads\/2023\/01\/togg-turkiyenin-fabrikasina-assan-panel-imzasi-71x50.jpg 71w\" sizes=\"(max-width: 320px) 100vw, 320px\" \/>Membranl\u0131 \u00c7at\u0131 Paneli ile 28 bin metrekare WT Cephe Paneli kullan\u0131ld\u0131. T\u00fcrkiye\u2019yi<strong> otomobil sekt\u00f6r\u00fcnde<\/strong> ileriye ta\u015f\u0131yacak giri\u015fim <strong>TOGG<\/strong>\u2019un fabrikas\u0131, Assan Panel\u2019in cephe ve yal\u0131t\u0131m panelleriyle daha g\u00fcvenli, s\u00fcrd\u00fcrebilir ve enerji verimlili\u011fi daha y\u00fcksek bir hale geldi.<\/p>\n<h3><strong>Yang\u0131n Dayan\u0131m\u0131 Y\u00fcksek Sandvi\u00e7 Paneller<\/strong><\/h3>\n<p><strong>Assan Panel sandvi\u00e7 cephe panelleri<\/strong>, end\u00fcstri sekt\u00f6r\u00fcn\u00fcn ihtiya\u00e7lar\u0131n\u0131 kar\u015f\u0131layan, ya\u015fam\u0131 kolayla\u015ft\u0131r\u0131p daha konforlu hale getiren yap\u0131larda, <strong>yal\u0131t\u0131m<\/strong> yap\u0131s\u0131na ba\u011fl\u0131 olarak<strong> \u0131s\u0131, su, ses izolasyonu ve yang\u0131n g\u00fcvenli\u011fi<\/strong> sa\u011fl\u0131yor. Ta\u015fy\u00fcn\u00fc dolgulu <strong>WT Cephe Paneli<\/strong>, ba\u011flant\u0131 eleman\u0131n\u0131 gizleyen sistemi sayesinde cephelerde kullan\u0131ma da uygun. Hem yatay hem de d\u00fc\u015fey uygulanabilmesi sayesinde<strong> montaj esnekli\u011fi<\/strong> sa\u011flay\u0131p ayr\u0131ca tasar\u0131mc\u0131lara mimari \u00e7\u00f6z\u00fcmler sunan <strong>paneller, cephede estetik bir g\u00f6r\u00fcnt\u00fc elde etmek i\u00e7in \u00e7o\u011funlukla<\/strong> mikro bask\u0131l\u0131 olarak \u00fcretiliyor. <strong>Ta\u015fy\u00fcn\u00fc<\/strong> i\u00e7 dolgu malzemesi sayesinde de <strong>y\u00fcksek yang\u0131n dayan\u0131m performans\u0131<\/strong> sunuyor.<\/p>\n<p><strong>N5T Membranl\u0131 \u00c7at\u0131 Paneli<\/strong> ise minimum<strong> y\u00fczde 1,5<\/strong> e\u011fimli \u00e7at\u0131larda y\u00fcksek yang\u0131n dayan\u0131m\u0131 sa\u011flarken, <strong>su<\/strong> ve <strong>\u0131s\u0131 izolasyonunda<\/strong> da elveri\u015fli kullan\u0131m imkan\u0131 sunuyor. Yerinde uygulamalara oranla daha h\u0131zl\u0131, kolay ve ekonomik montaj f\u0131rsat\u0131 sunan <strong>N5T Membranl\u0131 \u00c7at\u0131 Paneli<\/strong>, membran\u0131n metala yap\u0131\u015fmas\u0131 \u00f6zelli\u011fi ile de y\u00fczeyde olu\u015fabilecek \u015fekil de\u011fi\u015ftirme, iz ve katlanmalar\u0131n \u00f6n\u00fcne ge\u00e7iyor. Ayn\u0131 zamanda PVC ya da TPO membranl\u0131 se\u00e7enekleri ile ta\u015f\u0131ma kapasitesini art\u0131r\u0131yor.<\/p>","protected":false},"excerpt":{"rendered":"<p>Sorry, this entry is only available in Turkish. For the sake of viewer convenience, the content is shown below in the alternative language. You may click the link to switch the active language. Sandvi\u00e7 panel alan\u0131ndaki \u00fcr\u00fcn ve hizmetleriyle T\u00fcrkiye\u2019yi d\u00fcnyan\u0131n d\u00f6rt bir yan\u0131nda\u00a0 temsil eden Assan Panel, ulusal \u00f6l\u00e7ekte de b\u00fcy\u00fck yap\u0131 ve in\u015fa [&hellip;]<\/p>\n","protected":false},"author":1,"featured_media":167502,"comment_status":"open","ping_status":"open","sticky":false,"template":"","format":"standard","meta":[],"categories":[51,53,52],"tags":[107273,129,71436,107271,97,107272,41081],"views":59,"_links":{"self":[{"href":"https:\/\/www.enerjigazetesi.ist\/en\/wp-json\/wp\/v2\/posts\/167499"}],"collection":[{"href":"https:\/\/www.enerjigazetesi.ist\/en\/wp-json\/wp\/v2\/posts"}],"about":[{"href":"https:\/\/www.enerjigazetesi.ist\/en\/wp-json\/wp\/v2\/types\/post"}],"author":[{"embeddable":true,"href":"https:\/\/www.enerjigazetesi.ist\/en\/wp-json\/wp\/v2\/users\/1"}],"replies":[{"embeddable":true,"href":"https:\/\/www.enerjigazetesi.ist\/en\/wp-json\/wp\/v2\/comments?post=167499"}],"version-history":[{"count":0,"href":"https:\/\/www.enerjigazetesi.ist\/en\/wp-json\/wp\/v2\/posts\/167499\/revisions"}],"wp:featuredmedia":[{"embeddable":true,"href":"https:\/\/www.enerjigazetesi.ist\/en\/wp-json\/wp\/v2\/media\/167502"}],"wp:attachment":[{"href":"https:\/\/www.enerjigazetesi.ist\/en\/wp-json\/wp\/v2\/media?parent=167499"}],"wp:term":[{"taxonomy":"category","embeddable":true,"href":"https:\/\/www.enerjigazetesi.ist\/en\/wp-json\/wp\/v2\/categories?post=167499"},{"taxonomy":"post_tag","embeddable":true,"href":"https:\/\/www.enerjigazetesi.ist\/en\/wp-json\/wp\/v2\/tags?post=167499"}],"curies":[{"name":"wp","href":"https:\/\/api.w.org\/{rel}","templated":true}]}}