{"id":167486,"date":"2023-01-19T12:34:36","date_gmt":"2023-01-19T09:34:36","guid":{"rendered":"https:\/\/www.enerjigazetesi.ist\/?p=167486"},"modified":"2023-01-19T12:35:03","modified_gmt":"2023-01-19T09:35:03","slug":"dunyanin-enerji-haritasi-15-solarex-istanbul-2023-de-yeniden-belirleniyor","status":"publish","type":"post","link":"https:\/\/www.enerjigazetesi.ist\/en\/dunyanin-enerji-haritasi-15-solarex-istanbul-2023-de-yeniden-belirleniyor\/","title":{"rendered":"(Turkish) D\u00fcnya\u2019n\u0131n Enerji Haritas\u0131 15. SolarEX \u0130stanbul 2023 \u2018de Yeniden Belirleniyor"},"content":{"rendered":"<p class=\"qtranxs-available-languages-message qtranxs-available-languages-message-en\">Sorry, this entry is only available in <a href=\"https:\/\/www.enerjigazetesi.ist\/tr\/wp-json\/wp\/v2\/posts\/167486\" class=\"qtranxs-available-language-link qtranxs-available-language-link-tr\" title=\"Turkish\">Turkish<\/a>. For the sake of viewer convenience, the content is shown below in the alternative language. You may click the link to switch the active language.<\/p><p><\/p>\n<h2>Her y\u0131l d\u00fczenli olarak nisan ay\u0131n\u0131n ilk haftas\u0131 ger\u00e7ekle\u015ftirilen SolarEX \u0130stanbul, D\u00fcnya fuar takviminde uluslararas\u0131 fuarlar aras\u0131nda, &#8220;<strong>G\u00fcne\u015f Enerjisi ve Teknolojileri<\/strong>&#8221; konulu <strong>ilk<\/strong> <strong>organizasyon<\/strong> olma kimli\u011fini kazanarak, son teknoloji \u00fcr\u00fcnlerin global pazarda sunuldu\u011fu \u00f6nemli bir organizasyon olmaya devam ediyor. <strong>SolarEX \u0130stanbul<\/strong> her y\u0131l oldu\u011fu gibi bu y\u0131lda nisan ay\u0131n\u0131n ilk haftas\u0131nda 15.kez \u00fcretici, yat\u0131r\u0131mc\u0131 ve ziyaret\u00e7ilerine kap\u0131lar\u0131n\u0131 a\u00e7maya haz\u0131rlan\u0131yor.<\/h2>\n<p>&nbsp;<\/p>\n<h3><strong>SolarEX \u0130stanbul, Solar Sekt\u00f6r\u00fcnde Milyonlarca Dolarl\u0131k Yat\u0131r\u0131mlara Ev Sahipli\u011fi Yapacak<\/strong><strong>!<\/strong><\/h3>\n<p>SolarEX \u0130stanbul Proje Y\u00f6neticisi <strong>Yasemin Terle<\/strong> <em>&#8220;Voli Fuar Hizmetleri A.\u015e. organizasyonu ile ger\u00e7ekle\u015ftirilen SolarEX \u0130stanbul, 2008 y\u0131l\u0131ndan g\u00fcn\u00fcm\u00fcze kadar, T.C. Ticaret Bakanl\u0131\u011f\u0131 destekleri ile \u201cG\u00fcne\u015f Enerjisi ve Yenilenebilir Enerji\u201d sekt\u00f6r\u00fcn\u00fcn T\u00fcrkiye\u2019deki ilk ve tek uluslararas\u0131 etkinli\u011fidir. <img loading=\"lazy\" class=\"alignright wp-image-167488\" src=\"https:\/\/www.enerjigazetesi.ist\/wp-content\/uploads\/2023\/01\/Yasemin-Terle.jpg\" alt=\"\" width=\"320\" height=\"304\" srcset=\"https:\/\/www.enerjigazetesi.ist\/wp-content\/uploads\/2023\/01\/Yasemin-Terle.jpg 505w, https:\/\/www.enerjigazetesi.ist\/wp-content\/uploads\/2023\/01\/Yasemin-Terle-300x285.jpg 300w, https:\/\/www.enerjigazetesi.ist\/wp-content\/uploads\/2023\/01\/Yasemin-Terle-421x400.jpg 421w, https:\/\/www.enerjigazetesi.ist\/wp-content\/uploads\/2023\/01\/Yasemin-Terle-53x50.jpg 53w, https:\/\/www.enerjigazetesi.ist\/wp-content\/uploads\/2023\/01\/Yasemin-Terle-500x475.jpg 500w\" sizes=\"(max-width: 320px) 100vw, 320px\" \/>Organizat\u00f6r olarak 15. SolarEX \u0130stanbul Fuar\u0131\u2019yla solar sekt\u00f6r\u00fcn\u00fcn g\u00fcvenini kazanm\u0131\u015f olman\u0131n hakl\u0131 gururu ya\u015f\u0131yoruz.<\/em><em> Globalde ya\u015fanan enerji ve iklim krizinin tek \u00e7\u0131k\u0131\u015f noktas\u0131 yenilenebilir enerji kaynaklar\u0131n\u0131n maksimum verimle, m\u00fcmk\u00fcn olan en k\u0131sa s\u00fcrede yayg\u0131nla\u015fmas\u0131 ger\u00e7e\u011fi ka\u00e7\u0131n\u0131lmazd\u0131r. <\/em><\/p>\n<p><em>SolarEX \u0130stanbul olarak, solar sekt\u00f6r\u00fcn\u00fcn \u00f6nc\u00fc 300\u2019\u00fc a\u015fk\u0131n firmas\u0131n\u0131n, <strong>1000 + marka<\/strong> ve<strong> binlerce \u00fcr\u00fcn\u00fc<\/strong> ile fuardaki alanlar\u0131n\u0131 her y\u0131l daha da\u00a0\u00a0b\u00fcy\u00fcterek son teknoloji \u00fcr\u00fcnlerini 15. kez uluslararas\u0131 yat\u0131r\u0131mc\u0131s\u0131yla bulu\u015fturuyor olman\u0131n heyecan\u0131n\u0131 ya\u015f\u0131yoruz.\u00a0 2022 SolarEX \u0130stanbul\u2019da milyonlarca dolarl\u0131k yat\u0131r\u0131ma imza atan sekt\u00f6r firmalar\u0131n\u0131n, 2023\u00a0<\/em><em>\u00a0<\/em><em>SolarEX \u0130stanbul\u2019da \u00fcr\u00fcnlerini sergileyerek, yapacaklar\u0131<\/em><em> yeni anla\u015fmalar sayesinde G\u00fcne\u015f Enerji sekt\u00f6r\u00fc olarak \u00fclkemize milyonlarca dolar\u00a0d\u00f6viz girmesine katk\u0131 sa\u011flayaca\u011f\u0131z.<\/em> <em>K\u00fcreselde her ge\u00e7en g\u00fcn artan enerji maliyetleri, kaynaklar\u0131n azalmas\u0131, mevcut kaynaklar\u0131n kullan\u0131m\u0131n\u0131n olu\u015fturdu\u011fu kirlilik ve bunun gerek ekonomiler, gerek sa\u011fl\u0131k \u00fczerindeki olumsuz etkileri, yeni, temiz enerji kaynaklar\u0131na gereksinimleri zorunlu hale getirmi\u015ftir. Bu zorunluluk sonucunda solar\u00a0<\/em><em>\u00a0<\/em><em>teknolojileri noktas\u0131nda Ar-Ge m\u00fchendisleri, \u00fcreticiler ve kullan\u0131c\u0131lar\u0131 en k\u0131sa s\u00fcrede bir araya getirmenin en etkin yolu fuarlard\u0131r. Pazar\u0131n ihtiya\u00e7lar\u0131 noktas\u0131nda daha spesifik \u00e7\u00f6z\u00fcmlerin \u00f6n\u00fc a\u00e7\u0131lm\u0131\u015f olmakla beraber SolarEX\u2019in \u00fclkemizde yap\u0131l\u0131yor olmas\u0131n\u0131n ihracata katk\u0131lar\u0131 ise yads\u0131namaz \u00f6l\u00e7\u00fcdedir.&#8221;<\/em><\/p>\n<h3><strong>Solarex \u0130stanbul \u00dclkemizi G\u00fcne\u015fin Merkezi Haline Getiriyor<\/strong><\/h3>\n<p>D\u00fcnya\u2019da her ge\u00e7en g\u00fcn artan n\u00fcfus, azalan kaynaklar, n\u00fcfus yo\u011funlu\u011funun olu\u015fturdu\u011fu <strong>kirlilik<\/strong> ve <strong>bunun sonucundaki tahribata<\/strong> bak\u0131ld\u0131\u011f\u0131nda<strong> temiz, ekonomik, geri d\u00f6n\u00fc\u015ft\u00fcr\u00fclebilir<\/strong> yeni enerji kaynaklar\u0131n\u0131n \u00f6nemi daha da \u00f6n plana \u00e7\u0131k\u0131yor. Ya\u015fayan her organizman\u0131n hayat\u0131n\u0131 s\u00fcrd\u00fcrebilmesi i\u00e7in en temel gereksinimi enerjidir. Bu gereksinimin artarak devam etmesi alternatif bir yol olarak ortaya \u00e7\u0131kan<strong> solar enerji sistemleri<\/strong>nin \u00e7ok daha ak\u0131lc\u0131, ekonomik ve fonksiyonel olmas\u0131 gerek yat\u0131r\u0131mc\u0131 ve \u00fcretici, gerek t\u00fcketici noktas\u0131nda bu alana ilgiyi her ge\u00e7en g\u00fcn daha da art\u0131r\u0131yor.<\/p>\n<p>Ge\u00e7en y\u0131l Amerika\u2019dan Birle\u015fik Arap Emirlikleri\u2019ne kadar <strong>5<\/strong> k\u0131tada <strong>12 yurt d\u0131\u015f\u0131 fuara<\/strong> kat\u0131larak tan\u0131t\u0131m yapan SolarEX \u0130stanbul, bu y\u0131l kapsam\u0131 daha da geni\u015fleterek \u00f6zellikle yurtd\u0131\u015f\u0131ndan sat\u0131n alma heyetlerini \u0130stanbul\u2019a getiriyor. 2023 y\u0131l\u0131nda da <strong>Do\u011fu Avrupa&#8217;dan Yak\u0131n Do\u011fu&#8217;ya, Orta Do\u011fu&#8217;dan Kuzey Afrika&#8217;ya<\/strong> g\u00fcne\u015f enerjisi yat\u0131r\u0131mc\u0131lar\u0131n\u0131n ve sekt\u00f6r profesyonellerinin bir araya gelece\u011fi organizasyon ile solar sekt\u00f6r\u00fc i\u00e7in g\u00fc\u00e7l\u00fc bir ticari arena sunmaya devam ediyor.<\/p>\n<p>Solar sekt\u00f6r\u00fcnde \u00fclkemizi<strong> &#8220;g\u00fcne\u015fin merkezi&#8221;<\/strong> haline getirmek amac\u0131yla 17 y\u0131l \u00f6nce yola \u00e7\u0131kan Uluslararas\u0131 SolarEX \u0130stanbul G\u00fcne\u015f Enerjisi ve Teknolojileri Fuar\u0131, rekor say\u0131ya ula\u015fan kat\u0131l\u0131mc\u0131 ve ziyaret\u00e7isiyle g\u00fc\u00e7l\u00fc bir arena olmaya devam ediyor. 2022 y\u0131l\u0131nda 97 \u00fclkeden %28\u2019i yabanc\u0131 olmak \u00fczere toplam 35.000\u2019e yak\u0131n ziyaret\u00e7iyi a\u011f\u0131rlayan Uluslararas\u0131 SolarEX \u0130stanbul, 15. y\u0131l\u0131nda 06-07-08 Nisan 2023 tarihlerinde, \u0130stanbul Fuar Merkezi b\u00fcnyesindeki 40 bin m2 alanda \u201cBirlikte B\u00fcy\u00fcyoruz\u201d slogan\u0131yla kat\u0131l\u0131mc\u0131, \u00fcretici, tedarik\u00e7i, kullan\u0131c\u0131lar\u0131 yeniden bulu\u015fturmay\u0131 hedefliyor.<\/p>\n<h3><strong>Artan Fatura Maliyetlerinin \u00c7\u00f6z\u00fcm\u00fc 15. Uluslararas\u0131 SolarEX \u0130stanbul\u2019da <\/strong><\/h3>\n<p>SolarEX \u0130stanbul olarak <strong>Uluslararas\u0131 Arec, Mesia, Bigmev, 10Times, Exposale, Euae <\/strong>sekt\u00f6r\u00fcn global pazarda<strong> \u00fcst d\u00fczey STK \u2018lar\u0131<\/strong> ile stratejik \u00e7\u00f6z\u00fcm ortakl\u0131\u011f\u0131m\u0131z\u0131n yan\u0131 s\u0131ra \u00fclkemizde konusundaki tek birlik <strong>G\u00fcnder<\/strong> ba\u015fta olmak \u00fczere<strong> ye\u015fil<\/strong> ve <strong>s\u00fcrd\u00fcr\u00fclebilir kalk\u0131nmay\u0131 destekleyen<\/strong> bir\u00e7ok \u00f6nemli kurum ve kurulu\u015fla i\u015fbirliklerimiz bulunmaktad\u0131r.<\/p>\n<p>T.C. Ticaret Bakanl\u0131\u011f\u0131n\u0131n \u00fclkemizde ger\u00e7ekle\u015fen<strong> 800\u2019e<\/strong> yak\u0131n genel sekt\u00f6r\u00fcnden <strong>yaln\u0131zca 38\u2019ine<\/strong> tan\u0131mlad\u0131\u011f\u0131 nitelikli fuar destekleri kapsam\u0131nda uzun y\u0131llard\u0131r solar sekt\u00f6r\u00fcn\u00fcn <strong>\u201cTek Uluslararas\u0131 Fuar\u0131\u201d<\/strong> kimli\u011fini koruyan <strong>\u201cSolarEX \u0130stanbul G\u00fcne\u015f Enerjisi ve Solar Teknolojileri Fuar\u0131\u2019\u2019<\/strong> <strong>2023<\/strong> y\u0131l\u0131nda da <strong>300\u2019\u00fcn \u00fczerinde<\/strong> d\u00fcnya lideri\u00a0\u00a0firman\u0131n <strong>1000 yak\u0131n marka temsilcileriyle<\/strong>, toplamda <strong>45.000 m2<\/strong> alanda <strong>5<\/strong> k\u0131tadan <strong>125<\/strong> \u00fclkeden yakla\u015f\u0131k <strong>45.000 profesyoneli<\/strong> bir araya getirmeyi planlayarak <strong>daha verimli bir d\u00fcnya<\/strong> daha temiz bir gelecek i\u00e7in emin ad\u0131mla \u00e7al\u0131\u015fmalar\u0131n\u0131 s\u00fcrd\u00fcrmeyi hedefliyor.<\/p>\n<p><strong>Fuar Hakk\u0131nda Detayl\u0131 Bilgi Almak \u0130\u00e7in:<\/strong> <a href=\"https:\/\/solarexistanbul.com\/\" target=\"_blank\" rel=\"noopener\">https:\/\/solarexistanbul.com\/<\/a>\u00a0adresini ziyaret edebilirsiniz.<\/p>","protected":false},"excerpt":{"rendered":"<p>Sorry, this entry is only available in Turkish. For the sake of viewer convenience, the content is shown below in the alternative language. You may click the link to switch the active language. Her y\u0131l d\u00fczenli olarak nisan ay\u0131n\u0131n ilk haftas\u0131 ger\u00e7ekle\u015ftirilen SolarEX \u0130stanbul, D\u00fcnya fuar takviminde uluslararas\u0131 fuarlar aras\u0131nda, &#8220;G\u00fcne\u015f Enerjisi ve Teknolojileri&#8221; konulu [&hellip;]<\/p>\n","protected":false},"author":1,"featured_media":167489,"comment_status":"open","ping_status":"open","sticky":false,"template":"","format":"standard","meta":[],"categories":[51,53,49],"tags":[9921,2206,37294,500,27520,76422],"views":54,"_links":{"self":[{"href":"https:\/\/www.enerjigazetesi.ist\/en\/wp-json\/wp\/v2\/posts\/167486"}],"collection":[{"href":"https:\/\/www.enerjigazetesi.ist\/en\/wp-json\/wp\/v2\/posts"}],"about":[{"href":"https:\/\/www.enerjigazetesi.ist\/en\/wp-json\/wp\/v2\/types\/post"}],"author":[{"embeddable":true,"href":"https:\/\/www.enerjigazetesi.ist\/en\/wp-json\/wp\/v2\/users\/1"}],"replies":[{"embeddable":true,"href":"https:\/\/www.enerjigazetesi.ist\/en\/wp-json\/wp\/v2\/comments?post=167486"}],"version-history":[{"count":0,"href":"https:\/\/www.enerjigazetesi.ist\/en\/wp-json\/wp\/v2\/posts\/167486\/revisions"}],"wp:featuredmedia":[{"embeddable":true,"href":"https:\/\/www.enerjigazetesi.ist\/en\/wp-json\/wp\/v2\/media\/167489"}],"wp:attachment":[{"href":"https:\/\/www.enerjigazetesi.ist\/en\/wp-json\/wp\/v2\/media?parent=167486"}],"wp:term":[{"taxonomy":"category","embeddable":true,"href":"https:\/\/www.enerjigazetesi.ist\/en\/wp-json\/wp\/v2\/categories?post=167486"},{"taxonomy":"post_tag","embeddable":true,"href":"https:\/\/www.enerjigazetesi.ist\/en\/wp-json\/wp\/v2\/tags?post=167486"}],"curies":[{"name":"wp","href":"https:\/\/api.w.org\/{rel}","templated":true}]}}