{"id":167469,"date":"2023-01-19T11:35:24","date_gmt":"2023-01-19T08:35:24","guid":{"rendered":"https:\/\/www.enerjigazetesi.ist\/?p=167469"},"modified":"2023-01-19T11:35:24","modified_gmt":"2023-01-19T08:35:24","slug":"enerjisa-enerji-cdp-2022den-yonetim-seviyesi-olan-b-notunu-aldi","status":"publish","type":"post","link":"https:\/\/www.enerjigazetesi.ist\/en\/enerjisa-enerji-cdp-2022den-yonetim-seviyesi-olan-b-notunu-aldi\/","title":{"rendered":"(Turkish) &#8217;Enerjisa Enerji&#8217; CDP 2022&#8217;den Y\u00f6netim Seviyesi Olan &#8220;B&#8221; Notunu Ald\u0131"},"content":{"rendered":"<p class=\"qtranxs-available-languages-message qtranxs-available-languages-message-en\">Sorry, this entry is only available in <a href=\"https:\/\/www.enerjigazetesi.ist\/tr\/wp-json\/wp\/v2\/posts\/167469\" class=\"qtranxs-available-language-link qtranxs-available-language-link-tr\" title=\"Turkish\">Turkish<\/a>. For the sake of viewer convenience, the content is shown below in the alternative language. You may click the link to switch the active language.<\/p><p><\/p>\n<h2>\u2018Herkes i\u00e7in daha iyi bir gelecek\u2019 vizyonuyla T\u00fcrkiye\u2019nin enerji d\u00f6n\u00fc\u015f\u00fcm\u00fcne \u00f6nc\u00fcl\u00fck eden lider da\u011f\u0131t\u0131m, perakende sat\u0131\u015f ve m\u00fc\u015fteri \u00e7\u00f6z\u00fcmleri \u015firketi Enerjisa Enerji, CDP 2022 \u0130klim De\u011fi\u015fikli\u011fi ve Su G\u00fcvenli\u011fi programlar\u0131nda \u201cB\u201d Notu alarak bir \u00f6nceki skorunu korudu.<\/h2>\n<p><img loading=\"lazy\" class=\"alignright wp-image-164941\" src=\"https:\/\/www.enerjigazetesi.ist\/wp-content\/uploads\/2022\/12\/enerjisa-enerji-den-herkese-esit-erisim-1.jpg\" alt=\"enerjisa-enerji-cdp-2022den-yonetim-seviyesi-olan-b-notunu-aldi\" width=\"320\" height=\"210\" srcset=\"https:\/\/www.enerjigazetesi.ist\/wp-content\/uploads\/2022\/12\/enerjisa-enerji-den-herkese-esit-erisim-1.jpg 550w, https:\/\/www.enerjigazetesi.ist\/wp-content\/uploads\/2022\/12\/enerjisa-enerji-den-herkese-esit-erisim-1-300x197.jpg 300w, https:\/\/www.enerjigazetesi.ist\/wp-content\/uploads\/2022\/12\/enerjisa-enerji-den-herkese-esit-erisim-1-500x328.jpg 500w, https:\/\/www.enerjigazetesi.ist\/wp-content\/uploads\/2022\/12\/enerjisa-enerji-den-herkese-esit-erisim-1-76x50.jpg 76w\" sizes=\"(max-width: 320px) 100vw, 320px\" \/>Uluslararas\u0131 raporlama platformu <strong>Karbon Saydaml\u0131k Projesi (CDP), \u0130klim De\u011fi\u015fikli\u011fi ve Su G\u00fcvenli\u011fi programlar\u0131<\/strong> do\u011frultusunda; firmalar\u0131n iklim de\u011fi\u015fikli\u011fi ve su konusundaki y\u00f6neti\u015fim yap\u0131lar\u0131n\u0131, risk ve f\u0131rsat tan\u0131mlamalar\u0131n\u0131, i\u015f stratejileri, hedefleri, sera gaz\u0131 emisyon verilerini, su kullan\u0131mlar\u0131n\u0131 ve su kaynaklar\u0131 \u00fczerindeki etkilerini, farkl\u0131 payda\u015flar ile etkile\u015fimlerini de\u011ferlendirirerek puanlama metodolojisine g\u00f6re derecelendiriyor. Fark\u0131ndal\u0131k, y\u00f6netim ve liderli\u011fe uzanan bir yolculukta de\u011ferlendirilen \u015firketler D&#8217;den A&#8217;ya kadar puanland\u0131r\u0131l\u0131yor.<\/p>\n<h3><strong>CDP \u0130klim De\u011fi\u015fikli\u011fi Program\u0131\u2019na T\u00fcrkiye\u2019den 116 ba\u015fvuru yap\u0131ld\u0131<\/strong><\/h3>\n<p>T\u00fcrkiye\u2019de CDP Programlar\u0131na yan\u0131t veren 116 \u015firketten biri olan Enerjisa Enerji,<strong> \u2018Herkes i\u00e7in daha iyi bir gelecek\u2019<\/strong> vizyonuyla t\u00fcm faaliyetlerini s\u00fcrd\u00fcr\u00fclebilirlik oda\u011f\u0131yla y\u00f6neten lider da\u011f\u0131t\u0131m, perakende sat\u0131\u015f ve m\u00fc\u015fteri \u00e7\u00f6z\u00fcmleri \u015firketi olarak, CDP \u0130klim De\u011fi\u015fikli\u011fi ve Su G\u00fcvenli\u011fi programlar\u0131nda hesaplama metodolojisi, raporlama, y\u00f6neti\u015fim alanlar\u0131ndaki performans\u0131n\u0131n geli\u015ftirilmesi sonucunda \u00a0\u201cB\u201d notu ile de\u011ferlendirildi.<\/p>\n<p>D\u00fcnya\u2019n\u0131n en \u00f6nemli raporlama platformlar\u0131ndan biri olan CDP \u00a0 \u0130klim De\u011fi\u015fikli\u011fi ve Su G\u00fcvenli\u011fi programlar\u0131nda, ge\u00e7ti\u011fimiz sene al\u0131nan skoru de\u011ferlendirdi\u011finde artan fark\u0131ndal\u0131k ve al\u0131nan aksiyonlar ile performanslar\u0131n\u0131n devam etti\u011fine dikkat \u00e7eken <strong>Enerjisa Enerji CEO\u2019su Murat P\u0131nar<\/strong>; <em>\u201c\u0130klim de\u011fi\u015fikli\u011finin etkilerine ve sorunun kayna\u011f\u0131na y\u00f6nelik \u00e7\u00f6z\u00fcm \u00fcreterek <strong>\u2018etki\u2019<\/strong> yaratan bir \u015firket olarak elimizi ta\u015f\u0131n alt\u0131na koyuyoruz. \u0130klim krizi ile m\u00fccadelede istenilen seviyeye gelinene kadar var g\u00fcc\u00fcm\u00fczle \u00e7al\u0131\u015fmaya devam edece\u011fiz. CDP performans\u0131m\u0131za katk\u0131 sa\u011flayan t\u00fcm Enerjisal\u0131lara te\u015fekk\u00fcr ederim.\u2019\u2019<\/em><\/p>\n<p>S\u00fcrd\u00fcr\u00fclebilir \u00fcr\u00fcn ve hizmetleriyle gelecek nesillere daha iyi bir d\u00fcnya b\u0131rakmaya kararl\u0131 olduklar\u0131n\u0131 belirten <strong>Enerjisa Enerji S\u00fcrd\u00fcr\u00fclebilirlik ve Kurumsal Yetkinlikler B\u00f6l\u00fcm Ba\u015fkan\u0131 Ebru Ta\u015fc\u0131o\u011flu;\u00a0<\/strong><em>\u201cDo\u011fal kaynaklar\u0131m\u0131z\u0131 korumak ve iklim de\u011fi\u015fikli\u011fi ile m\u00fccadelemizi g\u00fc\u00e7lendirmek amac\u0131yla faaliyetlerimizde s\u00fcrd\u00fcr\u00fclebilirlik ve \u00e7evre y\u00f6netimi yakla\u015f\u0131m\u0131n\u0131 \u00f6n planda tutuyoruz. \u00dclkemizin net s\u0131f\u0131r emisyon hedefi i\u00e7in eylem planlar\u0131 geli\u015ftiriyor, tesislerimizde enerji verimlili\u011fine odaklanarak operasyonlar\u0131m\u0131z\u0131n \u00e7evresel etkisini ve karbon emisyonlar\u0131m\u0131z\u0131 azaltmay\u0131 hedefliyoruz. Ekosistemimizi ve biyolojik \u00e7e\u015fitlili\u011fi korumaya kararl\u0131y\u0131z. Bu emeklerimizin sonucunda d\u00fcnyan\u0131n en b\u00fcy\u00fck \u00e7evre raporlama platformlar\u0131ndan biri olan CDP&#8217;nin \u0130klim De\u011fi\u015fikli\u011fi ve Su G\u00fcvenli\u011fi alan\u0131nda iyi \u00e7evre y\u00f6netimi sergileyen \u015firketler i\u00e7in a\u00e7\u0131klad\u0131\u011f\u0131 <strong>\u2018B\u2019 skorunu<\/strong> almak b\u00fcy\u00fck bir motivasyon kayna\u011f\u0131.\u201d<\/em> a\u00e7\u0131klamas\u0131nda bulundu.<\/p>","protected":false},"excerpt":{"rendered":"<p>Sorry, this entry is only available in Turkish. For the sake of viewer convenience, the content is shown below in the alternative language. You may click the link to switch the active language. \u2018Herkes i\u00e7in daha iyi bir gelecek\u2019 vizyonuyla T\u00fcrkiye\u2019nin enerji d\u00f6n\u00fc\u015f\u00fcm\u00fcne \u00f6nc\u00fcl\u00fck eden lider da\u011f\u0131t\u0131m, perakende sat\u0131\u015f ve m\u00fc\u015fteri \u00e7\u00f6z\u00fcmleri \u015firketi Enerjisa Enerji, [&hellip;]<\/p>\n","protected":false},"author":1,"featured_media":164941,"comment_status":"open","ping_status":"open","sticky":false,"template":"","format":"standard","meta":[],"categories":[53,52],"tags":[107255,1999,67009],"views":47,"_links":{"self":[{"href":"https:\/\/www.enerjigazetesi.ist\/en\/wp-json\/wp\/v2\/posts\/167469"}],"collection":[{"href":"https:\/\/www.enerjigazetesi.ist\/en\/wp-json\/wp\/v2\/posts"}],"about":[{"href":"https:\/\/www.enerjigazetesi.ist\/en\/wp-json\/wp\/v2\/types\/post"}],"author":[{"embeddable":true,"href":"https:\/\/www.enerjigazetesi.ist\/en\/wp-json\/wp\/v2\/users\/1"}],"replies":[{"embeddable":true,"href":"https:\/\/www.enerjigazetesi.ist\/en\/wp-json\/wp\/v2\/comments?post=167469"}],"version-history":[{"count":0,"href":"https:\/\/www.enerjigazetesi.ist\/en\/wp-json\/wp\/v2\/posts\/167469\/revisions"}],"wp:featuredmedia":[{"embeddable":true,"href":"https:\/\/www.enerjigazetesi.ist\/en\/wp-json\/wp\/v2\/media\/164941"}],"wp:attachment":[{"href":"https:\/\/www.enerjigazetesi.ist\/en\/wp-json\/wp\/v2\/media?parent=167469"}],"wp:term":[{"taxonomy":"category","embeddable":true,"href":"https:\/\/www.enerjigazetesi.ist\/en\/wp-json\/wp\/v2\/categories?post=167469"},{"taxonomy":"post_tag","embeddable":true,"href":"https:\/\/www.enerjigazetesi.ist\/en\/wp-json\/wp\/v2\/tags?post=167469"}],"curies":[{"name":"wp","href":"https:\/\/api.w.org\/{rel}","templated":true}]}}