{"id":167449,"date":"2023-01-18T16:11:49","date_gmt":"2023-01-18T13:11:49","guid":{"rendered":"https:\/\/www.enerjigazetesi.ist\/?p=167449"},"modified":"2023-01-18T16:11:49","modified_gmt":"2023-01-18T13:11:49","slug":"cinde-elektrikli-sarj-kapasitesi-2022de-2ye-katlandi","status":"publish","type":"post","link":"https:\/\/www.enerjigazetesi.ist\/en\/cinde-elektrikli-sarj-kapasitesi-2022de-2ye-katlandi\/","title":{"rendered":"(Turkish) \u00c7in&#8217;de Elektrikli \u015earj Kapasitesi 2022&#8217;de 2&#8217;ye Katland\u0131"},"content":{"rendered":"<p class=\"qtranxs-available-languages-message qtranxs-available-languages-message-en\">Sorry, this entry is only available in <a href=\"https:\/\/www.enerjigazetesi.ist\/tr\/wp-json\/wp\/v2\/posts\/167449\" class=\"qtranxs-available-language-link qtranxs-available-language-link-tr\" title=\"Turkish\">Turkish<\/a>. For the sake of viewer convenience, the content is shown below in the alternative language. You may click the link to switch the active language.<\/p><p><\/p>\n<h2>\u00c7in&#8217;de elektrikli otomobiller i\u00e7in \u00fcretilen lityum iyon pillerinin toplam \u015farj kapasitesi, 2022 y\u0131l\u0131nda bir \u00f6nceki y\u0131la k\u0131yasla % 130,2 art\u0131\u015f g\u00f6sterdi.<strong><img loading=\"lazy\" class=\"alignright wp-image-167452\" src=\"https:\/\/www.enerjigazetesi.ist\/wp-content\/uploads\/2023\/01\/cinde-elektrikli-sarj-kapasitesi-2022de-2ye-katlandi.jpg\" alt=\"\" width=\"320\" height=\"197\" srcset=\"https:\/\/www.enerjigazetesi.ist\/wp-content\/uploads\/2023\/01\/cinde-elektrikli-sarj-kapasitesi-2022de-2ye-katlandi.jpg 577w, https:\/\/www.enerjigazetesi.ist\/wp-content\/uploads\/2023\/01\/cinde-elektrikli-sarj-kapasitesi-2022de-2ye-katlandi-300x185.jpg 300w, https:\/\/www.enerjigazetesi.ist\/wp-content\/uploads\/2023\/01\/cinde-elektrikli-sarj-kapasitesi-2022de-2ye-katlandi-500x308.jpg 500w, https:\/\/www.enerjigazetesi.ist\/wp-content\/uploads\/2023\/01\/cinde-elektrikli-sarj-kapasitesi-2022de-2ye-katlandi-80x50.jpg 80w\" sizes=\"(max-width: 320px) 100vw, 320px\" \/><\/strong><\/h2>\n<p><strong>\u00c7in Otomotiv Bataryas\u0131 \u0130novasyon Birli\u011fi<\/strong>&#8216;nin verilerine g\u00f6re, 2022&#8217;de <strong>\u201cyeni enerji arac\u0131\u201d (NEV)<\/strong> olarak adland\u0131r\u0131lan, \u015farj edilebilen<strong> pilli, hibrit<\/strong> ve <strong>yak\u0131t h\u00fccreli elektrikli otomobiller<\/strong> i\u00e7in toplam <strong>183,8 GWh<\/strong> kapasiteli <strong>pil \u00fcretimi<\/strong> ger\u00e7ekle\u015ftirildi.<\/p>\n<p>Y\u0131l boyunca elektrikli otomobiller i\u00e7in \u00fcretilen <strong>toplam \u015farj kapasitesi<\/strong>, 2021\u2019e g\u00f6re <strong>y\u00fczde 130,2 artt\u0131<\/strong>. Bu ise toplam lityum iyon pil kapasitesinin <strong>y\u00fczde 62,4<\/strong>\u2019\u00fcn\u00fc meydana getirdi.<\/p>\n<p><strong>\u00c7in Otomobil \u00dcreticileri Birli\u011fi\u2019nin (CAAM)<\/strong> verilerine g\u00f6re, 2022\u2019de<strong> NEV \u00fcretimi<\/strong>, ge\u00e7ti\u011fimiz y\u0131l\u0131n ayn\u0131 d\u00f6nemine g\u00f6re <strong>% 96,9<\/strong>, sat\u0131\u015flar\u0131 <strong>% 93,4<\/strong>, ihracat\u0131 da<strong> % 120,2<\/strong> art\u0131\u015f kaydetti.<\/p>\n<p><strong>Kaynak:\u00a0<\/strong><a href=\"https:\/\/www.bloomberght.com\/cin-de-elektrikli-sarj-kapasitesi-2022-de-ikiye-katlandi-2323299\" target=\"_blank\" rel=\"noopener\"><strong>BloombergHT<\/strong><\/a><\/p>","protected":false},"excerpt":{"rendered":"<p>Sorry, this entry is only available in Turkish. For the sake of viewer convenience, the content is shown below in the alternative language. You may click the link to switch the active language. \u00c7in&#8217;de elektrikli otomobiller i\u00e7in \u00fcretilen lityum iyon pillerinin toplam \u015farj kapasitesi, 2022 y\u0131l\u0131nda bir \u00f6nceki y\u0131la k\u0131yasla % 130,2 art\u0131\u015f g\u00f6sterdi. \u00c7in [&hellip;]<\/p>\n","protected":false},"author":1,"featured_media":167452,"comment_status":"open","ping_status":"open","sticky":false,"template":"","format":"standard","meta":[],"categories":[51,53],"tags":[215,107252,6057,100817],"views":34,"_links":{"self":[{"href":"https:\/\/www.enerjigazetesi.ist\/en\/wp-json\/wp\/v2\/posts\/167449"}],"collection":[{"href":"https:\/\/www.enerjigazetesi.ist\/en\/wp-json\/wp\/v2\/posts"}],"about":[{"href":"https:\/\/www.enerjigazetesi.ist\/en\/wp-json\/wp\/v2\/types\/post"}],"author":[{"embeddable":true,"href":"https:\/\/www.enerjigazetesi.ist\/en\/wp-json\/wp\/v2\/users\/1"}],"replies":[{"embeddable":true,"href":"https:\/\/www.enerjigazetesi.ist\/en\/wp-json\/wp\/v2\/comments?post=167449"}],"version-history":[{"count":0,"href":"https:\/\/www.enerjigazetesi.ist\/en\/wp-json\/wp\/v2\/posts\/167449\/revisions"}],"wp:featuredmedia":[{"embeddable":true,"href":"https:\/\/www.enerjigazetesi.ist\/en\/wp-json\/wp\/v2\/media\/167452"}],"wp:attachment":[{"href":"https:\/\/www.enerjigazetesi.ist\/en\/wp-json\/wp\/v2\/media?parent=167449"}],"wp:term":[{"taxonomy":"category","embeddable":true,"href":"https:\/\/www.enerjigazetesi.ist\/en\/wp-json\/wp\/v2\/categories?post=167449"},{"taxonomy":"post_tag","embeddable":true,"href":"https:\/\/www.enerjigazetesi.ist\/en\/wp-json\/wp\/v2\/tags?post=167449"}],"curies":[{"name":"wp","href":"https:\/\/api.w.org\/{rel}","templated":true}]}}