{"id":167327,"date":"2023-01-17T12:47:21","date_gmt":"2023-01-17T09:47:21","guid":{"rendered":"https:\/\/www.enerjigazetesi.ist\/?p=167327"},"modified":"2023-01-17T12:47:21","modified_gmt":"2023-01-17T09:47:21","slug":"kalyon-pvnin-gunes-paneli-uretim-tesisine-yeni-destek","status":"publish","type":"post","link":"https:\/\/www.enerjigazetesi.ist\/en\/kalyon-pvnin-gunes-paneli-uretim-tesisine-yeni-destek\/","title":{"rendered":"(Turkish) Kalyon PV\u2019nin G\u00fcne\u015f Paneli \u00dcretim Tesisine Yeni Destek"},"content":{"rendered":"<p class=\"qtranxs-available-languages-message qtranxs-available-languages-message-en\">Sorry, this entry is only available in <a href=\"https:\/\/www.enerjigazetesi.ist\/tr\/wp-json\/wp\/v2\/posts\/167327\" class=\"qtranxs-available-language-link qtranxs-available-language-link-tr\" title=\"Turkish\">Turkish<\/a>. For the sake of viewer convenience, the content is shown below in the alternative language. You may click the link to switch the active language.<\/p><p><\/p>\n<h2><strong>Ankara \u0130linde Yap\u0131lacak olan Fotovoltaik G\u00fcne\u015f Paneli \u00dcretim Tesisi Yat\u0131r\u0131m\u0131na Proje Bazl\u0131 Devlet Yard\u0131m\u0131 Verilmesine \u0130li\u015fkin 4\/9\/2019 Tarihli ve 1507 Say\u0131l\u0131 Cumhurba\u015fkan\u0131 Karar\u0131n\u0131n Eki Kararda De\u011fi\u015fiklik Yap\u0131lmas\u0131na Dair Ekli Karar\u0131n Y\u00fcr\u00fcrl\u00fc\u011fe Konulmas\u0131 Hakk\u0131nda Karar, 14 Ocak 2023 tarihli Resmi Gazete\u2019de <img loading=\"lazy\" class=\"alignright wp-image-167329\" src=\"https:\/\/www.enerjigazetesi.ist\/wp-content\/uploads\/2023\/01\/kalyon-pvnin-gunes-paneli-uretim-tesisine-yeni-destek.jpg\" alt=\"\" width=\"320\" height=\"210\" srcset=\"https:\/\/www.enerjigazetesi.ist\/wp-content\/uploads\/2023\/01\/kalyon-pvnin-gunes-paneli-uretim-tesisine-yeni-destek.jpg 470w, https:\/\/www.enerjigazetesi.ist\/wp-content\/uploads\/2023\/01\/kalyon-pvnin-gunes-paneli-uretim-tesisine-yeni-destek-300x197.jpg 300w, https:\/\/www.enerjigazetesi.ist\/wp-content\/uploads\/2023\/01\/kalyon-pvnin-gunes-paneli-uretim-tesisine-yeni-destek-76x50.jpg 76w\" sizes=\"(max-width: 320px) 100vw, 320px\" \/>yay\u0131mland\u0131. <\/strong><\/h2>\n<p><strong>Proje bazl\u0131 devlet yard\u0131m\u0131<\/strong> verilmesi kararla\u015ft\u0131r\u0131lan s\u00f6z konusu yat\u0131r\u0131mlar, <strong>KDV istisnas\u0131, g\u00fcmr\u00fck vergisi muafiyeti<\/strong> gibi te\u015fviklerden yararlanacak.<\/p>\n<p><strong>Ankara\u2019da Kalyon PV\u2019nin<\/strong> proje bazl\u0131 devlet yard\u0131m\u0131 kapsam\u0131nda desteklenen fotovoltaik g\u00fcne\u015f paneli \u00fcretim tesisi yat\u0131r\u0131m\u0131nda toplam sabit yat\u0131r\u0131m tutar\u0131 <strong>2 milyar 100 milyon<\/strong> liradan <strong>3 milyar 700 milyon liraya<\/strong> y\u00fckseltildi.<\/p>\n<p>Projede \u00f6ng\u00f6r\u00fclen istihdam say\u0131s\u0131<strong> 982<\/strong>\u2019den <strong>2 bin 635<\/strong>\u2019e, azami nitelikli personel deste\u011fi <strong>57 milyon liradan 100 milyon liraya<\/strong> \u00e7\u0131kar\u0131ld\u0131. Proje bazl\u0131 devlet yard\u0131m\u0131 verilmesi kararla\u015ft\u0131r\u0131lan s\u00f6z konusu yat\u0131r\u0131mlar, <strong>KDV istisnas\u0131, g\u00fcmr\u00fck vergisi muafiyeti<\/strong> gibi te\u015fviklerden yararlanacak.<\/p>\n<p><strong>Cumhurba\u015fkan\u0131 Karar\u0131 \u0130\u00e7in <a href=\"https:\/\/www.resmigazete.gov.tr\/eskiler\/2023\/01\/20230114-7.pdf\" target=\"_blank\" rel=\"noopener\">T\u0131klay\u0131n&gt;&gt;<\/a><\/strong><\/p>","protected":false},"excerpt":{"rendered":"<p>Sorry, this entry is only available in Turkish. For the sake of viewer convenience, the content is shown below in the alternative language. You may click the link to switch the active language. Ankara \u0130linde Yap\u0131lacak olan Fotovoltaik G\u00fcne\u015f Paneli \u00dcretim Tesisi Yat\u0131r\u0131m\u0131na Proje Bazl\u0131 Devlet Yard\u0131m\u0131 Verilmesine \u0130li\u015fkin 4\/9\/2019 Tarihli ve 1507 Say\u0131l\u0131 Cumhurba\u015fkan\u0131 [&hellip;]<\/p>\n","protected":false},"author":1,"featured_media":167329,"comment_status":"open","ping_status":"open","sticky":false,"template":"","format":"standard","meta":[],"categories":[53,49],"tags":[2206,29574,96958],"views":70,"_links":{"self":[{"href":"https:\/\/www.enerjigazetesi.ist\/en\/wp-json\/wp\/v2\/posts\/167327"}],"collection":[{"href":"https:\/\/www.enerjigazetesi.ist\/en\/wp-json\/wp\/v2\/posts"}],"about":[{"href":"https:\/\/www.enerjigazetesi.ist\/en\/wp-json\/wp\/v2\/types\/post"}],"author":[{"embeddable":true,"href":"https:\/\/www.enerjigazetesi.ist\/en\/wp-json\/wp\/v2\/users\/1"}],"replies":[{"embeddable":true,"href":"https:\/\/www.enerjigazetesi.ist\/en\/wp-json\/wp\/v2\/comments?post=167327"}],"version-history":[{"count":0,"href":"https:\/\/www.enerjigazetesi.ist\/en\/wp-json\/wp\/v2\/posts\/167327\/revisions"}],"wp:featuredmedia":[{"embeddable":true,"href":"https:\/\/www.enerjigazetesi.ist\/en\/wp-json\/wp\/v2\/media\/167329"}],"wp:attachment":[{"href":"https:\/\/www.enerjigazetesi.ist\/en\/wp-json\/wp\/v2\/media?parent=167327"}],"wp:term":[{"taxonomy":"category","embeddable":true,"href":"https:\/\/www.enerjigazetesi.ist\/en\/wp-json\/wp\/v2\/categories?post=167327"},{"taxonomy":"post_tag","embeddable":true,"href":"https:\/\/www.enerjigazetesi.ist\/en\/wp-json\/wp\/v2\/tags?post=167327"}],"curies":[{"name":"wp","href":"https:\/\/api.w.org\/{rel}","templated":true}]}}