{"id":167279,"date":"2023-01-16T16:13:44","date_gmt":"2023-01-16T13:13:44","guid":{"rendered":"https:\/\/www.enerjigazetesi.ist\/?p=167279"},"modified":"2023-01-16T17:08:41","modified_gmt":"2023-01-16T14:08:41","slug":"mersin-nigde-konya-ve-karamanda-ruzgar-ve-gunese-dayali-5-yeka-belirlendi","status":"publish","type":"post","link":"https:\/\/www.enerjigazetesi.ist\/en\/mersin-nigde-konya-ve-karamanda-ruzgar-ve-gunese-dayali-5-yeka-belirlendi\/","title":{"rendered":"(Turkish) Mersin, Ni\u011fde, Konya ve Karaman\u2019da 5 YEKA Belirlendi"},"content":{"rendered":"<p class=\"qtranxs-available-languages-message qtranxs-available-languages-message-en\">Sorry, this entry is only available in <a href=\"https:\/\/www.enerjigazetesi.ist\/tr\/wp-json\/wp\/v2\/posts\/167279\" class=\"qtranxs-available-language-link qtranxs-available-language-link-tr\" title=\"Turkish\">Turkish<\/a>. For the sake of viewer convenience, the content is shown below in the alternative language. You may click the link to switch the active language.<\/p><p><\/p>\n<h2><strong><img loading=\"lazy\" class=\"alignright wp-image-167282\" src=\"https:\/\/www.enerjigazetesi.ist\/wp-content\/uploads\/2023\/01\/mersin-nigde-konya-ve-karamanda-ruzgar-ve-gunese-dayali-5-yeka-belirlendi.jpg\" alt=\"\" width=\"300\" height=\"200\" srcset=\"https:\/\/www.enerjigazetesi.ist\/wp-content\/uploads\/2023\/01\/mersin-nigde-konya-ve-karamanda-ruzgar-ve-gunese-dayali-5-yeka-belirlendi.jpg 550w, https:\/\/www.enerjigazetesi.ist\/wp-content\/uploads\/2023\/01\/mersin-nigde-konya-ve-karamanda-ruzgar-ve-gunese-dayali-5-yeka-belirlendi-300x200.jpg 300w, https:\/\/www.enerjigazetesi.ist\/wp-content\/uploads\/2023\/01\/mersin-nigde-konya-ve-karamanda-ruzgar-ve-gunese-dayali-5-yeka-belirlendi-500x334.jpg 500w, https:\/\/www.enerjigazetesi.ist\/wp-content\/uploads\/2023\/01\/mersin-nigde-konya-ve-karamanda-ruzgar-ve-gunese-dayali-5-yeka-belirlendi-75x50.jpg 75w, https:\/\/www.enerjigazetesi.ist\/wp-content\/uploads\/2023\/01\/mersin-nigde-konya-ve-karamanda-ruzgar-ve-gunese-dayali-5-yeka-belirlendi-450x300.jpg 450w\" sizes=\"(max-width: 300px) 100vw, 300px\" \/>Enerji ve Tabii Kaynaklar Bakanl\u0131\u011f\u0131\u2019n\u0131n Resmi Gazete\u2019de yay\u0131mlanan karar\u0131na g\u00f6re Mersin, Ni\u011fde, Konya ve Karaman\u2019da r\u00fczgar ve g\u00fcne\u015f enerjisine dayal\u0131 5 YEKA belirlendi.<\/strong><\/h2>\n<p>Enerji ve Tabii Kaynaklar Bakanl\u0131\u011f\u0131 <strong>15 Ocak 2023<\/strong> tarihli <strong>Resmi Gazete<\/strong>\u2019de yay\u0131mlanan karar ile <strong>Mersin, Ni\u011fde, Konya ve Karaman<\/strong> illerindeki 5 araziyi<strong> r\u00fczgar<\/strong> ve<strong> g\u00fcne\u015f enerjisine dayal\u0131<\/strong> <strong>Yenilenebilir Enerji Kaynak Alan\u0131 (YEKA)<\/strong> ilan edildi\u011finin duyurusunu yapt\u0131.<\/p>\n<p><strong>YEKA alanlar\u0131n\u0131n k\u00f6\u015fe koordinatlar\u0131, krokileri bilgileri ve alan b\u00fcy\u00fckl\u00fckleri i\u00e7in ayr\u0131nt\u0131l\u0131 bilgiye ula\u015fmak i\u00e7in <a href=\"https:\/\/www.resmigazete.gov.tr\/ilanlar\/eskiilanlar\/2023\/01\/20230115-4-4.pdf\" target=\"_blank\" rel=\"noopener\">T\u0131klay\u0131n&gt;&gt;<\/a><\/strong><\/p>","protected":false},"excerpt":{"rendered":"<p>Sorry, this entry is only available in Turkish. For the sake of viewer convenience, the content is shown below in the alternative language. You may click the link to switch the active language. Enerji ve Tabii Kaynaklar Bakanl\u0131\u011f\u0131\u2019n\u0131n Resmi Gazete\u2019de yay\u0131mlanan karar\u0131na g\u00f6re Mersin, Ni\u011fde, Konya ve Karaman\u2019da r\u00fczgar ve g\u00fcne\u015f enerjisine dayal\u0131 5 YEKA [&hellip;]<\/p>\n","protected":false},"author":1,"featured_media":167282,"comment_status":"open","ping_status":"open","sticky":false,"template":"","format":"standard","meta":[],"categories":[53,49,50],"tags":[13,1388,16,842,25578,57667],"views":121,"_links":{"self":[{"href":"https:\/\/www.enerjigazetesi.ist\/en\/wp-json\/wp\/v2\/posts\/167279"}],"collection":[{"href":"https:\/\/www.enerjigazetesi.ist\/en\/wp-json\/wp\/v2\/posts"}],"about":[{"href":"https:\/\/www.enerjigazetesi.ist\/en\/wp-json\/wp\/v2\/types\/post"}],"author":[{"embeddable":true,"href":"https:\/\/www.enerjigazetesi.ist\/en\/wp-json\/wp\/v2\/users\/1"}],"replies":[{"embeddable":true,"href":"https:\/\/www.enerjigazetesi.ist\/en\/wp-json\/wp\/v2\/comments?post=167279"}],"version-history":[{"count":0,"href":"https:\/\/www.enerjigazetesi.ist\/en\/wp-json\/wp\/v2\/posts\/167279\/revisions"}],"wp:featuredmedia":[{"embeddable":true,"href":"https:\/\/www.enerjigazetesi.ist\/en\/wp-json\/wp\/v2\/media\/167282"}],"wp:attachment":[{"href":"https:\/\/www.enerjigazetesi.ist\/en\/wp-json\/wp\/v2\/media?parent=167279"}],"wp:term":[{"taxonomy":"category","embeddable":true,"href":"https:\/\/www.enerjigazetesi.ist\/en\/wp-json\/wp\/v2\/categories?post=167279"},{"taxonomy":"post_tag","embeddable":true,"href":"https:\/\/www.enerjigazetesi.ist\/en\/wp-json\/wp\/v2\/tags?post=167279"}],"curies":[{"name":"wp","href":"https:\/\/api.w.org\/{rel}","templated":true}]}}