{"id":167260,"date":"2023-01-16T15:22:21","date_gmt":"2023-01-16T12:22:21","guid":{"rendered":"https:\/\/www.enerjigazetesi.ist\/?p=167260"},"modified":"2023-01-16T15:27:18","modified_gmt":"2023-01-16T12:27:18","slug":"kamu-ozel-is-birligi-profesyonelleri-istanbul-ppp-koi-haftasinda-bulustu","status":"publish","type":"post","link":"https:\/\/www.enerjigazetesi.ist\/en\/kamu-ozel-is-birligi-profesyonelleri-istanbul-ppp-koi-haftasinda-bulustu\/","title":{"rendered":"(Turkish) Kamu \u00d6zel \u0130\u015f Birli\u011fi Profesyonelleri \u0130stanbul PPP (K\u00d6\u0130) Haftas\u0131&#8217;nda Bulu\u015ftu"},"content":{"rendered":"<p class=\"qtranxs-available-languages-message qtranxs-available-languages-message-en\">Sorry, this entry is only available in <a href=\"https:\/\/www.enerjigazetesi.ist\/tr\/wp-json\/wp\/v2\/posts\/167260\" class=\"qtranxs-available-language-link qtranxs-available-language-link-tr\" title=\"Turkish\">Turkish<\/a>. For the sake of viewer convenience, the content is shown below in the alternative language. You may click the link to switch the active language.<\/p><p><\/p>\n<h2><strong>Kamu \u00d6zel \u0130\u015f Birli\u011fi Ara\u015ft\u0131rma Merkezi taraf\u0131ndan, 7&#8217;inci kez d\u00fczenlenen \u0130stanbul PPP (K\u00d6\u0130) Haftas\u0131, 41 \u00fclkeden Kamu \u00d6zel \u0130\u015f Birli\u011fi (K\u00d6\u0130) profesyonellerini, &#8220;K\u00d6\u0130: \u0130nsana, \u00c7evreye, Ekonomiye Yat\u0131r\u0131m ana temas\u0131yla \u0130stanbul&#8217;da bulu\u015fturdu.<\/strong><\/h2>\n<p>&#8220;K\u00d6\u0130: <em>\u0130nsana, \u00c7evreye, Ekonomiye Yat\u0131r\u0131m (PPP: Invest in People, Climate, Economy)<\/em>&#8221; temas\u0131yla bu y\u0131l 7&#8217;incisi d\u00fczenlenen ve <strong>d\u00f6rt g\u00fcn<\/strong> s\u00fcrecek <strong>\u0130stanbul PPP Haftas\u0131<\/strong>, <strong>\u0130stanbul Le Meridien Otel&#8217;de<\/strong> ba\u015flad\u0131. 41 \u00fclkeden b\u00fcrokratlar, sivil toplum kurulu\u015flar\u0131 temsilcileri, firma yetkilileri, akademisyenler, \u00f6\u011frenciler ve sekt\u00f6r profesyonellerinin kat\u0131ld\u0131\u011f\u0131 etkinli\u011fin a\u00e7\u0131l\u0131\u015f\u0131nda konu\u015fan <strong>Kamu \u00d6zel \u0130\u015f Birli\u011fi Ara\u015ft\u0131rma Merkezi Ba\u015fkan\u0131 Dr. Ey\u00fcp Vural Ayd\u0131n, <\/strong>T\u00fcrkiye&#8217;nin, K\u00d6\u0130 alan\u0131nda marka olmu\u015f bir <img loading=\"lazy\" class=\"alignright wp-image-167265\" src=\"https:\/\/www.enerjigazetesi.ist\/wp-content\/uploads\/2023\/01\/2023-01-16_151837.jpg\" alt=\"\" width=\"320\" height=\"213\" srcset=\"https:\/\/www.enerjigazetesi.ist\/wp-content\/uploads\/2023\/01\/2023-01-16_151837.jpg 550w, https:\/\/www.enerjigazetesi.ist\/wp-content\/uploads\/2023\/01\/2023-01-16_151837-300x200.jpg 300w, https:\/\/www.enerjigazetesi.ist\/wp-content\/uploads\/2023\/01\/2023-01-16_151837-500x333.jpg 500w, https:\/\/www.enerjigazetesi.ist\/wp-content\/uploads\/2023\/01\/2023-01-16_151837-75x50.jpg 75w, https:\/\/www.enerjigazetesi.ist\/wp-content\/uploads\/2023\/01\/2023-01-16_151837-450x300.jpg 450w\" sizes=\"(max-width: 320px) 100vw, 320px\" \/>etkinli\u011fe ev sahipli\u011fi yapt\u0131\u011f\u0131n\u0131 hat\u0131rlatt\u0131. Ayd\u0131n, &#8220;D\u00fcnya K\u00d6\u0130 Uzmanlar\u0131 Birli\u011fi, D\u00fcnya Bankas\u0131, Avrupa Yat\u0131r\u0131m Bankas\u0131, \u0130slam Kalk\u0131nma Bankas\u0131, Asya Kalk\u0131nma Bankas\u0131, Avrupa Yat\u0131r\u0131mc\u0131lar Birli\u011fi, Afrika Yat\u0131r\u0131mc\u0131lar Birli\u011fi, BM Avrupa Ekonomik Komisyonu ve BM Asya \u2013 pasifik Komisyonu gibi kurumlar\u0131n temsilcileri \u0130stanbul&#8217;da bulu\u015ftu&#8221; dedi.<\/p>\n<h3><strong>D\u00fcnyada PPP Projeleri Art\u0131yor<\/strong><\/h3>\n<p>Ayd\u0131n, sadece 2021 y\u0131l\u0131nda t\u00fcm d\u00fcnya genelinde, geli\u015fmekte olan pazarlarda, y\u00fczde 50 \u00f6zel sekt\u00f6r kat\u0131l\u0131m art\u0131\u015f\u0131 ile 76,2 milyar dolarl\u0131k PPP projesi tamamland\u0131\u011f\u0131n\u0131 hat\u0131rlatarak, &#8220;Toplam 240 PPP projesi finansal kapan\u0131\u015fa eri\u015fti. T\u00fcrkiye&#8217;de, son 30 y\u0131lda, 88,5 milyar dolar K\u00d6\u0130 projesi yat\u0131r\u0131m\u0131 tamamland\u0131. 2021 b\u00fct\u00e7esine bakt\u0131\u011f\u0131m\u0131zda, t\u00fcm projelere sa\u011flanan kamu deste\u011fi, yani garantiler, yat\u0131r\u0131m b\u00fct\u00e7esinin yaln\u0131zca y\u00fczde 2&#8217;si. Gayri safi has\u0131lan\u0131n ise binde 4&#8217;\u00fc d\u00fczeyinde. Yani asl\u0131nda T\u00fcrkiye Cumhuriyeti altyap\u0131s\u0131n\u0131 \u00f6nemli derecede etkin ve sa\u011flam bir finansmanla \u00f6zel sekt\u00f6r\u00fc kullanarak ger\u00e7ekle\u015ftirmeyi ba\u015farm\u0131\u015f durumda. Avrupa&#8217;da ise 1 y\u0131l i\u00e7inde 10 milyar Euro d\u00fczeyinde K\u00d6\u0130 projesi ger\u00e7ekle\u015ftirildi&#8221; diye konu\u015ftu.<\/p>\n<h3><strong>&#8220;Ula\u015ft\u0131rma Projelerinin % 20&#8217;si K\u00d6\u0130 Modeli \u0130le Yap\u0131ld\u0131&#8221;<\/strong><\/h3>\n<p>Toplant\u0131n\u0131n a\u00e7\u0131l\u0131\u015f\u0131nda konu\u015fan<strong> Ula\u015ft\u0131rma ve Altyap\u0131 Bakan\u0131 Adil Karaismailo\u011flu<\/strong> ise K\u00d6\u0130 modelinin son y\u0131llarda \u00f6zellikle altyap\u0131 projelerinde \u00f6nemli bir unsur oldu\u011funu vurgulad\u0131. &#8220;T\u00fcrkiye&#8217;nin altyap\u0131 ihtiyac\u0131n\u0131 h\u0131zla kar\u015f\u0131lamak i\u00e7in K\u00d6\u0130 finansman modeliyle projeleri ger\u00e7ekle\u015ftirdik ve b\u00fcy\u00fck hedeflerimiz do\u011frultusunda T\u00fcrkiye&#8217;nin \u00f6n\u00fcn\u00fc a\u00e7t\u0131k. Ula\u015ft\u0131rma projelerinin y\u00fczde 20&#8217;si K\u00d6\u0130 modeli ile yap\u0131ld\u0131 &#8221; diye konu\u015fan Karaismailo\u011flu, 2053 y\u0131l\u0131na kadar ula\u015ft\u0131rma ihtiyac\u0131n\u0131n iki kat\u0131na \u00e7\u0131kaca\u011f\u0131 \u00f6ng\u00f6r\u00fcs\u00fcyle yat\u0131r\u0131mlar\u0131 ger\u00e7ekle\u015ftirdiklerine dikkat \u00e7ekti.<\/p>\n<h3><strong>K\u00d6\u0130 Projeleri T\u00fcm D\u00fcnyada \u00dcretilecek&#8230;<\/strong><\/h3>\n<p><strong>D\u0131\u015f Ekonomik \u0130li\u015fkiler Kurulu (DE\u0130K) Ba\u015fkan\u0131 Nail Olpak<\/strong> ise programda yapt\u0131\u011f\u0131 konu\u015fmada, PPP projelerinin milyonlarca insan taraf\u0131ndan kullan\u0131ld\u0131\u011f\u0131na dikkati \u00e7ekti. Olpak, <em>&#8220;PPP projelerini klasik m\u00fcteahhitlik projeleri gibi de\u011fil de risk ve fayda analizi \u00e7er\u00e7evesinde i\u015fin sosyolojisiyle beraber kamu ile \u00f6zel sekt\u00f6r\u00fcn hem riski hem de fayday\u0131 payla\u015ft\u0131\u011f\u0131 projeler olarak g\u00f6r\u00fcyoruz. Bu \u00e7er\u00e7eveden bak\u0131nca da hem bir yat\u0131r\u0131m\u0131n geri d\u00f6n\u00fc\u015f s\u00fcresi ve karl\u0131l\u0131\u011f\u0131 hem de ger\u00e7ekten b\u00fcy\u00fck yat\u0131r\u0131m rakamlar\u0131na sahip olan bu proje finansman modeli, \u00f6n\u00fcm\u00fczdeki d\u00f6nemde t\u00fcm d\u00fcnyada daha \u00e7ok tercih edilecek&#8221;<\/em> dedi.<\/p>","protected":false},"excerpt":{"rendered":"<p>Sorry, this entry is only available in Turkish. For the sake of viewer convenience, the content is shown below in the alternative language. You may click the link to switch the active language. Kamu \u00d6zel \u0130\u015f Birli\u011fi Ara\u015ft\u0131rma Merkezi taraf\u0131ndan, 7&#8217;inci kez d\u00fczenlenen \u0130stanbul PPP (K\u00d6\u0130) Haftas\u0131, 41 \u00fclkeden Kamu \u00d6zel \u0130\u015f Birli\u011fi (K\u00d6\u0130) profesyonellerini, [&hellip;]<\/p>\n","protected":false},"author":1,"featured_media":167266,"comment_status":"open","ping_status":"open","sticky":false,"template":"","format":"standard","meta":[],"categories":[53],"tags":[107228,107227,107229,107226],"views":77,"_links":{"self":[{"href":"https:\/\/www.enerjigazetesi.ist\/en\/wp-json\/wp\/v2\/posts\/167260"}],"collection":[{"href":"https:\/\/www.enerjigazetesi.ist\/en\/wp-json\/wp\/v2\/posts"}],"about":[{"href":"https:\/\/www.enerjigazetesi.ist\/en\/wp-json\/wp\/v2\/types\/post"}],"author":[{"embeddable":true,"href":"https:\/\/www.enerjigazetesi.ist\/en\/wp-json\/wp\/v2\/users\/1"}],"replies":[{"embeddable":true,"href":"https:\/\/www.enerjigazetesi.ist\/en\/wp-json\/wp\/v2\/comments?post=167260"}],"version-history":[{"count":1,"href":"https:\/\/www.enerjigazetesi.ist\/en\/wp-json\/wp\/v2\/posts\/167260\/revisions"}],"predecessor-version":[{"id":167261,"href":"https:\/\/www.enerjigazetesi.ist\/en\/wp-json\/wp\/v2\/posts\/167260\/revisions\/167261"}],"wp:featuredmedia":[{"embeddable":true,"href":"https:\/\/www.enerjigazetesi.ist\/en\/wp-json\/wp\/v2\/media\/167266"}],"wp:attachment":[{"href":"https:\/\/www.enerjigazetesi.ist\/en\/wp-json\/wp\/v2\/media?parent=167260"}],"wp:term":[{"taxonomy":"category","embeddable":true,"href":"https:\/\/www.enerjigazetesi.ist\/en\/wp-json\/wp\/v2\/categories?post=167260"},{"taxonomy":"post_tag","embeddable":true,"href":"https:\/\/www.enerjigazetesi.ist\/en\/wp-json\/wp\/v2\/tags?post=167260"}],"curies":[{"name":"wp","href":"https:\/\/api.w.org\/{rel}","templated":true}]}}