{"id":167187,"date":"2023-01-15T15:41:08","date_gmt":"2023-01-15T12:41:08","guid":{"rendered":"https:\/\/www.enerjigazetesi.ist\/?p=167187"},"modified":"2023-01-15T15:47:37","modified_gmt":"2023-01-15T12:47:37","slug":"e-ticaretciler-ve-e-ticaret-paydaslari-bir-araya-geldi","status":"publish","type":"post","link":"https:\/\/www.enerjigazetesi.ist\/en\/e-ticaretciler-ve-e-ticaret-paydaslari-bir-araya-geldi\/","title":{"rendered":"(Turkish) E-Ticaretciler ve e-Ticaret Payda\u015flar\u0131 Bir Araya Geldi"},"content":{"rendered":"<p class=\"qtranxs-available-languages-message qtranxs-available-languages-message-en\">Sorry, this entry is only available in <a href=\"https:\/\/www.enerjigazetesi.ist\/tr\/wp-json\/wp\/v2\/posts\/167187\" class=\"qtranxs-available-language-link qtranxs-available-language-link-tr\" title=\"Turkish\">Turkish<\/a>. For the sake of viewer convenience, the content is shown below in the alternative language. You may click the link to switch the active language.<\/p><p><\/p>\n<h2>Elektronik Ticaret Derne\u011fi (EL\u0130DER), \u0130stanbul\u2019da d\u00fczenledi\u011fi \u2018E-Ticaret Bulu\u015fmalar\u0131\u2019 program\u0131nda sekt\u00f6r temsilcilerini bir araya getirdi. Ana sponsorlu\u011funu Sipay\u2019in \u00fcstlendi\u011fi etkinli\u011fin a\u00e7\u0131l\u0131\u015f konu\u015fmalar\u0131n\u0131 Elektronik Ticaret Dene\u011fi Ba\u015fkan\u0131 Fehmi Darbay, EL\u0130DER Y\u00f6netim Kurulu Ba\u015fkan Yard\u0131mc\u0131s\u0131 Sinan Eryi\u011fit, EL\u0130DER Y\u00f6netim Kurulu Ba\u015fkan Yard\u0131mc\u0131s\u0131 N\u00fckhet Dokuz ve EL\u0130DER Genel Sekreteri Levent Elmas yapt\u0131.<\/h2>\n<p>EL\u0130DER&#8217;in amac\u0131, <em>&#8220;Elektronik ticaretin geli\u015fmesi ve her zaman g\u00fcn\u00fcn ko\u015fullar\u0131na uygun kalmas\u0131 i\u00e7in gerekli \u00e7al\u0131\u015fmalar\u0131 yapmak, elektronik ticaret sekt\u00f6r\u00fcnde faaliyet g\u00f6steren ger\u00e7ek ve t\u00fczel ki\u015fileri bir \u00e7at\u0131 alt\u0131nda toplamak, aralar\u0131ndaki dayan\u0131\u015fmay\u0131 sa\u011flamak, yurtd\u0131\u015f\u0131ndaki elektronik ticaret sekt\u00f6r\u00fcn\u00fc takip etmek, geli\u015fmelerin \u00fclkemizde de uygulanmas\u0131 i\u00e7in gerekli \u00e7al\u0131\u015fmalar\u0131 yapmak, elektronik <img loading=\"lazy\" class=\"alignright wp-image-167189\" src=\"https:\/\/www.enerjigazetesi.ist\/wp-content\/uploads\/2023\/01\/Screenshot_199_185447538.jpg\" alt=\"\" width=\"320\" height=\"240\" srcset=\"https:\/\/www.enerjigazetesi.ist\/wp-content\/uploads\/2023\/01\/Screenshot_199_185447538.jpg 965w, https:\/\/www.enerjigazetesi.ist\/wp-content\/uploads\/2023\/01\/Screenshot_199_185447538-300x225.jpg 300w, https:\/\/www.enerjigazetesi.ist\/wp-content\/uploads\/2023\/01\/Screenshot_199_185447538-768x575.jpg 768w, https:\/\/www.enerjigazetesi.ist\/wp-content\/uploads\/2023\/01\/Screenshot_199_185447538-500x375.jpg 500w, https:\/\/www.enerjigazetesi.ist\/wp-content\/uploads\/2023\/01\/Screenshot_199_185447538-67x50.jpg 67w\" sizes=\"(max-width: 320px) 100vw, 320px\" \/>ticaretin geli\u015fmesi i\u00e7in yurti\u00e7inde ve yurtd\u0131\u015f\u0131nda benzer ama\u00e7la kurulu dernek ve kurulu\u015flar ile irtibat kurmak ve i\u015fbirlikleri sa\u011flamak, sekt\u00f6r\u00fcn sorunlar\u0131na \u00e7\u00f6z\u00fcmler bulmak i\u00e7in elektronik ticaret sekt\u00f6r\u00fcn\u00fc \u00f6zel ve resmi kurum ve kurulu\u015flarda temsil etmek, yurtd\u0131\u015f\u0131ndaki elektronik ticaret ile ilgili mevzuat ve uygulamalar\u0131 takip etmek, \u00fclkemizdeki <strong>elektronik ticaret mevzuat\u0131n\u0131n geli\u015fmesi<\/strong> ve <strong>uyumlu olmas\u0131<\/strong> i\u00e7in gerekli \u00e7al\u0131\u015fmalar\u0131 yapmak, <strong>elektronik ticaretin geli\u015fmesi<\/strong> ve<strong> uluslararas\u0131 standartlarda<\/strong> altyap\u0131ya sahip olmas\u0131 i\u00e7in gerekli \u00e7al\u0131\u015fmalar\u0131 yapmak&#8221;<\/em> olarak ifade edildi.<\/p>\n<p>Elektronik Ticaret Dene\u011fi Ba\u015fkan\u0131 Fehmi Darbay, etkinlikteki konu\u015fmas\u0131nda EL\u0130DER olarak \u00e7al\u0131\u015fmalar\u0131na yo\u011fun bir \u015fekilde devam edeceklerini vurgulayarak,<em> \u201cBug\u00fcn sekt\u00f6r\u00fcm\u00fcz\u00fcn t\u00fcm payda\u015flar\u0131yla bir araya geldik. Bug\u00fcn organizasyonumuza T\u00fcrkiye\u2019deki t\u00fcm bili\u015fim ve e-ticaret ekosisteminin sivil toplum kurulu\u015flar\u0131, \u00fclkemizdeki t\u00fcm pazar yerlerinin \u00f6nemli y\u00f6neticileri, \u00fclkemizin \u00f6deme kurulu\u015flar\u0131 ve bankac\u0131l\u0131k sekt\u00f6r\u00fcndeki di\u011fer \u00f6nemli i\u015fletmeler, e-ticaret altyap\u0131 sa\u011flay\u0131c\u0131lar\u0131, entegrat\u00f6r \u015firketler, birden fazla kurulu\u015fla birlikte sekt\u00f6r\u00fcm\u00fcz\u00fcn g\u00fcn\u00fcn\u00fc ve gelece\u011fini tart\u0131\u015ft\u0131k.\u201d<\/em> ifadelerini kulland\u0131.<\/p>\n<p>\u00d6ncelikli hedeflerinin sa\u011flam bir \u00e7ekirdek kadro kurmak oldu\u011funu dile getiren EL\u0130DER Y\u00f6netim Kurulu Ba\u015fkan Yard\u0131mc\u0131s\u0131 Sinan Eryi\u011fit, <span style=\"text-decoration: underline;\">\u015funlar\u0131 kaydetti:<\/span><\/p>\n<p><em>\u201c2021\u2019in sonundan itibaren ba\u015fard\u0131k. D\u00fczg\u00fcn \u00e7al\u0131\u015fan bir \u00e7ekirdek ekip var. Art\u0131k bu i\u015fi biraz b\u00fcy\u00fctmek laz\u0131m. B\u00fct\u00fcn sat\u0131c\u0131lara yaymak gerekiyor. \u015eu anda bilinen rakamlarla T\u00fcrkiye \u00e7ap\u0131nda 500 bin civar\u0131 e-ticaret yapan i\u015fletme var. Bunlar\u0131n belki 100 bin tanesi \u0130stanbul\u2019dad\u0131r. Biz b\u00fct\u00fcn T\u00fcrkiye\u2019de te\u015fkilatlanmak istiyoruz ki b\u00fct\u00fcn T\u00fcrkiye\u2019deki sat\u0131c\u0131lara fayda sa\u011flayabilelim. Bu nedenle ilk etapta \u0130stanbul Genel Merkezi\u2019mizde bir kurumsalla\u015fma \u00e7al\u0131\u015fmas\u0131 yapa\u011f\u0131z. Bu \u00e7er\u00e7evede baz\u0131 komiteler olu\u015fturmak istiyoruz.\u201d<\/em><\/p>\n<p>EL\u0130DER Y\u00f6netim Kurulu Ba\u015fkan Yard\u0131mc\u0131s\u0131 N\u00fckhet Dokuz, derneklerini 2021 y\u0131l\u0131n\u0131n sonuna do\u011fru kurduklar\u0131n\u0131 hat\u0131rlatarak, <em>\u201c2021 Aral\u0131k ay\u0131nda Ticaret Bakanl\u0131\u011f\u0131\u2019na gidip \u2018Biz geldik\u2019 dedik ve onlar bize kucak a\u00e7t\u0131. Orada faaliyetlerimiz ba\u015flad\u0131. 3 g\u00fcn sonra Ticaret Bakanl\u0131\u011f\u0131 ve Gelir \u0130daresi Ba\u015fkanl\u0131\u011f\u0131\u2019n\u0131n \u00e7al\u0131\u015ftay\u0131na kat\u0131ld\u0131k. 4 g\u00fcn boyunca \u00e7\u0131kacak kanunla ilgili desteklerimizi sunduk. Kendi \u00fcyelerimizin fikirleri ald\u0131k ve i\u015fe koyulduk.\u201d<\/em> dedi.<\/p>\n<p>\u00c7al\u0131\u015fmalar\u0131n\u0131 katlayarak, devam edeceklerinin alt\u0131n\u0131 \u00e7izen Dokuz, <em>\u201c12 Aral\u0131k 2021 tarihinden sonra \u00e7e\u015fitli dernek, STK ve \u015firketler ile i\u015f birli\u011fi yapmaya ba\u015flad\u0131k. \u015eehir \u015fehir dola\u015ft\u0131k. Elektronik ticareti anlatt\u0131k. Sanayi odalar\u0131 ve ticaret odalar\u0131yla i\u015f birli\u011fi yapt\u0131k. Bununla beraber EL\u0130DER Akademi\u2019yi kurduk. \u0130stanbul\u2019da ve di\u011fer \u015fehirlerde yap\u0131lan \u00e7e\u015fitli fuarlarda stant a\u00e7\u0131p derne\u011fimizi tan\u0131tt\u0131k ve \u00fcye kazan\u0131mlar\u0131n\u0131 sa\u011flad\u0131k. 2023 y\u0131l\u0131 i\u00e7in \u00e7ok heyecanl\u0131y\u0131z.\u201d<\/em> diye konu\u015ftu.<\/p>\n<p>EL\u0130DER Genel Sekreteri Levent Elmas ise \u015fubat ay\u0131ndan itibaren e-ticaret deneyim e\u011fitimi ve sohbetlerine ba\u015flayacaklar\u0131na de\u011finerek, s\u00f6zlerine \u015f\u00f6yle devam etti:<\/p>\n<p><em>\u201cOnline olacak bu sohbetlerde sekt\u00f6r\u00fcn liderlerini a\u011f\u0131rlamay\u0131 planl\u0131yorum. Ayr\u0131ca Biz e-ticaret e\u011fitimini liselere kadar indirerek teknik ve meslek liselerindeki \u00f6\u011frencilerimizin staj d\u00f6nemlerini derne\u011fimizin \u00fcyelerinin i\u015f yerlerinde yapmalar\u0131 i\u00e7in milli e\u011fitim ve pilot olarak \u0130stanbul\u2019da belirledi\u011fimiz okullar ile g\u00f6r\u00fc\u015fmelere ba\u015flad\u0131k. Bu vesile ile e-ticareti tabana yaymay\u0131 toplumsal fark\u0131ndal\u0131k olu\u015fturmay\u0131 hedefliyoruz.\u201d<\/em><\/p>\n<p>Kat\u0131l\u0131mc\u0131lar, Hibya Haber Ajans\u0131 mikrofonlar\u0131na konu\u015farak, etkinli\u011fi ve sekt\u00f6r\u00fc de\u011ferlendirdi.<\/p>\n<p>E-Ticaret \u0130\u015fveren Sendikas\u0131\u2019n\u0131n Kurucu Genel Ba\u015fkan\u0131 Erdem Yan\u0131k, ise etkinli\u011fe ili\u015fkin <em>\u201cBug\u00fcn EL\u0130DER\u2019in network program\u0131na kat\u0131ld\u0131k. Fehmi Ba\u015fkan, uzun zamand\u0131r dostum olur. Kurumlar\u0131m\u0131z\u0131 da karde\u015f STK olarak ilan ettik. Kar\u015f\u0131l\u0131kl\u0131 olarak s\u00fcrekli dirsek temas\u0131nday\u0131z.\u201d<\/em> ifadelerini kulland\u0131.<\/p>\n<p>Yeni Toptanc\u0131 Kurucusu Kerim Atayolu, <em>\u201cYakla\u015f\u0131k 11-12 y\u0131ld\u0131r T\u00fcrkiye\u2019de e-ticaret ekosisteminde faaliyet g\u00f6steriyoruz. Bu tarz dernekler sekt\u00f6r\u00fcm\u00fcz\u00fcn geli\u015fimi a\u00e7\u0131s\u0131ndan \u00e7ok \u00f6nemli. Bu tarz toplant\u0131 ve etkinliklerle bir yerlere gelerek kendi bilgilerimizi g\u00fcncelliyoruz. Sekt\u00f6rde yer alan payda\u015flarla, hizmet sa\u011flay\u0131c\u0131larla geli\u015ftirdi\u011fimiz ticaretimizle birlikte d\u00fczenli olarak sekt\u00f6r\u00fcn b\u00fcy\u00fcmesine katk\u0131 sa\u011fl\u0131yoruz.\u201d<\/em> dedi.<\/p>\n<p>EL\u0130DER Y\u00f6netim Kurulu Ba\u015fkan Yard\u0131mc\u0131s\u0131 Sinan Eryi\u011fit, <em>\u201cElektronik Ticaret Derne\u011fi, bizim \u00f6zellikle yurt i\u00e7i e-ticaret sat\u0131c\u0131lar\u0131n\u0131n haklar\u0131n\u0131 korumaya \u00e7al\u0131\u015ft\u0131\u011f\u0131m\u0131z, yard\u0131mc\u0131 olmaya \u00e7al\u0131\u015ft\u0131\u011f\u0131m\u0131z, bir \u015fekilde beklentilerini ger\u00e7ekle\u015ftirmeye \u00e7al\u0131\u015ft\u0131\u011f\u0131m\u0131z ve ayn\u0131 \u015fekilde e-ticaret konusundaki bilincin artmas\u0131na yard\u0131mc\u0131 olmaya \u00e7al\u0131\u015ft\u0131\u011f\u0131m\u0131z bir sivil toplum kurulu\u015fu. Mini \u00e7al\u0131\u015ftay ger\u00e7ekle\u015ftirdik. K\u0131sa bir rapor haz\u0131rlay\u0131p Bakanl\u0131\u011fa sunmay\u0131 d\u00fc\u015f\u00fcn\u00fcyoruz.\u201d<\/em> diye konu\u015ftu.<\/p>\n<p>Burcu Kaya Sipay \u0130\u015f Ortakl\u0131klar\u0131 M\u00fcd\u00fcr\u00fc ise, <em>\u201cBir\u00e7ok alanda hizmet vermekteyiz. 2022 y\u0131l\u0131n\u0131 \u00e7ok keyifli bitirdik. EL\u0130DER kahvalt\u0131 program\u0131 \u00e7ok keyifli oldu. Bir\u00e7ok i\u015f orta\u011f\u0131m\u0131zla ve m\u00fc\u015fterimizle burada kar\u015f\u0131la\u015ft\u0131k.\u201d<\/em> dedi.<\/p>\n<p>Kaan G\u00fczel Sipay Sat\u0131\u015f Direkt\u00f6r\u00fc, EL\u0130DER\u2019in kurulu\u015fundan bu yana etkinliklerine ve \u00e7al\u0131\u015fmalar\u0131na kat\u0131ld\u0131klar\u0131ndan bahsederek, \u015funlar\u0131 s\u00f6yledi:<\/p>\n<p><em>\u201cHem 2023\u2019\u00fcn ilk etkinli\u011fi olmas\u0131 hem de \u00f6zellikle Fehmi beyle son g\u00f6r\u00fc\u015fmelerimizden sonra etkinliklere sponsor olarak da kat\u0131laca\u011f\u0131z. Sipay bildi\u011finiz \u00fczere lisansl\u0131 bir \u00f6deme kurulu\u015fu. \u015eu anda firmalar\u0131n 360 derece tahsilatlar\u0131na arac\u0131l\u0131k ediyoruz. 2022 y\u0131l\u0131n\u0131 8 kat b\u00fcy\u00fcmeyle tamamlad\u0131k. 2023 y\u0131l\u0131n\u0131 da 7 kat b\u00fcy\u00fcyerek, 70 milyar TL ile kapatmay\u0131 hedefliyoruz.\u201d<\/em><\/p>\n<p>Trendyol Grup M\u00fcd\u00fcr\u00fc \u00d6zkan \u00c7okaygil, <em>\u201cTrendyol\u2019da Pazar Yeri ekiplerinin i\u00e7erisinde Sat\u0131\u015f ve \u0130\u015f Geli\u015ftirme b\u00f6l\u00fcm\u00fcnde \u00e7al\u0131\u015f\u0131yorum. 2023 y\u0131l\u0131 i\u00e7erisinde e-ticaretin b\u00fcy\u00fcmesini ve devam etmesini bekliyoruz. Bu b\u00fcy\u00fcmenin sa\u011fl\u0131kl\u0131 olabilmesi i\u00e7in de e-ticaretin b\u00fct\u00fcn payda\u015flar\u0131n\u0131n konu\u015fabildi\u011fi, sorunlar\u0131 tart\u0131\u015fabildi\u011fi ortamlar\u0131n daha da \u00e7o\u011falmas\u0131n\u0131 bekliyoruz.\u201d<\/em> ifadelerini kulland\u0131.<\/p>\n<p>OPLOG Kanal Sat\u0131\u015f M\u00fcd\u00fcr\u00fc Gamze Ber\u00e7inli G\u00f6k, <em>\u201cT\u00fcrkiye\u2019de farkl\u0131 lokasyonlarda depolar\u0131m\u0131z var. EL\u0130DER\u2019e bug\u00fcnk\u00fc etkinli\u011fi i\u00e7in te\u015fekk\u00fcr ediyoruz. Sekt\u00f6r\u00fcn farkl\u0131 ba\u015fl\u0131klarda bir\u00e7ok bile\u015fenini bir araya getirdi. Umar\u0131z yapt\u0131\u011f\u0131m\u0131z \u00e7al\u0131\u015ftay do\u011frultusunda da hedeflerimiz yerini bulacak ve sekt\u00f6r olarak \u00e7ok daha iyi yerlere gelece\u011fiz.\u201d<\/em> \u015feklinde konu\u015ftu.<\/p>\n<p>Platin Market E-ticaret Sistemi CEO\u2019su Fatih Balkan, <em>\u201cEL\u0130DER ekibine bu muhte\u015fem organizasyonu ger\u00e7ekle\u015ftirdi\u011fi i\u00e7in \u00e7ok te\u015fekk\u00fcr ediyor, herkese selamlar\u0131m\u0131 iletiyorum.\u201d<\/em> dedi.<\/p>\n<p>EL\u0130DER Genel Sekreteri Levent Elmas da <span style=\"text-decoration: underline;\">\u015fu de\u011ferlendirmelerde bulundu:<\/span><\/p>\n<p><em>\u201cHerkes EL\u0130DER\u2019den beklentilerini dile getirdi. \u015eu anda geldi\u011fimiz nokta itibariyle bizim a\u00e7\u0131m\u0131zdan bundan sonra yapaca\u011f\u0131z faaliyetlerin de \u00e7ok g\u00fczel ve nitelikli olaca\u011f\u0131n\u0131 g\u00f6rd\u00fck. \u00d6zellikle e-ticaret ekosisteminin lojistik \u00f6deme altyap\u0131lar\u0131 ve e-ticaret altyap\u0131lar\u0131 sistemlerinin ba\u015f\u0131ndaki arkada\u015flar\u0131 burada g\u00f6rmek benim i\u00e7in \u00e7ok heyecan vericiydi.\u201d<\/em><\/p>\n<p>Teknofix Genel M\u00fcd\u00fcr\u00fc \u0130sa Uysal, <em>\u201cE-ticaret ve e-ihracat konular\u0131nda sekt\u00f6r\u00fcn \u00f6nde gelen isimleriyle bir araday\u0131z. Biz de Teknofix firmas\u0131 olarak e-ticaret firmalar\u0131m\u0131zla birlikteyiz. E-ticaretin gelece\u011fine inan\u0131yoruz ve onlarla birlikteyiz.\u201d<\/em> diye konu\u015ftu.<\/p>\n<p>EL\u0130DER Y\u00f6netim Kurulu Ba\u015fkan Yard\u0131mc\u0131s\u0131 N\u00fckhet Dokuz, T\u00fcrkiye, ihracat ve e-ticaret ad\u0131na g\u00fczel \u00e7al\u0131\u015fmalar yapacaklar\u0131 y\u00f6n\u00fcnde temennide bulunarak, \u015funlar\u0131 s\u00f6yledi:<\/p>\n<p><em>\u201cDerne\u011fimiz t\u00fcm sekt\u00f6r\u00fc kaps\u0131yor. Bug\u00fcn \u00e7ok g\u00fczel bir etkinlik yapt\u0131k. \u00d6deme sistemlerinden, e-ticaret alt yap\u0131s\u0131ndan, \u00e7e\u015fitli derneklerden STK\u2019lara ve g\u00f6n\u00fcll\u00fclerden olu\u015fan g\u00fczel bir kahvalt\u0131 organizasyonu yaparak, 2023\u2019e giri\u015f yapt\u0131k. Faaliyetlerimiz \u015fehir \u015fehir devam edecek. T\u00fcm sanayi odalar\u0131nda, sanayi odalar\u0131nda ve \u00fcniversitelerde e-ticareti anlatmaya devam edece\u011fiz. Umar\u0131m T\u00fcrkiye, ihracat ve e-ticaret ad\u0131na g\u00fczel \u015feyler yapar\u0131z.\u201d<\/em> ifadelerini kulland\u0131.<\/p>\n<p>Start-up Teknoloji Giri\u015fimcilik ve Marka \u0130li\u015fkileri Uzman\u0131 Hande Kaya, giri\u015fimci ve teknoloji odaklar\u0131 haberler yay\u0131mlad\u0131klar\u0131n\u0131n alt\u0131n\u0131 \u00e7izerek, <em>\u201cSay\u0131n Levent Elmas\u2019\u0131n davetiyle bug\u00fcn EL\u0130DER\u2019in d\u00fczenlemi\u015f oldu\u011fu e-ticaret ve e-ihracat konular\u0131n\u0131n konu\u015fuldu\u011fu etkinli\u011fe davet edildik. T\u00fcrkiye\u2019de e-ticaret sekt\u00f6r\u00fcnde \u00e7ok b\u00fcy\u00fck bir ekosistemin oldu\u011funu ve \u00f6nemli geli\u015fmelerin de bulundu\u011funu g\u00f6r\u00fcyoruz. Sorunlar\u0131n masaya yat\u0131r\u0131lmas\u0131 bizim i\u00e7in \u00e7ok de\u011ferliydi. EL\u0130DER\u2019e ve y\u00f6neticilerine te\u015fekk\u00fcr ediyoruz.\u201d<\/em> diye konu\u015ftu.<\/p>","protected":false},"excerpt":{"rendered":"<p>Sorry, this entry is only available in Turkish. For the sake of viewer convenience, the content is shown below in the alternative language. You may click the link to switch the active language. Elektronik Ticaret Derne\u011fi (EL\u0130DER), \u0130stanbul\u2019da d\u00fczenledi\u011fi \u2018E-Ticaret Bulu\u015fmalar\u0131\u2019 program\u0131nda sekt\u00f6r temsilcilerini bir araya getirdi. Ana sponsorlu\u011funu Sipay\u2019in \u00fcstlendi\u011fi etkinli\u011fin a\u00e7\u0131l\u0131\u015f konu\u015fmalar\u0131n\u0131 Elektronik [&hellip;]<\/p>\n","protected":false},"author":1,"featured_media":167190,"comment_status":"open","ping_status":"open","sticky":false,"template":"","format":"standard","meta":[],"categories":[53,157],"tags":[107210,107211,107212],"views":42,"_links":{"self":[{"href":"https:\/\/www.enerjigazetesi.ist\/en\/wp-json\/wp\/v2\/posts\/167187"}],"collection":[{"href":"https:\/\/www.enerjigazetesi.ist\/en\/wp-json\/wp\/v2\/posts"}],"about":[{"href":"https:\/\/www.enerjigazetesi.ist\/en\/wp-json\/wp\/v2\/types\/post"}],"author":[{"embeddable":true,"href":"https:\/\/www.enerjigazetesi.ist\/en\/wp-json\/wp\/v2\/users\/1"}],"replies":[{"embeddable":true,"href":"https:\/\/www.enerjigazetesi.ist\/en\/wp-json\/wp\/v2\/comments?post=167187"}],"version-history":[{"count":0,"href":"https:\/\/www.enerjigazetesi.ist\/en\/wp-json\/wp\/v2\/posts\/167187\/revisions"}],"wp:featuredmedia":[{"embeddable":true,"href":"https:\/\/www.enerjigazetesi.ist\/en\/wp-json\/wp\/v2\/media\/167190"}],"wp:attachment":[{"href":"https:\/\/www.enerjigazetesi.ist\/en\/wp-json\/wp\/v2\/media?parent=167187"}],"wp:term":[{"taxonomy":"category","embeddable":true,"href":"https:\/\/www.enerjigazetesi.ist\/en\/wp-json\/wp\/v2\/categories?post=167187"},{"taxonomy":"post_tag","embeddable":true,"href":"https:\/\/www.enerjigazetesi.ist\/en\/wp-json\/wp\/v2\/tags?post=167187"}],"curies":[{"name":"wp","href":"https:\/\/api.w.org\/{rel}","templated":true}]}}