{"id":167164,"date":"2023-01-14T16:31:32","date_gmt":"2023-01-14T13:31:32","guid":{"rendered":"https:\/\/www.enerjigazetesi.ist\/?p=167164"},"modified":"2023-01-14T16:44:16","modified_gmt":"2023-01-14T13:44:16","slug":"turkiye-kuresel-iklim-mucadelesinde-cozume-liderlik-ediyor","status":"publish","type":"post","link":"https:\/\/www.enerjigazetesi.ist\/en\/turkiye-kuresel-iklim-mucadelesinde-cozume-liderlik-ediyor\/","title":{"rendered":"(Turkish) &#8221;T\u00fcrkiye K\u00fcresel \u0130klim M\u00fccadelesinde \u00c7\u00f6z\u00fcme Liderlik Ediyor&#8221;"},"content":{"rendered":"<p class=\"qtranxs-available-languages-message qtranxs-available-languages-message-en\">Sorry, this entry is only available in <a href=\"https:\/\/www.enerjigazetesi.ist\/tr\/wp-json\/wp\/v2\/posts\/167164\" class=\"qtranxs-available-language-link qtranxs-available-language-link-tr\" title=\"Turkish\">Turkish<\/a>. For the sake of viewer convenience, the content is shown below in the alternative language. You may click the link to switch the active language.<\/p><p><\/p>\n<h2>T\u00fcrkiye\u2019nin s\u00fcrd\u00fcr\u00fclebilirlik yol haritas\u0131n\u0131n masaya yat\u0131r\u0131ld\u0131\u011f\u0131, Turkuvaz Medya Grubu\u2019nun ekonomi dergisi Inbusiness taraf\u0131ndan d\u00fczenlenen \u2018S\u00fcrd\u00fcr\u00fclebilir Y\u00fczy\u0131l Zirvesi\u2019 Cumhurba\u015fkan\u0131 Recep Tayyip Erdo\u011fan&#8217;\u0131n e\u015fi Emine Erdo\u011fan\u2019\u0131n kat\u0131l\u0131m\u0131yla ger\u00e7ekle\u015ftirildi. Emine Erdo\u011fan, &#8220;S\u00fcrd\u00fcr\u00fclebilir Y\u00fczy\u0131l Zirvesi ve \u00d6d\u00fcl T\u00f6reni&#8221;nde yapt\u0131\u011f\u0131 konu\u015fmada, T\u00fcrkiye&#8217;nin yeni y\u00fczy\u0131l\u0131n\u0131n s\u00fcrd\u00fcr\u00fclebilir bir y\u00fczy\u0131l olmas\u0131 hedefiyle \u00e7\u0131kt\u0131klar\u0131 yolda sunulan her katk\u0131y\u0131 takdire \u015fayan buldu\u011funu s\u00f6yledi.<\/h2>\n<p style=\"text-align: center;\"><img loading=\"lazy\" class=\"aligncenter wp-image-167167\" src=\"https:\/\/www.enerjigazetesi.ist\/wp-content\/uploads\/2023\/01\/turkiye-kuresel-iklim-mucadelesinde-cozume-liderlik-ediyor.jpg\" alt=\"\" width=\"500\" height=\"270\" srcset=\"https:\/\/www.enerjigazetesi.ist\/wp-content\/uploads\/2023\/01\/turkiye-kuresel-iklim-mucadelesinde-cozume-liderlik-ediyor.jpg 550w, https:\/\/www.enerjigazetesi.ist\/wp-content\/uploads\/2023\/01\/turkiye-kuresel-iklim-mucadelesinde-cozume-liderlik-ediyor-300x162.jpg 300w, https:\/\/www.enerjigazetesi.ist\/wp-content\/uploads\/2023\/01\/turkiye-kuresel-iklim-mucadelesinde-cozume-liderlik-ediyor-500x270.jpg 500w, https:\/\/www.enerjigazetesi.ist\/wp-content\/uploads\/2023\/01\/turkiye-kuresel-iklim-mucadelesinde-cozume-liderlik-ediyor-80x43.jpg 80w\" sizes=\"(max-width: 500px) 100vw, 500px\" \/><\/p>\n<p>Emine Erdo\u011fan, <strong>&#8220;S\u00fcrd\u00fcr\u00fclebilir Y\u00fczy\u0131l Zirvesi ve \u00d6d\u00fcl T\u00f6reni&#8221;<\/strong>ndeki konu\u015fmas\u0131nda:<\/p>\n<p>&#8220;T\u00fcrkiye&#8217;nin yeni y\u00fczy\u0131l\u0131 ideali bir gelecek yolculu\u011fudur. Bu yolculukta tar\u0131m, sanayi, ticaret, sa\u011fl\u0131k gibi bir\u00e7ok sekt\u00f6r\u00fc i\u00e7ine alan b\u00fcy\u00fck bir d\u00f6n\u00fc\u015f\u00fcm gerekiyor. Bu noktada \u00fcretimi ger\u00e7ekle\u015ftiren i\u015f d\u00fcnyam\u0131z\u0131n katk\u0131s\u0131 son derece \u00f6nemli. D\u00fcnya \u00e7evre dostu yeni \u00fcretim modellerine h\u0131zla ge\u00e7i\u015f yaparken, T\u00fcrk \u015firketlerinin de\u011fi\u015fime ayak uyduran de\u011fil, s\u00fcrd\u00fcr\u00fclebilirli\u011fin ger\u00e7ek \u00f6nc\u00fcleri olabilecek potansiyeli ta\u015f\u0131d\u0131klar\u0131na inan\u0131yorum. T\u00fcrkiye&#8217;nin <strong>2053 net s\u0131f\u0131r emisyon hedefine<\/strong> ve ba\u015flatt\u0131\u011f\u0131m\u0131z <strong>ye\u015fil kalk\u0131nma devrimine<\/strong> i\u015f d\u00fcnyas\u0131ndan sunulacak her katk\u0131y\u0131 \u00f6nemli buluyorum&#8221; dedi.<\/p>\n<p>Cumhurba\u015fkan\u0131 Recep Tayyip Erdo\u011fan&#8217;\u0131n e\u015fi Emine Erdo\u011fan, T\u00fcrkiye&#8217;nin <strong>&#8220;yeni y\u00fczy\u0131l\u0131&#8221;<\/strong> idealinin bir gelecek yolculu\u011fu oldu\u011funu belirterek, <em>&#8220;Bu yolculukta <strong>tar\u0131m, sanayi, ticaret, sa\u011fl\u0131k<\/strong> gibi bir\u00e7ok sekt\u00f6r\u00fc i\u00e7ine alan b\u00fcy\u00fck bir d\u00f6n\u00fc\u015f\u00fcm gerekiyor. Bu noktada \u00fcretimi ger\u00e7ekle\u015ftiren i\u015f d\u00fcnyam\u0131z\u0131n katk\u0131s\u0131 son derece \u00f6nemli&#8221;<\/em> oldu\u011funun alt\u0131n\u0131 \u00e7izdi.<\/p>\n<p>T\u00fcketimin ya\u015fam k\u00fclt\u00fcr\u00fc haline geldi\u011fi bir \u00e7a\u011fda ya\u015fand\u0131\u011f\u0131n\u0131 ifade eden Erdo\u011fan, <em>&#8220;Bir sermaye olarak g\u00f6r\u00fclen ve kaynaklar\u0131 s\u0131n\u0131rs\u0131zm\u0131\u015f gibi t\u00fcketilen yery\u00fcz\u00fcn\u00fcn, milyonlarca canl\u0131ya ev sahipli\u011fi yapan ortak evimiz oldu\u011funu unutmu\u015f durumday\u0131z&#8221;<\/em> diye konu\u015ftu.<\/p>\n<p>Erdo\u011fan, d\u00fcnyan\u0131n bir yan\u0131nda ihtiyac\u0131n \u00e7ok \u00f6tesinde t\u00fcketim ya\u015fan\u0131rken, bu t\u00fcketimi kar\u015f\u0131layabilmek i\u00e7in d\u00fcnyan\u0131n ba\u015fka yerlerinde insan eme\u011fi ve do\u011fal kaynaklar\u0131n biteviye s\u00f6m\u00fcr\u00fcld\u00fc\u011f\u00fcn\u00fc aktard\u0131.<\/p>\n<p>Bu israf \u00e7emberini olu\u015fturanlar\u0131n en b\u00fcy\u00fck iddias\u0131n\u0131n ise d\u00fcnyan\u0131n kaynaklar\u0131n\u0131n \u015fu anki n\u00fcfusun ihtiya\u00e7lar\u0131n\u0131 kald\u0131ramad\u0131\u011f\u0131 y\u00f6n\u00fcnde oldu\u011funu vurgulayan Erdo\u011fan, oysa yap\u0131lan ara\u015ft\u0131rmalar\u0131n d\u00fcnyan\u0131n kaynaklar\u0131n\u0131n hakkaniyetli da\u011f\u0131t\u0131m\u0131 ile bir bu kadar daha insana rahatl\u0131kla yetebilece\u011fini g\u00f6sterdi\u011fini dile getirdi.<\/p>\n<h3><strong>&#8220;D\u00fcnyada israf edilen g\u0131dalar\u0131n 2 milyar insana yetecek kadar oldu\u011funu biliyoruz&#8221;<\/strong><\/h3>\n<p>T\u00fcketim h\u0131rs\u0131n\u0131n bedelini, eme\u011fi ve do\u011fal kaynaklar\u0131 hoyrat\u00e7a s\u00f6m\u00fcr\u00fclen mazlumlar\u0131n temiz hava ve suya, sa\u011fl\u0131kl\u0131 g\u0131daya eri\u015fim gibi en temel haklar\u0131ndan yoksun kalarak \u00f6dediklerini aktaran Erdo\u011fan, daha \u00e7ok t\u00fcketimi te\u015fvik ederek elde edilmi\u015f her kazanc\u0131n insanl\u0131k ad\u0131na bir kay\u0131p haline geldi\u011fini vurgulad\u0131.<\/p>\n<p>Emine Erdo\u011fan, yaln\u0131zca topraktan sofraya kadar ortaya \u00e7\u0131kan <strong>g\u0131da kayb\u0131n\u0131n \u00f6nlenmesinin, a\u00e7l\u0131k<\/strong> ve<strong> sa\u011fl\u0131ks\u0131z beslenme tehdidini<\/strong> ortadan kald\u0131rmaya yeterli g\u00f6r\u00fcnd\u00fc\u011f\u00fcn\u00fc kaydederek, \u015f\u00f6yle devam etti: <em>&#8220;Bug\u00fcn d\u00fcnyada israf edilen g\u0131dalar\u0131n 2 milyar insana yetecek kadar yani a\u00e7l\u0131k sorununu tamamen ortadan kald\u0131rabilecek seviyede oldu\u011funu biliyoruz. B\u00f6ylesi bir durumda kendi \u00e7\u0131karlar\u0131n\u0131n \u00f6n\u00fcne insanl\u0131\u011f\u0131n ortak derdini koyan sizler s\u00fcrd\u00fcr\u00fclebilir y\u00fczy\u0131l\u0131 in\u015fa eden \u00f6nc\u00fclersiniz. Yery\u00fcz\u00fcn\u00fc gelecek nesillere b\u0131rak\u0131lacak bir emanet olarak g\u00f6ren medeniyetimizin d\u00fcnyaya \u00f6rnek te\u015fkil edecek tezah\u00fcrlerisiniz.&#8221;<\/em><\/p>\n<p>\u0130klim de\u011fi\u015fikli\u011finin sars\u0131c\u0131 sonu\u00e7lar\u0131yla y\u00fczle\u015firken insanlar\u0131n \u00e7evre duyarl\u0131l\u0131\u011f\u0131n\u0131n ge\u00e7mi\u015fte rastlanmayan bir h\u0131zla artmas\u0131n\u0131n, bu karamsar tablo kar\u015f\u0131s\u0131nda umutlar\u0131 tazeledi\u011fini dile getiren Erdo\u011fan, \u015f\u00f6yle konu\u015ftu:<em> &#8220;\u0130\u00e7inden \u00e7\u0131k\u0131lmaz g\u00f6r\u00fcnen bu sistemi d\u00f6n\u00fc\u015ft\u00fcrecek yeni \u00e7\u00f6z\u00fcm yollar\u0131 sunabilecek imkan ve kabiliyet, sahip oldu\u011fumuz inan\u00e7 ve k\u00fclt\u00fcr d\u00fcnyam\u0131z\u0131n temelinde yat\u0131yor. Yar\u0131n k\u0131yametin kopaca\u011f\u0131n\u0131 bilse bile elindeki fidan\u0131 dikmeyi \u00f6\u011f\u00fctleyen bir peygamberin \u00fcmmeti olarak asla pes etmemek gerekti\u011fini biliyoruz. &#8216;Nehir k\u0131y\u0131s\u0131nda bile suyu tasarruf et&#8217; emri, d\u00fcnyaya ve kaynaklara nas\u0131l bakmam\u0131z gerekti\u011fini as\u0131rlar \u00f6ncesinden \u00f6\u011fretiyor. \u00c7o\u011fumuz, b\u00fcy\u00fcklerimizden duydu\u011fumuz &#8216;arts\u0131n eksilmesin, ta\u015fs\u0131n d\u00f6k\u00fclmesin&#8217; duas\u0131n\u0131 hat\u0131rlar\u0131z. Bereketin bazen tek bir pirin\u00e7 tanesine ba\u011fl\u0131 olabilece\u011fi, iki ki\u015fiye yetenin \u00fc\u00e7 ki\u015fiye de yetebilece\u011fi inanc\u0131yla yeti\u015ftik. Mutfa\u011f\u0131nda tarhana \u00e7orbas\u0131 olan, meyve kabuklar\u0131ndan \u015fifal\u0131 tur\u015fu ve \u015ferbet yapan bizler, s\u00fcrd\u00fcr\u00fclebilirli\u011fi k\u00fclt\u00fcrel bir miras olarak \u00f6z\u00fcm\u00fczde ta\u015f\u0131yoruz.&#8221;<\/em><\/p>\n<p>Erdo\u011fan, <strong>iklim krizini<\/strong> salt bir \u00e7evre sorunu olmaktan \u00f6te bir vicdan ve ahlak meselesi olarak g\u00f6ren bir bak\u0131\u015f a\u00e7\u0131s\u0131yla herkesi t\u00fcketim davran\u0131\u015flar\u0131n\u0131 d\u00f6n\u00fc\u015ft\u00fcrmeye davet ettikleri<strong> S\u0131f\u0131r At\u0131k Projesinin<\/strong> de sahip olduklar\u0131 bu kadim de\u011ferlerin bir sonucu oldu\u011funu vurgulad\u0131.<\/p>\n<h3><strong>&#8220;Geri kazan\u0131lan milyonlarca ton at\u0131k ile 62,2 milyar liray\u0131 ekonomiye kazand\u0131rd\u0131k&#8221;<\/strong><\/h3>\n<p>Emine Erdo\u011fan, at\u0131klar\u0131n do\u011fru y\u00f6netimi ile yaln\u0131zca 5 y\u0131lda \u00e7ok \u00f6nemli kazan\u0131mlar elde ettiklerini, 195 bin ailenin elektrik kullan\u0131m\u0131na e\u015f de\u011fer <strong>enerji tasarrufu<\/strong>, 2 milyon hanenin de su kullan\u0131m\u0131na e\u015f de\u011fer <strong>su tasarrufu<\/strong> sa\u011flad\u0131klar\u0131n\u0131 aktard\u0131.<\/p>\n<p>Y\u0131lda 850 bin arac\u0131n trafikten \u00e7ekilmesi anlam\u0131na gelen yakla\u015f\u0131k 4 milyon ton sera gaz\u0131n\u0131n sal\u0131n\u0131m\u0131n\u0131 \u00f6nlediklerini belirten Erdo\u011fan, 650 milyon ton ham maddeden tasarruf sa\u011flad\u0131klar\u0131n\u0131 kaydetti.<\/p>\n<p>Erdo\u011fan, bug\u00fcne kadar geri kazan\u0131lan milyonlarca ton at\u0131k ile toplamda 62,2 milyar liray\u0131 ekonomiye kazand\u0131rd\u0131klar\u0131n\u0131 vurgulayarak,<em> &#8220;Geldi\u011fimiz noktada S\u0131f\u0131r At\u0131k Projesinin ba\u015far\u0131s\u0131n\u0131n ulusal s\u0131n\u0131rlar\u0131 a\u015farak d\u00fcnyaya \u00f6rnek te\u015fkil eden ve ba\u015fka \u00fclkelerce benimsenen bir harekete d\u00f6n\u00fc\u015ft\u00fc\u011f\u00fcne \u015fahitlik ediyoruz. T\u00fcrkiye olarak elimizi ta\u015f\u0131n alt\u0131na koyuyor, Birle\u015fmi\u015f Milletler b\u00fcnyesinde y\u00fcr\u00fctt\u00fc\u011f\u00fcm\u00fcz \u00e7al\u0131\u015fmalar ile k\u00fcresel iklim m\u00fccadelesinde \u00e7\u00f6z\u00fcme liderlik eden bir rol \u00fcstleniyoruz. D\u00fcnyada a\u00e7t\u0131\u011f\u0131m\u0131z yaralar\u0131 sarmak i\u00e7in hepimize farkl\u0131 sorumluluklar d\u00fc\u015f\u00fcyor.&#8221;<\/em> \u015feklinde konu\u015ftu.<\/p>\n<p>Duygu ve d\u00fc\u015f\u00fcnce d\u00fcnyas\u0131n\u0131 \u015fekillendiren kitle ileti\u015fim ara\u00e7lar\u0131n\u0131n, \u00e7evre sorununun \u00e7\u00f6z\u00fcm\u00fcnde oynad\u0131\u011f\u0131 rol\u00fcn olduk\u00e7a \u00f6nemli oldu\u011funu vurgulayan Erdo\u011fan, g\u00fcndemi medyada g\u00f6rd\u00fckleri ve duyduklar\u0131 haberlerin \u015fekillendirdi\u011fini, duyulmayan ve g\u00f6r\u00fclmeyen olaylar\u0131n ise herkes i\u00e7in yok h\u00fckm\u00fcnde kald\u0131\u011f\u0131n\u0131 ifade etti.<\/p>\n<p>Erdo\u011fan, iklim de\u011fi\u015fikli\u011finin meydana getirdi\u011fi sorunlar\u0131 yaln\u0131zca k\u00fcresel d\u00fczeyde konu\u015fman\u0131n, insanlar\u0131n \u00e7\u00f6z\u00fcm\u00fcn bireysel bir par\u00e7as\u0131 olmas\u0131n\u0131n da \u00f6n\u00fcne ge\u00e7ti\u011fini dile getirdi.<\/p>\n<h3><strong>&#8220;T\u00fcrkiye&#8217;nin yeni y\u00fczy\u0131l\u0131 ideali bir gelecek yolculu\u011fudur&#8221;<\/strong><\/h3>\n<p>Buradan medya mensuplar\u0131na birka\u00e7 \u015fey s\u00f6ylemek istedi\u011fini belirten Erdo\u011fan, \u015f\u00f6yle konu\u015ftu:<\/p>\n<p><em>&#8220;Artan s\u0131cakl\u0131klar nedeniyle meydana gelen orman yang\u0131nlar\u0131n\u0131 durdurmak ile evimizde olu\u015fan <strong>do\u011fal at\u0131klar\u0131 d\u00f6n\u00fc\u015ft\u00fcrmek<\/strong> aras\u0131ndaki ba\u011flant\u0131y\u0131 insanlara \u00e7ok iyi anlatmal\u0131y\u0131z. G\u00fcnl\u00fck hayattaki davran\u0131\u015flar\u0131m\u0131zda yapaca\u011f\u0131m\u0131z k\u00fc\u00e7\u00fck de\u011fi\u015fiklikler ile d\u00fcnyan\u0131n emisyon oran\u0131n\u0131 d\u00fc\u015f\u00fcrebilece\u011fimizi, israf\u0131 \u00f6nleyerek a\u00e7l\u0131k tehdidini bertaraf edebilece\u011fimizi, topra\u011f\u0131 ve canl\u0131 ya\u015fam\u0131n\u0131 do\u011fal haliyle koruyabilece\u011fimizi hep birlikte g\u00f6stermeliyiz. <strong>S\u0131f\u0131r At\u0131k Projesi<\/strong> bug\u00fcn g\u00fcc\u00fcn\u00fc onu t\u00fcm kalbiyle sahiplenen aziz milletimizden al\u0131yor. S\u0131f\u0131r at\u0131\u011f\u0131 bir hayat felsefesi olarak benimseyenlerin say\u0131s\u0131n\u0131n sizlerin deste\u011fiyle artaca\u011f\u0131na inan\u0131yorum. S\u00fcrd\u00fcr\u00fclebilir ya\u015fam toplumumuzun her bir ferdinin zihnine ve vicdan\u0131na sizin s\u00f6zleriniz ile i\u015fleyecektir.&#8221;<\/em><\/p>\n<p>Erdo\u011fan, medya mensuplar\u0131n\u0131 bu hareketin sesi olarak g\u00f6rd\u00fc\u011f\u00fcn\u00fc belirterek, <strong>s\u00fcrd\u00fcr\u00fclebilir ya\u015fam\u0131<\/strong> in\u015fa edecek haberlerin say\u0131s\u0131n\u0131n artmas\u0131n\u0131 diledi.<\/p>\n<p>Do\u011fa dostu binas\u0131 ile \u00e7evre duyarl\u0131l\u0131\u011f\u0131n\u0131 anlatmaktan bir ad\u0131m \u00f6teye ge\u00e7erek uygulamaya koyan Turkuvaz ailesini de ayr\u0131ca tebrik eden Erdo\u011fan, <span style=\"text-decoration: underline;\">s\u00f6zlerini \u015f\u00f6yle s\u00fcrd\u00fcrd\u00fc:<\/span><\/p>\n<p><em>&#8220;T\u00fcrkiye&#8217;nin yeni y\u00fczy\u0131l\u0131 ideali bir gelecek yolculu\u011fudur. Bu yolculukta tar\u0131m, sanayi, ticaret, sa\u011fl\u0131k gibi bir\u00e7ok sekt\u00f6r\u00fc i\u00e7ine alan b\u00fcy\u00fck bir d\u00f6n\u00fc\u015f\u00fcm gerekiyor. Bu noktada \u00fcretimi ger\u00e7ekle\u015ftiren i\u015f d\u00fcnyam\u0131z\u0131n katk\u0131s\u0131 son derece \u00f6nemli. D\u00fcnya \u00e7evre dostu yeni \u00fcretim modellerine h\u0131zla ge\u00e7i\u015f yaparken, T\u00fcrk \u015firketlerinin de\u011fi\u015fime ayak uyduran de\u011fil, s\u00fcrd\u00fcr\u00fclebilirli\u011fin ger\u00e7ek \u00f6nc\u00fcleri olabilecek potansiyeli ta\u015f\u0131d\u0131klar\u0131na inan\u0131yorum. T\u00fcrkiye&#8217;nin <strong>2053 net s\u0131f\u0131r emisyon hedefine<\/strong> ve ba\u015flatt\u0131\u011f\u0131m\u0131z<strong> ye\u015fil kalk\u0131nma devrimine<\/strong>, i\u015f d\u00fcnyas\u0131ndan sunulacak her katk\u0131y\u0131 \u00e7ok \u00f6nemli buluyorum.&#8221;<\/em><\/p>\n<p>Emine Erdo\u011fan, \u00f6d\u00fcl alacak kurum ve ki\u015fileri de tebrik ederek, \u00e7evre duyarl\u0131l\u0131\u011f\u0131yla \u00f6n plana \u00e7\u0131kan i\u015f insanlar\u0131n\u0131n ba\u015far\u0131lar\u0131n\u0131n nice yenilik\u00e7i projeye ilham olmas\u0131n\u0131 diledi.<\/p>\n<h3><strong>At\u0131k camlardan yap\u0131lan hediye takdim edildi<\/strong><\/h3>\n<p>Konu\u015fmalar\u0131n ard\u0131ndan Turkuvaz Medya Grubu Y\u00f6netim Kurulu Ba\u015fkan Vekili Serhat Albayrak, sanat\u00e7\u0131 Yasemin Aslan Bakiri&#8217;nin at\u0131k cam\u0131 1200 derecede \u015fekillendirerek yapt\u0131\u011f\u0131 <strong>&#8220;Do\u011fan\u0131n Dengesi&#8221;<\/strong> adl\u0131 eserini, Emine Erdo\u011fan&#8217;a hediye etti.<\/p>\n<p>Daha sonra Emine Erdo\u011fan \u00f6d\u00fcle lay\u0131k g\u00f6r\u00fclen kurum ve ki\u015filere \u00f6d\u00fcllerini verdi. Emine Erdo\u011fan&#8217;a \u00c7evre ve \u015eehircilik ve \u0130klim De\u011fi\u015fikli\u011fi Bakan\u0131 Murat Kurum ile Serhat Albayrak da e\u015flik etti.<\/p>\n<p>\u00d6d\u00fcl t\u00f6reninde konu\u015fan Turkuvaz Medya Genel M\u00fcd\u00fcr\u00fc ve \u0130cra Kurulu \u00dcyesi Yasemin Gebe\u015f de, Emine Erdo\u011fan\u2019\u0131n T\u00fcrkiye\u2019ye ve d\u00fcnyaya arma\u011fan etti\u011fi S\u0131f\u0131r At\u0131k hareketinin, 2017&#8217;den bug\u00fcne, kartopu misali, g\u00f6n\u00fclden g\u00f6n\u00fcle b\u00fcy\u00fcyerek, b\u00fcy\u00fck bir seferberli\u011fe d\u00f6n\u00fc\u015ft\u00fc\u011f\u00fcn\u00fc s\u00f6yledi. Gebe\u015f, \u201cBu projenin etkisiyle 30 Mart g\u00fcn\u00fc, Birle\u015fmi\u015f Milletler Genel Kurulu\u2019nca, Uluslararas\u0131 S\u0131f\u0131r At\u0131k G\u00fcn\u00fc ilan edilerek, k\u00fcresel bir boyut kazand\u0131. S\u0131f\u0131r At\u0131k hareketi, gelecek nesillere ya\u015fanabilir bir d\u00fcnya b\u0131rakmak konusunda hepimize b\u00fcy\u00fck bir ilham kayna\u011f\u0131 oldu. S\u00fcrd\u00fcr\u00fclebilir bir d\u00fcnyan\u0131n m\u00fcmk\u00fcn oldu\u011fu inanc\u0131n\u0131 g\u00fc\u00e7lendirdi. Sizin ba\u015flatt\u0131\u011f\u0131n\u0131z bu ye\u015fil d\u00f6n\u00fc\u015f\u00fcm\u00fcn takip\u00e7isi olaca\u011f\u0131z. Bu bak\u0131\u015f a\u00e7\u0131s\u0131yla, <strong>S\u00fcrd\u00fcr\u00fclebilirlik Liderleri \u00d6d\u00fcl program\u0131n\u0131<\/strong> ba\u015flat\u0131yoruz. Bu bilincin olu\u015fmas\u0131 ve yayg\u0131nla\u015fmas\u0131na \u00f6nc\u00fcl\u00fck eden \u015firketleri ve \u00e7abalar\u0131yla de\u011fi\u015fim sa\u011flam\u0131\u015f ki\u015fileri \u00f6d\u00fcllendirerek, s\u00fcrd\u00fcr\u00fclebilir bir d\u00fcnya vizyonunun daha geni\u015f kitlelere ula\u015fmas\u0131n\u0131 ve sahiplenmesini ama\u00e7l\u0131yoruz\u201d dedi.<\/p>\n<h3><strong>\u2018S\u00fcrd\u00fcr\u00fclebilirli\u011fin Liderleri\u2019 \u00f6d\u00fcllerini ald\u0131 <\/strong><\/h3>\n<p>Zirve \u2018S\u00fcrd\u00fcr\u00fclebilirli\u011fin \u00d6nc\u00fcleri \u00d6d\u00fcl T\u00f6reni\u2019 ile sona erdi. \u00d6d\u00fcllerin Emine Erdo\u011fan taraf\u0131ndan takdim edildi\u011fi t\u00f6rende \u00f6d\u00fcl alan kurum ve ki\u015filer <span style=\"text-decoration: underline;\">ise \u015f\u00f6yle:<\/span><\/p>\n<p><strong>\u2018S\u00fcrd\u00fcr\u00fclebilirli\u011fi S\u00fcrd\u00fcren Bankac\u0131l\u0131k\u2019<\/strong> projesiyle <strong>Vak\u0131fBank<\/strong> ad\u0131na Y\u00f6netim Kurulu Murahhas-Tabii \u00dcyesi ve Genel M\u00fcd\u00fcr\u00fc Abdi Serdar \u00dcst\u00fcnsalih \u00f6d\u00fcl ald\u0131. T\u00fcrkiye\u2019nin ilk karbon negatif bankas\u0131 olan Vak\u0131fBank\u2019\u0131n Eyl\u00fcl 2021 itibar\u0131yla s\u00fcrd\u00fcr\u00fclebilir tahvil ihra\u00e7lar\u0131 i\u00e7in uygun olan ye\u015fil ve sosyal nitelikli kredilerden olu\u015fan kredi portf\u00f6y\u00fc 1,5 milyar dolara ula\u015ft\u0131. Banka, Frans\u0131z Kalk\u0131nma Ajans\u0131\u2019ndan 200 milyon euroluk T\u00fcrk bankac\u0131l\u0131k sekt\u00f6r\u00fcn\u00fcn en b\u00fcy\u00fck tutarl\u0131 \u2018Ye\u015fil Konut Projesi\u2019 i\u00e7in anla\u015fma sa\u011flad\u0131.<\/p>\n<p><strong>\u2018Ak\u0131ll\u0131 Hayat 2030\u2019 projesiyle<\/strong> Zorlu Holding ad\u0131na \u00f6d\u00fcl\u00fc Y\u00f6netim Kurulu Ba\u015fkan\u0131 Ahmet Nazif Zorlu ald\u0131. Zorlu Holding, \u2018Ak\u0131ll\u0131 Hayat 2030\u2019 manifestosuyla T\u00fcrkiye\u2019de karbon n\u00f6tr olma konusunda taahh\u00fctler a\u00e7\u0131klayan ilk holdinglerden biri oldu. Ye\u015fil d\u00f6n\u00fc\u015f\u00fcm konusunda \u00f6rnek \u015firketlerden olan Zorlu, sosyal giri\u015fimcili\u011fe de en \u00e7ok destek veren kurumlar aras\u0131nda.<\/p>\n<p><strong>\u2018Alia\u011fa Bisk\u00fcvilik Bu\u011fday\u0131\u2019<\/strong> projesiyle <strong>Y\u0131ld\u0131z Holding<\/strong> ad\u0131na Y\u00f6netim Kurulu Ba\u015fkan\u0131 Ali \u00dclker, \u00f6d\u00fcl ald\u0131. Alia\u011fa Bu\u011fday\u0131 sulak arazide dekar ba\u015f\u0131na y\u00fczde 17-20, kurak arazide y\u00fczde 35-40, ortalaman\u0131n \u00fczerinde verim sa\u011fl\u0131yor. Alia\u011fa tohumunu eken \u00e7ift\u00e7iler, minimum y\u00fczde 20 gelir art\u0131\u015f\u0131 elde ediyor.<\/p>\n<p><strong>\u2018S\u00fcrd\u00fcr\u00fclebilir Tekstil\u2019<\/strong> projesiyle<strong> Sanko Holding<\/strong> ad\u0131na Y\u00f6netim Kurulu Ba\u015fkan\u0131 Adil Konuko\u011flu \u00f6d\u00fcl ald\u0131. Sanko Holding \u015firketlerinden Sanko Tekstil, organik recycle (geri d\u00f6n\u00fc\u015f\u00fcml\u00fc elyaflar) ve s\u00fcrd\u00fcr\u00fclebilir pamuklu tekstil \u00fcretimi ger\u00e7ekle\u015ftiriyor.\u00a0 \u015eirket karbon n\u00f6tr olmak i\u00e7in 500 bin a\u011fa\u00e7 dikiyor.<\/p>\n<p><strong>\u00a0\u2018Ye\u015fil \u00c7elik \u00dcretimi\u2019<\/strong> projesiyle <strong>Tosyal\u0131 Holding<\/strong> ad\u0131na Y\u00f6netim Kurulu \u00dcyesi Yavuz Tosyal\u0131 \u00f6d\u00fcl ald\u0131. Tosyal\u0131 Holding d\u00fcnyan\u0131n karbon ayak izi en d\u00fc\u015f\u00fck \u00e7elik \u00fcretimini ger\u00e7ekle\u015ftiriyor. Fabrikalar\u0131n\u0131n tamam\u0131nda enerji verimlili\u011fi ve yenilenebilir enerji kullan\u0131yor. Kurdu\u011fu tesisle y\u0131ll\u0131k ortalama 1,2 milyon ton c\u00fcruf at\u0131\u011f\u0131 ekonomiye kazand\u0131r\u0131yor.<\/p>\n<p><strong>\u2018Yeni Nesil \u015eehirler-Yeni Nesil Ula\u015f\u0131m\u2019 projesiyle T\u00fcrk Telekom<\/strong> ad\u0131na CEO \u00dcmit \u00d6nal \u00f6d\u00fcl ald\u0131. T\u00fcrk Telekom\u2019un ak\u0131ll\u0131 \u015fehir ve ula\u015f\u0131m \u00e7\u00f6z\u00fcmleri 11 kentte uygulan\u0131yor. Bu projelerle trafikte ge\u00e7irilen s\u00fcrede yakla\u015f\u0131k y\u00fczde 35, yak\u0131tta yakla\u015f\u0131k y\u00fczde 30 tasarruf elde edildi ve b\u00f6ylece karbon sal\u0131m\u0131 yakla\u015f\u0131k y\u00fczde 25 azalt\u0131ld\u0131.<\/p>\n<p><strong>\u2018Kalyon G\u00fcne\u015f Teknolojileri Fabrikas\u0131\u2019<\/strong> projesiyle<strong> Kalyon Enerji<\/strong> ad\u0131na Kalyon Holding Y\u00f6netim Kurulu \u00dcyesi ve Kalyon PV \u0130cra Kurulu Ba\u015fkan\u0131 K\u00fcbra Kalyoncu \u015eeherli \u00f6d\u00fcl ald\u0131. Kalyon PV, ayn\u0131 \u00e7at\u0131 alt\u0131nda 4 a\u015famayla d\u00fcnyada ilk ve tek \u00fcretim tesisi. Tesis, y\u00fczde 80&#8217;in \u00fcst\u00fcnde yerlilikte g\u00fcne\u015f paneli \u00fcretiyor. Konya Karap\u0131nar santrali, d\u00fcnyan\u0131n en b\u00fcy\u00fck GES santrallerinden biri ve bu sene tam kapasiteyle faaliyete ge\u00e7ecek.<\/p>\n<p><strong>\u2018Lay\u2019s Yenileyici Tar\u0131m\u2019 projesiyle Pepsico T\u00fcrkiye<\/strong> ad\u0131na Pepsico T\u00fcrkiye Genel M\u00fcd\u00fcr\u00fc Evrim \u015een \u00f6d\u00fcl ald\u0131. Lay&#8217;s 20 \u015fehirde, 4 bin hektar alanda binlerce \u00e7ift\u00e7iyle s\u00f6zle\u015fmeli tar\u0131m uygulamas\u0131yla \u00fclkemizin cipslik patates \u00fcretiminin y\u00fczde 60\u2019\u0131n\u0131 ger\u00e7ekle\u015ftiriyor. PepsiCo&#8217;nun Pozitif Tar\u0131m stratejisi kapsam\u0131nda hayata ge\u00e7irilen s\u00fcrd\u00fcr\u00fclebilir uygulamalarla 2010\u2019dan bu yana net tarla verimleri y\u00fczde 30 art\u0131r\u0131ld\u0131; depo fireleri y\u00fczde 26 azald\u0131.<\/p>\n<p><strong>\u2018Kad\u0131n Giri\u015fimcileri Destekleme Program\u0131\u2019 projesiyle Trendyol<\/strong> ad\u0131na \u015firketin Kurucu Orta\u011f\u0131 Beg\u00fcm Tekin \u00f6d\u00fcl ald\u0131. \u015eirket 2040 y\u0131l\u0131na kadar kendi operasyonlar\u0131nda karbon n\u00f6tr olmay\u0131, 2050 y\u0131l\u0131na kadar t\u00fcm de\u011fer zinciriyle karbon n\u00f6tr olmay\u0131 hedefliyor. Trendyol, 2025 y\u0131l\u0131na kadar kendi \u00fcr\u00fcnlerinin ambalaj malzemelerinin tamam\u0131n\u0131n sertifikal\u0131 kaynaklardan sa\u011flanmas\u0131n\u0131, \u00fcr\u00fcnlerin tamam\u0131n\u0131n s\u00fcrd\u00fcr\u00fclebilir etiketlere sahip olmas\u0131n\u0131, 2023 sonunda kadar y\u00fczde 100 geri d\u00f6n\u00fc\u015ft\u00fcr\u00fclebilir olan plastik ambalajlar\u0131n\u0131n y\u00fczde 70 geri d\u00f6n\u00fc\u015ft\u00fcr\u00fclm\u00fc\u015f malzemeden \u00fcretilmesini planl\u0131yor.<\/p>\n<p><strong>\u2018Birlikte Biz\u2019 projesiyle Eczac\u0131ba\u015f\u0131 Holding<\/strong> ad\u0131na Eczac\u0131ba\u015f\u0131 Holding Y\u00f6netim Kurulu Ba\u015fkan\u0131 B\u00fclent Eczac\u0131ba\u015f\u0131 \u00f6d\u00fcl ald\u0131. 2013\u2019te BM Kad\u0131n\u0131n G\u00fc\u00e7lenmesi Prensipleri\u2019ni (WEPs) imzalayan Eczac\u0131ba\u015f\u0131\u2019nda, 2021 sonu itibar\u0131yla ofis kad\u0131n \u00e7al\u0131\u015fan i\u015fe al\u0131m oran\u0131 y\u00fczde 46,3&#8217;e; toplam kad\u0131n \u00e7al\u0131\u015fan oran\u0131 %36,3\u2019e, y\u00f6netimde kad\u0131n \u00e7al\u0131\u015fan oran\u0131 %32,2\u2019ye \u00e7\u0131kt\u0131.<\/p>\n<p><strong>\u2018Daha Az Plastik, Daha \u0130yi Plastik ve S\u0131f\u0131r Plastik\u2019 projesiyle<\/strong> Unilever T\u00fcrkiye de \u00f6d\u00fcl ald\u0131. \u015eirket, net plastik ambalaj kullan\u0131m\u0131n\u0131 100 bin tondan fazla azaltarak, birincil plastik kullan\u0131m\u0131n\u0131 yar\u0131 yar\u0131ya azaltmay\u0131, plastik ambalajlar\u0131n\u0131n tamam\u0131n\u0131n yeniden kullan\u0131labilir, geri d\u00f6n\u00fc\u015ft\u00fcr\u00fclebilir veya kompostlanabilir olmas\u0131n\u0131 taahh\u00fct etti.<\/p>\n<p><strong>\u2018T\u00fcrkiye\u2019nin M\u00fchendis K\u0131zlar\u0131\u2019 projesiyle Limak Holding<\/strong> ad\u0131na \u00f6d\u00fcl\u00fc Y\u00f6netim Kurulu Ba\u015fkan\u0131 Ebru \u00d6zdemir ald\u0131. T\u00fcrkiye\u2019nin M\u00fchendis K\u0131zlar\u0131 program\u0131ndan bug\u00fcne kadar 710 ki\u015fi yararland\u0131.<\/p>\n<p>\u0130\u015f d\u00fcnyas\u0131nda s\u00fcrd\u00fcr\u00fclebilirlik ile ilgili fark\u0131ndal\u0131\u011f\u0131 artmas\u0131na katk\u0131 sa\u011flayan isimlerden \u0130\u015f D\u00fcnyas\u0131 ve S\u00fcrd\u00fcr\u00fclebilir Kalk\u0131nma Derne\u011fi Y\u00f6netim Kurulu Ba\u015fkan\u0131 Ebru Dildar Edin, bug\u00fcne kadar 12 bin k\u00f6y\u00fc ziyaret ederek, 1,4 milyon \u00e7ift\u00e7iye ula\u015fan Tabit Tar\u0131m Teknolojileri Kurucu Orta\u011f\u0131 T\u00fclin Ak\u0131n, etki yat\u0131r\u0131m\u0131n\u0131n T\u00fcrkiye\u2019de geli\u015fmesine sa\u011flad\u0131\u011f\u0131 katk\u0131lardan dolay\u0131 Etki Yat\u0131r\u0131m\u0131 Dan\u0131\u015fma Kurulu Ba\u015fkan\u0131 \u015eafak M\u00fcderrisgil ve yerel y\u00f6netimlerde s\u00fcrd\u00fcr\u00fclebilirlik, dijital d\u00f6n\u00fc\u015f\u00fcm, ye\u015fil d\u00f6n\u00fc\u015f\u00fcm projelerinin hayata ge\u00e7irilmesine liderlik eden T\u00fcrkiye Belediyeler Birli\u011fi Ba\u015fkan\u0131 Fatma \u015eahin de \u00f6d\u00fcl alan di\u011fer isimler oldu.<\/p>\n<p>T\u00f6renin sonunda \u00e7\u00f6pten toplad\u0131klar\u0131 <em>at\u0131klar\u0131 enstr\u00fcmana d\u00f6n\u00fc\u015ft\u00fcren<\/em> <strong>Paraguayl\u0131 Cateura Orkestras\u0131<\/strong>, misafirlere <strong>m\u00fczik dinletisi<\/strong> sundu.<\/p>\n<h3><strong>\u2018S\u00fcrd\u00fcr\u00fclebilir Y\u00fczy\u0131l Zirvesi\u2019ne g\u00fc\u00e7l\u00fc sponsor deste\u011fi<\/strong><\/h3>\n<p>S\u00fcrd\u00fcr\u00fclebilir Y\u00fczy\u0131l Zirvesi\u2019nin sponsorlar\u0131 Ayd\u0131nl\u0131, Koza Alt\u0131n \u0130\u015fletmeleri, T\u00fcrk Telekom, Vak\u0131fbank, Y\u0131ld\u0131zHolding, Ziraat GYO, HalkFaktoring, \u0130stanbul Airport, Kalyon, Tosyal\u0131 Holding, Turkish Airlines, EcoZero, Epia\u015f, Gaziantep B\u00fcy\u00fck\u015fehir Belediyesi, Kargomsende, Kuzey Marmara Otoyolu, Limak, Sanko ve Socar oldu.<\/p>","protected":false},"excerpt":{"rendered":"<p>Sorry, this entry is only available in Turkish. For the sake of viewer convenience, the content is shown below in the alternative language. You may click the link to switch the active language. T\u00fcrkiye\u2019nin s\u00fcrd\u00fcr\u00fclebilirlik yol haritas\u0131n\u0131n masaya yat\u0131r\u0131ld\u0131\u011f\u0131, Turkuvaz Medya Grubu\u2019nun ekonomi dergisi Inbusiness taraf\u0131ndan d\u00fczenlenen \u2018S\u00fcrd\u00fcr\u00fclebilir Y\u00fczy\u0131l Zirvesi\u2019 Cumhurba\u015fkan\u0131 Recep Tayyip Erdo\u011fan&#8217;\u0131n e\u015fi [&hellip;]<\/p>\n","protected":false},"author":1,"featured_media":167170,"comment_status":"open","ping_status":"open","sticky":false,"template":"","format":"standard","meta":[],"categories":[53],"tags":[104201,53412,5240,38488,4033,107208,107207],"views":69,"_links":{"self":[{"href":"https:\/\/www.enerjigazetesi.ist\/en\/wp-json\/wp\/v2\/posts\/167164"}],"collection":[{"href":"https:\/\/www.enerjigazetesi.ist\/en\/wp-json\/wp\/v2\/posts"}],"about":[{"href":"https:\/\/www.enerjigazetesi.ist\/en\/wp-json\/wp\/v2\/types\/post"}],"author":[{"embeddable":true,"href":"https:\/\/www.enerjigazetesi.ist\/en\/wp-json\/wp\/v2\/users\/1"}],"replies":[{"embeddable":true,"href":"https:\/\/www.enerjigazetesi.ist\/en\/wp-json\/wp\/v2\/comments?post=167164"}],"version-history":[{"count":0,"href":"https:\/\/www.enerjigazetesi.ist\/en\/wp-json\/wp\/v2\/posts\/167164\/revisions"}],"wp:featuredmedia":[{"embeddable":true,"href":"https:\/\/www.enerjigazetesi.ist\/en\/wp-json\/wp\/v2\/media\/167170"}],"wp:attachment":[{"href":"https:\/\/www.enerjigazetesi.ist\/en\/wp-json\/wp\/v2\/media?parent=167164"}],"wp:term":[{"taxonomy":"category","embeddable":true,"href":"https:\/\/www.enerjigazetesi.ist\/en\/wp-json\/wp\/v2\/categories?post=167164"},{"taxonomy":"post_tag","embeddable":true,"href":"https:\/\/www.enerjigazetesi.ist\/en\/wp-json\/wp\/v2\/tags?post=167164"}],"curies":[{"name":"wp","href":"https:\/\/api.w.org\/{rel}","templated":true}]}}