{"id":167050,"date":"2023-01-13T14:57:05","date_gmt":"2023-01-13T11:57:05","guid":{"rendered":"https:\/\/www.enerjigazetesi.ist\/?p=167050"},"modified":"2023-01-13T14:57:42","modified_gmt":"2023-01-13T11:57:42","slug":"seramiksan-surdurulebilirligi-gunluk-operasyonlarina-entegre-etti","status":"publish","type":"post","link":"https:\/\/www.enerjigazetesi.ist\/en\/seramiksan-surdurulebilirligi-gunluk-operasyonlarina-entegre-etti\/","title":{"rendered":"(Turkish) &#8217;Seramiksan&#8217; S\u00fcrd\u00fcr\u00fclebilirli\u011fi G\u00fcnl\u00fck Operasyonlar\u0131na Entegre Etti"},"content":{"rendered":"<p class=\"qtranxs-available-languages-message qtranxs-available-languages-message-en\">Sorry, this entry is only available in <a href=\"https:\/\/www.enerjigazetesi.ist\/tr\/wp-json\/wp\/v2\/posts\/167050\" class=\"qtranxs-available-language-link qtranxs-available-language-link-tr\" title=\"Turkish\">Turkish<\/a>. For the sake of viewer convenience, the content is shown below in the alternative language. You may click the link to switch the active language.<\/p><p><\/p>\n<h2><strong>D\u00fcnya genelinde bir\u00e7ok geli\u015fmenin ya\u015fand\u0131\u011f\u0131 2022 y\u0131l\u0131n\u0131 hen\u00fcz geride b\u0131rakm\u0131\u015fken, \u00fclke ihracat\u0131na katk\u0131da bulunan bir\u00e7ok sekt\u00f6r globalde b\u00fcy\u00fcmeye devam ediyor. T\u00fcrkiye Seramik Federasyonu\u2019nun deste\u011fiyle haz\u0131rlanan T\u00fcrkiye \u0130hracata Katk\u0131 Endeksi\u2019ne g\u00f6re 2022\u2019nin ilk yar\u0131s\u0131nda ihracata en \u00e7ok katk\u0131da yapan 22,89\u2019luk oranla in\u015faat seramikleri oldu. <\/strong>2022\u2019nin toplam\u0131nda ihracat\u0131n\u0131 bir \u00f6nceki y\u0131la k\u0131yasla %18,19 art\u0131rarak 5,9 milyar dolara \u00e7\u0131karan sekt\u00f6r\u00fcn \u00f6nemli oyuncular\u0131ndan Seramiksan 2022 karnesini a\u00e7\u0131klad\u0131.<\/h2>\n<p>Karo, vitrifiye ve yap\u0131 kimyasallar\u0131 \u00fcr\u00fcnlerinin <strong>%30<\/strong>\u2019unu 60 \u00fclkeye ihra\u00e7 eden <span style=\"text-decoration: underline;\">Seramiksan Direkt\u00f6r\u00fc M. <img loading=\"lazy\" class=\"alignright wp-image-167054\" src=\"https:\/\/www.enerjigazetesi.ist\/wp-content\/uploads\/2023\/01\/seremiksan-surdurulebilirligi-gunluk-operasyonlarina-entegre-etti-2.jpg\" alt=\"\" width=\"300\" height=\"350\" srcset=\"https:\/\/www.enerjigazetesi.ist\/wp-content\/uploads\/2023\/01\/seremiksan-surdurulebilirligi-gunluk-operasyonlarina-entegre-etti-2.jpg 411w, https:\/\/www.enerjigazetesi.ist\/wp-content\/uploads\/2023\/01\/seremiksan-surdurulebilirligi-gunluk-operasyonlarina-entegre-etti-2-257x300.jpg 257w, https:\/\/www.enerjigazetesi.ist\/wp-content\/uploads\/2023\/01\/seremiksan-surdurulebilirligi-gunluk-operasyonlarina-entegre-etti-2-343x400.jpg 343w, https:\/\/www.enerjigazetesi.ist\/wp-content\/uploads\/2023\/01\/seremiksan-surdurulebilirligi-gunluk-operasyonlarina-entegre-etti-2-43x50.jpg 43w\" sizes=\"(max-width: 300px) 100vw, 300px\" \/> S\u00fcreyya \u00c7a\u011flar, konuya dair \u015funlar\u0131 s\u00f6yledi:<\/span> \u201cGe\u00e7ti\u011fimiz y\u0131l, k\u00fcresel ticaret ve ihracat a\u011flar\u0131n\u0131 olumsuz etkileyen bir\u00e7ok geli\u015fme ya\u015fand\u0131. Bunlardan biri de seramik sekt\u00f6r\u00fcn\u00fcn en b\u00fcy\u00fck ihracat pazar\u0131 olan Avrupa\u2019daki \u2018anti-damping\u2019 soru\u015fturmas\u0131 oldu. Bu durum, Avrupa pazar\u0131nda h\u0131zla b\u00fcy\u00fcyen T\u00fcrk \u015firketlerine %18,7 g\u00fcmr\u00fck vergisi \u015feklinde yans\u0131d\u0131. Konuyla ili\u015fkin AB Komisyonu taraf\u0131ndan 11 \u015eubat\u2019ta verilecek karar beklenirken, <strong>Rusya-Ukrayna sava\u015f\u0131n\u0131n<\/strong> neden oldu\u011fu<strong> enerji krizi<\/strong>, Avrupa\u2019daki \u00fcreticilerin kapasitelerini de d\u00fc\u015f\u00fcrmesine yol a\u00e7t\u0131. Yerli \u015firketlerimiz bu durumu avantaja \u00e7evirmek i\u00e7in u\u011fra\u015f\u0131rken, t\u00fcm olumsuz etkenlere ra\u011fmen <strong>Seramiksan<\/strong> olarak<strong> 2022\u2019de b\u00fcy\u00fcmeye devam ettik.<\/strong>\u201d<\/p>\n<h3><strong>Daha ya\u015fanabilir d\u00fcnya i\u00e7in s\u00fcrd\u00fcr\u00fclebilirli\u011fi g\u00fcnl\u00fck operasyonlara entegre ettiler<\/strong><\/h3>\n<p>Farkl\u0131 kategorilerdeki zengin ve yenilik\u00e7i \u00fcr\u00fcn yelpazesi ile hizmet sunduklar\u0131n\u0131n alt\u0131n\u0131 \u00e7izen Seramiksan Direkt\u00f6r\u00fc M. S\u00fcreyya \u00c7a\u011flar, hedeflerine dair \u015fu bilgileri payla\u015ft\u0131: <em>\u201c2023\u2019te daha b\u00fcy\u00fck hedeflere, ayn\u0131 inan\u00e7 ve kararl\u0131l\u0131kla y\u00fcr\u00fcmeye devam edece\u011fiz. S\u00fcrd\u00fcr\u00fclebilirli\u011fi misyon edinmi\u015f bir \u015firket olarak, <strong>karbon ayak izini<\/strong> ve<strong> su t\u00fcketimini azaltmak<\/strong> ve<strong> enerji verimlili\u011fi elde etmek<\/strong>, \u00f6nceliklerimiz aras\u0131nda yer al\u0131yor. G\u00fcnl\u00fck operasyonlar\u0131m\u0131z\u0131n merkezinde bulunan <strong>%0<\/strong> at\u0131k \u00fcr\u00fcn, <strong>%0<\/strong> at\u0131k su\u00a0 politikam\u0131zla<strong> s\u00fcrd\u00fcr\u00fclebilir bir d\u00fcnyaya<\/strong> katk\u0131da bulunmaktan mutluluk duyuyoruz. 2018 y\u0131l\u0131nda devreye ald\u0131\u011f\u0131m\u0131z <strong>geri d\u00f6n\u00fc\u015f\u00fcm tesisimiz<\/strong> ile seramik ve vitrifiye fabrikalar\u0131m\u0131z\u0131n at\u0131klar\u0131n\u0131n tamam\u0131n\u0131 <strong>do\u011faya<\/strong> ve<strong> \u00e7evreye en ufak bir at\u0131k gitmeyecek \u015fekilde<\/strong> i\u015fleyerek \u00fcretim proseslerimizde yeniden de\u011ferlendirerek daha<strong> ye\u015fil<\/strong> ve<strong> ya\u015fanabilir<\/strong> bir d\u00fcnya i\u00e7in \u00fcretim s\u00fcre\u00e7lerimizi do\u011fayla uyum i\u00e7inde ger\u00e7ekle\u015ftiriyoruz. Daha ye\u015fil ve ya\u015fanabilir bir d\u00fcnya i\u00e7in \u00fcretim s\u00fcre\u00e7lerimizi do\u011fayla uyum i\u00e7inde ger\u00e7ekle\u015ftiriyoruz. Yenilik\u00e7ili\u011fi sahiplenen, faaliyetlerimizin merkezine <strong>dijital d\u00f6n\u00fc\u015f\u00fcm<\/strong> ve <strong>inovasyonu<\/strong> yerle\u015ftiren bir anlay\u0131\u015fla<strong> 2023\u2019te de<\/strong> \u00e7al\u0131\u015fmalar\u0131m\u0131za s\u00fcratle devam edece\u011fiz.\u201d<\/em><\/p>","protected":false},"excerpt":{"rendered":"<p>Sorry, this entry is only available in Turkish. For the sake of viewer convenience, the content is shown below in the alternative language. You may click the link to switch the active language. D\u00fcnya genelinde bir\u00e7ok geli\u015fmenin ya\u015fand\u0131\u011f\u0131 2022 y\u0131l\u0131n\u0131 hen\u00fcz geride b\u0131rakm\u0131\u015fken, \u00fclke ihracat\u0131na katk\u0131da bulunan bir\u00e7ok sekt\u00f6r globalde b\u00fcy\u00fcmeye devam ediyor. T\u00fcrkiye Seramik [&hellip;]<\/p>\n","protected":false},"author":1,"featured_media":167055,"comment_status":"open","ping_status":"open","sticky":false,"template":"","format":"standard","meta":[],"categories":[51,53,52],"tags":[107178,107181,107179,107180,107177,107176,107182,107183],"views":42,"_links":{"self":[{"href":"https:\/\/www.enerjigazetesi.ist\/en\/wp-json\/wp\/v2\/posts\/167050"}],"collection":[{"href":"https:\/\/www.enerjigazetesi.ist\/en\/wp-json\/wp\/v2\/posts"}],"about":[{"href":"https:\/\/www.enerjigazetesi.ist\/en\/wp-json\/wp\/v2\/types\/post"}],"author":[{"embeddable":true,"href":"https:\/\/www.enerjigazetesi.ist\/en\/wp-json\/wp\/v2\/users\/1"}],"replies":[{"embeddable":true,"href":"https:\/\/www.enerjigazetesi.ist\/en\/wp-json\/wp\/v2\/comments?post=167050"}],"version-history":[{"count":0,"href":"https:\/\/www.enerjigazetesi.ist\/en\/wp-json\/wp\/v2\/posts\/167050\/revisions"}],"wp:featuredmedia":[{"embeddable":true,"href":"https:\/\/www.enerjigazetesi.ist\/en\/wp-json\/wp\/v2\/media\/167055"}],"wp:attachment":[{"href":"https:\/\/www.enerjigazetesi.ist\/en\/wp-json\/wp\/v2\/media?parent=167050"}],"wp:term":[{"taxonomy":"category","embeddable":true,"href":"https:\/\/www.enerjigazetesi.ist\/en\/wp-json\/wp\/v2\/categories?post=167050"},{"taxonomy":"post_tag","embeddable":true,"href":"https:\/\/www.enerjigazetesi.ist\/en\/wp-json\/wp\/v2\/tags?post=167050"}],"curies":[{"name":"wp","href":"https:\/\/api.w.org\/{rel}","templated":true}]}}