{"id":167038,"date":"2023-01-13T14:12:33","date_gmt":"2023-01-13T11:12:33","guid":{"rendered":"https:\/\/www.enerjigazetesi.ist\/?p=167038"},"modified":"2023-01-13T14:12:33","modified_gmt":"2023-01-13T11:12:33","slug":"enerji-verimliligi-haftasinda-cocuklara-enerji-okuryazarligi-egitimi-verildi","status":"publish","type":"post","link":"https:\/\/www.enerjigazetesi.ist\/en\/enerji-verimliligi-haftasinda-cocuklara-enerji-okuryazarligi-egitimi-verildi\/","title":{"rendered":"(Turkish) &#8217;Enerji Verimlili\u011fi Haftas\u0131&#8217;nda \u00c7ocuklara Enerji Okuryazarl\u0131\u011f\u0131 E\u011fitimi Verildi"},"content":{"rendered":"<p class=\"qtranxs-available-languages-message qtranxs-available-languages-message-en\">Sorry, this entry is only available in <a href=\"https:\/\/www.enerjigazetesi.ist\/tr\/wp-json\/wp\/v2\/posts\/167038\" class=\"qtranxs-available-language-link qtranxs-available-language-link-tr\" title=\"Turkish\">Turkish<\/a>. For the sake of viewer convenience, the content is shown below in the alternative language. You may click the link to switch the active language.<\/p><p><\/p>\n<h2>Enerji kaynaklar\u0131n\u0131n verimli kullan\u0131m\u0131, tasarruf bilincinin erken ya\u015flarda edinilmesi hedefi ile CK Enerji Bo\u011fazi\u00e7i Elektrik ve \u0130stanbul \u0130l Milli E\u011fitim M\u00fcd\u00fcrl\u00fc\u011f\u00fc aras\u0131nda imzalanan protokol kapsam\u0131nda 2022-2023 y\u0131l\u0131 E\u011fitim \u00d6\u011fretim Y\u0131l\u0131 d\u00f6neminde ba\u015flat\u0131lan \u201cEnerji Okuryazarl\u0131\u011f\u0131\u201d e\u011fitimleri devam ediyor.<\/h2>\n<p>Bu y\u0131l 9 &#8211; 15 Ocak tarihleri aras\u0131nda kutlanan \u201cEnerji Verimlili\u011fi Haftas\u0131\u201dnda, toplumsal fark\u0131ndal\u0131\u011fa <img loading=\"lazy\" class=\"alignright wp-image-167042\" src=\"https:\/\/www.enerjigazetesi.ist\/wp-content\/uploads\/2023\/01\/enerji-verimliligi-haftasinda-cocuklara-enerji-okuryazarligi-egitimi-verildi-1.jpg\" alt=\"\" width=\"320\" height=\"200\" srcset=\"https:\/\/www.enerjigazetesi.ist\/wp-content\/uploads\/2023\/01\/enerji-verimliligi-haftasinda-cocuklara-enerji-okuryazarligi-egitimi-verildi-1.jpg 550w, https:\/\/www.enerjigazetesi.ist\/wp-content\/uploads\/2023\/01\/enerji-verimliligi-haftasinda-cocuklara-enerji-okuryazarligi-egitimi-verildi-1-300x188.jpg 300w, https:\/\/www.enerjigazetesi.ist\/wp-content\/uploads\/2023\/01\/enerji-verimliligi-haftasinda-cocuklara-enerji-okuryazarligi-egitimi-verildi-1-500x313.jpg 500w, https:\/\/www.enerjigazetesi.ist\/wp-content\/uploads\/2023\/01\/enerji-verimliligi-haftasinda-cocuklara-enerji-okuryazarligi-egitimi-verildi-1-80x50.jpg 80w\" sizes=\"(max-width: 320px) 100vw, 320px\" \/>katk\u0131 sa\u011flamak amac\u0131yla <strong>\u201cEnerji Okuryazarl\u0131\u011f\u0131\u201d e\u011fitimleri<\/strong>ne CK Enerji Bo\u011fazi\u00e7i Elektrik Genel M\u00fcd\u00fcr\u00fc Halit Bakal, \u0130stanbul \u0130l Milli E\u011fitim M\u00fcd\u00fcr Yard\u0131mc\u0131s\u0131 H\u00fcseyin Ayd\u0131n ve \u0130stanbul \u0130l Milli E\u011fitim M\u00fcd\u00fcrl\u00fc\u011f\u00fc Temel E\u011fitim \u015eube M\u00fcd\u00fcr\u00fc C\u00fcneyt Kamac\u0131 kat\u0131ld\u0131. \u00a012 Ocak Per\u015fembe g\u00fcn\u00fc Gaziosmanpa\u015fa\u2019daki <strong>Bekir Sami Dedeo\u011flu \u0130lkokulu\u2019nda<\/strong> 3. ve 4. s\u0131n\u0131flara y\u00f6nelik Enerji Okuryazarl\u0131\u011f\u0131 e\u011fitiminin ard\u0131ndan programa kat\u0131lan \u00f6\u011frencilere \u201cEnerji El\u00e7isi Sertifikalar\u0131\u201d da\u011f\u0131t\u0131l\u0131rken enerji tasarrufuna y\u00f6nelik mesajlar\u0131 i\u00e7eren etiketler hediye edildi.<\/p>\n<h3><strong>\u201cB\u0130L\u0130N\u00c7L\u0130 ENERJ\u0130 T\u00dcKET\u0130M\u0130 YEN\u0130 ENERJ\u0130 KAYNA\u011eI DEMEK\u201d<\/strong><\/h3>\n<p>Enerji Okuryazarl\u0131\u011f\u0131 Projesi ile enerji verimlili\u011fi konusunda toplumsal bilincin olu\u015fmas\u0131na katk\u0131 sunmay\u0131 hedeflediklerini belirten <strong>CK Enerji Bo\u011fazi\u00e7i Elektrik Genel M\u00fcd\u00fcr\u00fc Halit Bakal<\/strong>, <em>\u201cGelece\u011fe yap\u0131lan en b\u00fcy\u00fck yat\u0131r\u0131m olan e\u011fitim, toplumlar\u0131n refah d\u00fczeyini de belirliyor. Biliyoruz ki ancak e\u011fitimli ve bilin\u00e7li bir toplum gelecek nesillere daha g\u00fczel bir d\u00fcnya b\u0131rakabilir. Bu bak\u0131\u015f a\u00e7\u0131s\u0131yla \u0130stanbul \u0130l Milli E\u011fitim M\u00fcd\u00fcrl\u00fc\u011f\u00fcm\u00fcz\u00fcn katk\u0131lar\u0131 ile okullar\u0131m\u0131zda ba\u015flatt\u0131\u011f\u0131m\u0131z Enerji Okuryazarl\u0131\u011f\u0131 projemizin k\u0131t enerji kaynaklar\u0131n\u0131n do\u011fru kullan\u0131m\u0131nda \u00e7ocuklar\u0131m\u0131za bir yol g\u00f6sterici olaca\u011f\u0131na inan\u0131yor ve bu e\u011fitimleri \u00e7ok ama \u00e7ok \u00f6nemsiyoruz. Bug\u00fcn geldi\u011fimiz noktada s\u00fcrd\u00fcr\u00fclebilir bir gelecek i\u00e7in her ge\u00e7en g\u00fcn azalan enerji kaynaklar\u0131n\u0131 verimli kullanmaya mecburuz. Hem d\u00fcnyam\u0131z hem de \u00fclkemiz i\u00e7in tasarruf al\u0131\u015fkanl\u0131\u011f\u0131n\u0131n erken ya\u015flarda edinilmesi, bunun bir ya\u015fam tarz\u0131 olmas\u0131 gerekiyor. Bu nedenle Enerji Okuryazarl\u0131\u011f\u0131 projemizin, okullar\u0131m\u0131zda devam eden e\u011fitim aya\u011f\u0131n\u0131 \u00e7ok de\u011ferli buluyorum. Bu e\u011fitimler ile sadece \u00e7ocuklar\u0131m\u0131za de\u011fil, onlar\u0131n arac\u0131l\u0131\u011f\u0131 ile ailelerine de ula\u015f\u0131yoruz. Enerjiyi tasarruf etmek, verimli kullanmak, en temiz ve en ucuz enerji kayna\u011f\u0131d\u0131r. Bilin\u00e7li enerji t\u00fcketimi ile bu \u00fclkeye yeni enerji kaynaklar\u0131 kazand\u0131raca\u011f\u0131m\u0131z\u0131 unutmamal\u0131y\u0131z\u201d<\/em> de\u011ferlendirmesinde bulundu.<\/p>\n<h3><strong>EVDE VE OKULDA ENERJ\u0130 TASARRUF Y\u00d6NTEMLER\u0130 ANLATILIYOR<\/strong><\/h3>\n<p>\u0130stanbul \u0130l Milli E\u011fitim M\u00fcd\u00fcrl\u00fc\u011f\u00fc ile yap\u0131lan protokol \u00e7er\u00e7evesinde CK Enerji Bo\u011fazi\u00e7i Elektrik, \u0130stanbul Avrupa Yakas\u0131\u2019nda pilot olarak belirlenen okullarda ilkokul 3. ve 4. s\u0131n\u0131f, ortaokul 5. ve 6. s\u0131n\u0131f \u00f6\u011frencilerine \u201celektri\u011fin ne oldu\u011fu, nas\u0131l \u00fcretildi\u011fi, g\u00fcvenli elektrik kullan\u0131m\u0131, enerji verimlili\u011fi, evde ve okulda enerji tasarruf y\u00f6ntemlerini\u201d anlat\u0131l\u0131yor.<\/p>\n<p>E\u011fitim alan \u00f6\u011frencilere program sonras\u0131nda \u201cEnerji El\u00e7isi Sertifikas\u0131\u201d verilirken ye\u015fil enerji konusunda da toplumsal fark\u0131ndal\u0131k i\u00e7in ilk ad\u0131m at\u0131l\u0131yor. Ayr\u0131ca Enerji Okuryazarl\u0131\u011f\u0131 e\u011fitimlerinin sonu\u00e7lar\u0131n\u0131 \u00f6l\u00e7\u00fcmlemek i\u00e7in e\u011fitim \u00f6ncesi ve sonras\u0131n\u0131 kapsayan e\u011fitim d\u00f6nemindeki elektrik faturalar\u0131 takip edilerek t\u00fcketimlerini en fazla d\u00fc\u015f\u00fcren 3 okula \u00f6d\u00fcl verilmesi y\u00f6n\u00fcnde de \u00e7al\u0131\u015fma y\u00fcr\u00fct\u00fcl\u00fcyor.<\/p>","protected":false},"excerpt":{"rendered":"<p>Sorry, this entry is only available in Turkish. For the sake of viewer convenience, the content is shown below in the alternative language. You may click the link to switch the active language. Enerji kaynaklar\u0131n\u0131n verimli kullan\u0131m\u0131, tasarruf bilincinin erken ya\u015flarda edinilmesi hedefi ile CK Enerji Bo\u011fazi\u00e7i Elektrik ve \u0130stanbul \u0130l Milli E\u011fitim M\u00fcd\u00fcrl\u00fc\u011f\u00fc aras\u0131nda [&hellip;]<\/p>\n","protected":false},"author":1,"featured_media":167043,"comment_status":"open","ping_status":"open","sticky":false,"template":"","format":"standard","meta":[],"categories":[51,53,52],"tags":[38110,26353,105969,107175],"views":47,"_links":{"self":[{"href":"https:\/\/www.enerjigazetesi.ist\/en\/wp-json\/wp\/v2\/posts\/167038"}],"collection":[{"href":"https:\/\/www.enerjigazetesi.ist\/en\/wp-json\/wp\/v2\/posts"}],"about":[{"href":"https:\/\/www.enerjigazetesi.ist\/en\/wp-json\/wp\/v2\/types\/post"}],"author":[{"embeddable":true,"href":"https:\/\/www.enerjigazetesi.ist\/en\/wp-json\/wp\/v2\/users\/1"}],"replies":[{"embeddable":true,"href":"https:\/\/www.enerjigazetesi.ist\/en\/wp-json\/wp\/v2\/comments?post=167038"}],"version-history":[{"count":1,"href":"https:\/\/www.enerjigazetesi.ist\/en\/wp-json\/wp\/v2\/posts\/167038\/revisions"}],"predecessor-version":[{"id":167039,"href":"https:\/\/www.enerjigazetesi.ist\/en\/wp-json\/wp\/v2\/posts\/167038\/revisions\/167039"}],"wp:featuredmedia":[{"embeddable":true,"href":"https:\/\/www.enerjigazetesi.ist\/en\/wp-json\/wp\/v2\/media\/167043"}],"wp:attachment":[{"href":"https:\/\/www.enerjigazetesi.ist\/en\/wp-json\/wp\/v2\/media?parent=167038"}],"wp:term":[{"taxonomy":"category","embeddable":true,"href":"https:\/\/www.enerjigazetesi.ist\/en\/wp-json\/wp\/v2\/categories?post=167038"},{"taxonomy":"post_tag","embeddable":true,"href":"https:\/\/www.enerjigazetesi.ist\/en\/wp-json\/wp\/v2\/tags?post=167038"}],"curies":[{"name":"wp","href":"https:\/\/api.w.org\/{rel}","templated":true}]}}