{"id":167018,"date":"2023-01-13T12:00:46","date_gmt":"2023-01-13T09:00:46","guid":{"rendered":"https:\/\/www.enerjigazetesi.ist\/?p=167018"},"modified":"2023-01-13T12:00:46","modified_gmt":"2023-01-13T09:00:46","slug":"suzuki-nin-ilk-tamamen-elektrikli-otomobili-2025-yilinda-yollara-cikiyor","status":"publish","type":"post","link":"https:\/\/www.enerjigazetesi.ist\/en\/suzuki-nin-ilk-tamamen-elektrikli-otomobili-2025-yilinda-yollara-cikiyor\/","title":{"rendered":"(Turkish) Suzuki\u2019nin \u0130lk Tamamen Elektrikli Otomobili 2025 Y\u0131l\u0131nda Yollara \u00c7\u0131k\u0131yor"},"content":{"rendered":"<p class=\"qtranxs-available-languages-message qtranxs-available-languages-message-en\">Sorry, this entry is only available in <a href=\"https:\/\/www.enerjigazetesi.ist\/tr\/wp-json\/wp\/v2\/posts\/167018\" class=\"qtranxs-available-language-link qtranxs-available-language-link-tr\" title=\"Turkish\">Turkish<\/a>. For the sake of viewer convenience, the content is shown below in the alternative language. You may click the link to switch the active language.<\/p><p><\/p>\n<h2><strong>Suzuki\u2019nin ilk tamamen elektrikli seri \u00fcretim arac\u0131na \u0131\u015f\u0131k tutan konsept eVX, Hindistan\u2019daki Auto Expo 2023\u2019te tan\u0131t\u0131ld\u0131. S\u00fcrd\u00fcr\u00fclebilirlik yat\u0131r\u0131mlar\u0131na a\u011f\u0131rl\u0131k veren Suzuki, elektrikli SUV modelini 2025 y\u0131l\u0131nda yollara \u00e7\u0131karmay\u0131 planl\u0131yor.<\/strong><\/h2>\n<p><strong>Suzuki<\/strong>, <em>elektrikli ara\u00e7 konsept otomobili<\/em> <strong>eVX<\/strong>\u2019in d\u00fcnya tan\u0131t\u0131m\u0131n\u0131 Hindistan\u2019\u0131n Delhi kentinde d\u00fczenlenen <strong>Auto Expo 2023<\/strong>\u2019teki Maruti Suzuki Pavilion\u2019unda ger\u00e7ekle\u015ftirdi. eVX, Suzuki\u2019nin ilk <img loading=\"lazy\" class=\"alignright wp-image-167020\" src=\"https:\/\/www.enerjigazetesi.ist\/wp-content\/uploads\/2023\/01\/Suzuki-eVX-2.jpg\" alt=\"\" width=\"320\" height=\"182\" srcset=\"https:\/\/www.enerjigazetesi.ist\/wp-content\/uploads\/2023\/01\/Suzuki-eVX-2.jpg 550w, https:\/\/www.enerjigazetesi.ist\/wp-content\/uploads\/2023\/01\/Suzuki-eVX-2-300x170.jpg 300w, https:\/\/www.enerjigazetesi.ist\/wp-content\/uploads\/2023\/01\/Suzuki-eVX-2-500x284.jpg 500w, https:\/\/www.enerjigazetesi.ist\/wp-content\/uploads\/2023\/01\/Suzuki-eVX-2-80x45.jpg 80w\" sizes=\"(max-width: 320px) 100vw, 320px\" \/>k\u00fcresel stratejik elektrikli arac\u0131na \u0131\u015f\u0131k tutan tamamen <strong>elektrikli bir konsept SUV<\/strong> olmas\u0131yla \u00f6n plana \u00e7\u0131k\u0131yor.<\/p>\n<p>Suzuki halen, d\u00fcnyan\u0131n farkl\u0131 pazarlar\u0131nda <strong>Vitara, Jimny<\/strong> ve <strong>S-CROSS<\/strong> gibi <strong>SUV modelleriyle<\/strong> yer al\u0131yor. eVX, <strong>%100 elektrikli bir otomobil<\/strong> ve en g\u00fcncel elektrikli otomobil \u00f6zelliklerini Suzuki\u2019nin g\u00fc\u00e7l\u00fc 4&#215;4 DNA\u2019s\u0131 ile birle\u015ftiriyor. D\u0131\u015f tasar\u0131m\u0131 ilk bak\u0131\u015fta bir Suzuki SUV olarak an\u0131nda kendini g\u00f6steren bir tasar\u0131ma sahip. Ayr\u0131ca, ger\u00e7ek bir Suzuki <strong>SUV s\u00fcr\u00fc\u015f deneyimi<\/strong> sunmak \u00fczere markan\u0131n <strong>4&#215;4 miras\u0131n\u0131<\/strong> yeni elektrikli \u00e7a\u011fa da ta\u015f\u0131yor.<\/p>\n<p><strong>Suzuki Ba\u015fkan\u0131 Toshiro Suzuki<\/strong>, Auto Expo 2023\u2019te d\u00fczenlenen bas\u0131n toplant\u0131s\u0131nda; <em>\u201c\u0130lk k\u00fcresel stratejik elektrikli arac\u0131m\u0131z olan eVX\u2019i tan\u0131tmaktan mutluluk duyuyorum. Suzuki Group olarak k\u00fcresel \u0131s\u0131nmay\u0131 ele almak en \u00f6nemli \u00f6nceli\u011fimiz. Sera gaz\u0131 emisyonlar\u0131n\u0131 azaltmak i\u00e7in al\u0131nan k\u00fcresel \u00f6nlemleri destekliyoruz. Suzuki olarak d\u00fcnyan\u0131n d\u00f6rt bir yan\u0131ndaki m\u00fc\u015fterilerimiz i\u00e7in nitelikli \u00fcr\u00fcnlerimizi farkl\u0131 insanlar\u0131n ya\u015fam ve ara\u00e7 kullanma bi\u00e7imlerine g\u00f6re optimize ederek sunmaya devam edece\u011fiz\u201d<\/em> dedi.<\/p>\n<h3><strong>Teknik \u00f6zellikler<\/strong><\/h3>\n<p>Uzunluk: 4.300 mm<\/p>\n<p>Geni\u015flik: 1.800 mm<\/p>\n<p>Y\u00fckseklik: 1.600 mm<\/p>\n<p>Batarya kapasitesi: 60 kWsa<\/p>\n<p>Menzil: 550 km (De\u011fi\u015ftirilmi\u015f Hint s\u00fcr\u00fc\u015f d\u00f6ng\u00fcs\u00fcyle \u00f6l\u00e7\u00fclm\u00fc\u015ft\u00fcr (MIDC))<\/p>","protected":false},"excerpt":{"rendered":"<p>Sorry, this entry is only available in Turkish. For the sake of viewer convenience, the content is shown below in the alternative language. You may click the link to switch the active language. Suzuki\u2019nin ilk tamamen elektrikli seri \u00fcretim arac\u0131na \u0131\u015f\u0131k tutan konsept eVX, Hindistan\u2019daki Auto Expo 2023\u2019te tan\u0131t\u0131ld\u0131. S\u00fcrd\u00fcr\u00fclebilirlik yat\u0131r\u0131mlar\u0131na a\u011f\u0131rl\u0131k veren Suzuki, elektrikli [&hellip;]<\/p>\n","protected":false},"author":1,"featured_media":167021,"comment_status":"open","ping_status":"open","sticky":false,"template":"","format":"standard","meta":[],"categories":[51,53],"tags":[1270,107173,107174,26955],"views":50,"_links":{"self":[{"href":"https:\/\/www.enerjigazetesi.ist\/en\/wp-json\/wp\/v2\/posts\/167018"}],"collection":[{"href":"https:\/\/www.enerjigazetesi.ist\/en\/wp-json\/wp\/v2\/posts"}],"about":[{"href":"https:\/\/www.enerjigazetesi.ist\/en\/wp-json\/wp\/v2\/types\/post"}],"author":[{"embeddable":true,"href":"https:\/\/www.enerjigazetesi.ist\/en\/wp-json\/wp\/v2\/users\/1"}],"replies":[{"embeddable":true,"href":"https:\/\/www.enerjigazetesi.ist\/en\/wp-json\/wp\/v2\/comments?post=167018"}],"version-history":[{"count":0,"href":"https:\/\/www.enerjigazetesi.ist\/en\/wp-json\/wp\/v2\/posts\/167018\/revisions"}],"wp:featuredmedia":[{"embeddable":true,"href":"https:\/\/www.enerjigazetesi.ist\/en\/wp-json\/wp\/v2\/media\/167021"}],"wp:attachment":[{"href":"https:\/\/www.enerjigazetesi.ist\/en\/wp-json\/wp\/v2\/media?parent=167018"}],"wp:term":[{"taxonomy":"category","embeddable":true,"href":"https:\/\/www.enerjigazetesi.ist\/en\/wp-json\/wp\/v2\/categories?post=167018"},{"taxonomy":"post_tag","embeddable":true,"href":"https:\/\/www.enerjigazetesi.ist\/en\/wp-json\/wp\/v2\/tags?post=167018"}],"curies":[{"name":"wp","href":"https:\/\/api.w.org\/{rel}","templated":true}]}}