{"id":166983,"date":"2023-01-12T14:51:14","date_gmt":"2023-01-12T11:51:14","guid":{"rendered":"https:\/\/www.enerjigazetesi.ist\/?p=166983"},"modified":"2023-01-12T14:54:44","modified_gmt":"2023-01-12T11:54:44","slug":"firat-edastan-elaziga-9-milyon-tl-yatirim","status":"publish","type":"post","link":"https:\/\/www.enerjigazetesi.ist\/en\/firat-edastan-elaziga-9-milyon-tl-yatirim\/","title":{"rendered":"(Turkish) F\u0131rat Eda\u015f&#8217;tan Elaz\u0131\u011f&#8217;da 9 Milyon TL&#8217;lik Yat\u0131r\u0131m"},"content":{"rendered":"<p class=\"qtranxs-available-languages-message qtranxs-available-languages-message-en\">Sorry, this entry is only available in <a href=\"https:\/\/www.enerjigazetesi.ist\/tr\/wp-json\/wp\/v2\/posts\/166983\" class=\"qtranxs-available-language-link qtranxs-available-language-link-tr\" title=\"Turkish\">Turkish<\/a>. For the sake of viewer convenience, the content is shown below in the alternative language. You may click the link to switch the active language.<\/p><p><\/p>\n<h2>F\u0131rat EDA\u015e (F\u0131rat Elektrik Da\u011f\u0131t\u0131m A.\u015e), Elaz\u0131\u011f\u2019da kesintisiz enerji arz\u0131 i\u00e7in \u00e7al\u0131\u015fmalar\u0131na devam ediyor. Kaliteli hizmet anlay\u0131\u015f\u0131 kapsam\u0131nda ger\u00e7ekle\u015ftirdi\u011fi \u00e7al\u0131\u015fmalar\u0131 ile F\u0131rat EDA\u015e, El\u00e2z\u0131\u011f ve \u00e7evre il\u00e7elerine 9 milyon TL yat\u0131r\u0131m ger\u00e7ekle\u015ftirdi.<\/h2>\n<h2><img loading=\"lazy\" class=\"alignright wp-image-166985\" src=\"https:\/\/www.enerjigazetesi.ist\/wp-content\/uploads\/2023\/01\/firat-edastan-elaziga-9-milyon-tl-yatirim.jpg\" alt=\"\" width=\"320\" height=\"192\" srcset=\"https:\/\/www.enerjigazetesi.ist\/wp-content\/uploads\/2023\/01\/firat-edastan-elaziga-9-milyon-tl-yatirim.jpg 594w, https:\/\/www.enerjigazetesi.ist\/wp-content\/uploads\/2023\/01\/firat-edastan-elaziga-9-milyon-tl-yatirim-300x180.jpg 300w, https:\/\/www.enerjigazetesi.ist\/wp-content\/uploads\/2023\/01\/firat-edastan-elaziga-9-milyon-tl-yatirim-500x300.jpg 500w, https:\/\/www.enerjigazetesi.ist\/wp-content\/uploads\/2023\/01\/firat-edastan-elaziga-9-milyon-tl-yatirim-80x48.jpg 80w\" sizes=\"(max-width: 320px) 100vw, 320px\" \/><\/h2>\n<p>F\u0131rat EDA\u015e 2022 y\u0131l\u0131 yat\u0131r\u0131m program\u0131 kapsam\u0131nda hayata ge\u00e7irdi\u011fi <strong>Sanayi Keresteciler al\u00e7ak ve y\u00fcksek gerilim Tesisi projesi<\/strong> ile, El\u00e2z\u0131\u011f Merkez Sanayi ve K\u0131rklar Mahallelerinin mevcut da\u011f\u0131t\u0131m \u015febekelerinin ekonomik \u00f6m\u00fcrlerini doldurmas\u0131 sebebiyle <strong>gerilim d\u00fc\u015f\u00fcm\u00fc \u015fikayetlerinin azalt\u0131lmas\u0131, havai \u015febekeden dolay\u0131 sokak ve caddelerin modern bir g\u00f6r\u00fcn\u00fcme kavu\u015fturulmas\u0131<\/strong> gibi bir\u00e7ok iyile\u015ftirme ger\u00e7ekle\u015ftirilmi\u015f olacak.<\/p>\n<p>Proje kapsam\u0131nda toplam bedeli <strong>9 milyon TL<\/strong> olan <strong>5 km<\/strong> al\u00e7ak gerilim yeralt\u0131 da\u011f\u0131t\u0131m hatt\u0131, <strong>1 km<\/strong> y\u00fcksek gerilim yeralt\u0131 enerji nakil hatt\u0131,<strong> 57 adet<\/strong> saha da\u011f\u0131t\u0131m kutusu, <strong>3 adet<\/strong> beton k\u00f6\u015fk trafolar\u0131, <strong>126 adet ayd\u0131nlatma dire\u011fi<\/strong> ve <strong>armat\u00fcr<\/strong> b\u00f6lgedeki abonelerin hizmetine sunuldu. Ayr\u0131ca eski ve \u00f6mr\u00fcn\u00fc doldurmu\u015f direklerin, armat\u00fcrlerin ve iletkenlerin demontaj\u0131 yap\u0131larak mahalleler ve sokaklar daha modern bir g\u00f6r\u00fcn\u00fcme kavu\u015fturuldu.<\/p>\n<p>F\u0131rat EDA\u015e yetkilileri, Elaz\u0131\u011f\u2019da kesintisiz <strong>enerji arz\u0131<\/strong> i\u00e7in<strong> 7\/24<\/strong> h\u0131z kesmeden var g\u00fc\u00e7leriyle \u00e7al\u0131\u015fmaya devam edeceklerini belirtti.<\/p>\n<p>Kaynak: <a href=\"https:\/\/www.elazighakimiyethaber.com\/firat-edas-tan-elazig-a-9-milyon-tl-yatirim\/79359\/\" target=\"_blank\" rel=\"nofollow noopener\">Elaz\u0131\u011fHakimiyetHaber<\/a><\/p>","protected":false},"excerpt":{"rendered":"<p>Sorry, this entry is only available in Turkish. For the sake of viewer convenience, the content is shown below in the alternative language. You may click the link to switch the active language. F\u0131rat EDA\u015e (F\u0131rat Elektrik Da\u011f\u0131t\u0131m A.\u015e), Elaz\u0131\u011f\u2019da kesintisiz enerji arz\u0131 i\u00e7in \u00e7al\u0131\u015fmalar\u0131na devam ediyor. Kaliteli hizmet anlay\u0131\u015f\u0131 kapsam\u0131nda ger\u00e7ekle\u015ftirdi\u011fi \u00e7al\u0131\u015fmalar\u0131 ile F\u0131rat [&hellip;]<\/p>\n","protected":false},"author":1,"featured_media":166985,"comment_status":"open","ping_status":"open","sticky":false,"template":"","format":"standard","meta":[],"categories":[51,53],"tags":[95293,15016,2873,1238,52939],"views":45,"_links":{"self":[{"href":"https:\/\/www.enerjigazetesi.ist\/en\/wp-json\/wp\/v2\/posts\/166983"}],"collection":[{"href":"https:\/\/www.enerjigazetesi.ist\/en\/wp-json\/wp\/v2\/posts"}],"about":[{"href":"https:\/\/www.enerjigazetesi.ist\/en\/wp-json\/wp\/v2\/types\/post"}],"author":[{"embeddable":true,"href":"https:\/\/www.enerjigazetesi.ist\/en\/wp-json\/wp\/v2\/users\/1"}],"replies":[{"embeddable":true,"href":"https:\/\/www.enerjigazetesi.ist\/en\/wp-json\/wp\/v2\/comments?post=166983"}],"version-history":[{"count":0,"href":"https:\/\/www.enerjigazetesi.ist\/en\/wp-json\/wp\/v2\/posts\/166983\/revisions"}],"wp:featuredmedia":[{"embeddable":true,"href":"https:\/\/www.enerjigazetesi.ist\/en\/wp-json\/wp\/v2\/media\/166985"}],"wp:attachment":[{"href":"https:\/\/www.enerjigazetesi.ist\/en\/wp-json\/wp\/v2\/media?parent=166983"}],"wp:term":[{"taxonomy":"category","embeddable":true,"href":"https:\/\/www.enerjigazetesi.ist\/en\/wp-json\/wp\/v2\/categories?post=166983"},{"taxonomy":"post_tag","embeddable":true,"href":"https:\/\/www.enerjigazetesi.ist\/en\/wp-json\/wp\/v2\/tags?post=166983"}],"curies":[{"name":"wp","href":"https:\/\/api.w.org\/{rel}","templated":true}]}}