{"id":166961,"date":"2023-01-12T13:25:32","date_gmt":"2023-01-12T10:25:32","guid":{"rendered":"https:\/\/www.enerjigazetesi.ist\/?p=166961"},"modified":"2023-01-12T13:28:04","modified_gmt":"2023-01-12T10:28:04","slug":"kocaer-celik-2023-sonu-enerjisinin-tamamini-temiz-enerjiden-karsilayacak","status":"publish","type":"post","link":"https:\/\/www.enerjigazetesi.ist\/en\/kocaer-celik-2023-sonu-enerjisinin-tamamini-temiz-enerjiden-karsilayacak\/","title":{"rendered":"(Turkish) &#8217;Kocaer \u00c7elik&#8217; 2023 Sonu Enerjisinin Tamam\u0131n\u0131 Temiz Enerji&#8217;den Kar\u015f\u0131layacak"},"content":{"rendered":"<p class=\"qtranxs-available-languages-message qtranxs-available-languages-message-en\">Sorry, this entry is only available in <a href=\"https:\/\/www.enerjigazetesi.ist\/tr\/wp-json\/wp\/v2\/posts\/166961\" class=\"qtranxs-available-language-link qtranxs-available-language-link-tr\" title=\"Turkish\">Turkish<\/a>. For the sake of viewer convenience, the content is shown below in the alternative language. You may click the link to switch the active language.<\/p><p><\/p>\n<h2><strong>Alt\u0131 k\u0131tada 140 \u00fclkeye ger\u00e7ekle\u015ftirdi\u011fi ihracatla T\u00fcrkiye\u2019nin sekt\u00f6r\u00fcnde en b\u00fcy\u00fck \u00e7elik profil ihracat\u00e7\u0131lar\u0131ndan Kocaer \u00c7elik<\/strong><strong>, Ege B\u00f6lgesi&#8217;nin demir \u00e7e<\/strong><strong>lik sekt\u00f6r\u00fcndeki ihracat \u015fampiyonlu\u011funu 2022 y\u0131l\u0131nda da s\u00fcrd\u00fcrd\u00fc. Kocaer \u00c7elik Y\u00f6netim Kurulu Ba\u015fkan\u0131 Hakan Kocaer, k\u00fcresel rekabet g\u00fc\u00e7lerini ve ihracatlar\u0131n\u0131 daha da art\u0131rmak i\u00e7in katma de\u011feri y\u00fcksek yeni \u00fcr\u00fcnleri portf\u00f6ylerine eklemeye ve yurt d\u0131\u015f\u0131 da\u011f\u0131t\u0131m a\u011flar\u0131n\u0131 geni\u015fletmeye devam edeceklerini a\u00e7\u0131klad\u0131.<\/strong><\/h2>\n<p>T\u00fcrkiye\u2019de ve Avrupa\u2019da, <strong>\u00e7elik profil imalat\u0131, servis merkezi<\/strong> ve<strong> galvaniz kaplama i\u015flemlerini<\/strong> entegre bir yap\u0131da ger\u00e7ekle\u015ftiren \u00f6nc\u00fc \u015firketlerden Kocaer \u00c7elik, <strong>Ege Demir ve Demird\u0131\u015f\u0131 Metaller \u0130hracat\u00e7\u0131lar\u0131 Birli\u011fi\u2019nin (EDDM\u0130B)<\/strong> \u0130hracat\u0131n Y\u0131ld\u0131zlar\u0131 \u00d6d\u00fcl T\u00f6reni\u2019nde Ege B\u00f6lgesi\u2019nin demir \u00e7elik sekt\u00f6r\u00fcnde<strong> ihracat \u015fampiyonu \u00f6d\u00fcl\u00fcne<\/strong> lay\u0131k g\u00f6r\u00fcld\u00fc. 2022 y\u0131l\u0131nda ihracat\u0131n\u0131 \u00f6nceki y\u0131la g\u00f6re <img loading=\"lazy\" class=\"alignright wp-image-166965\" src=\"https:\/\/www.enerjigazetesi.ist\/wp-content\/uploads\/2023\/01\/Adnan-Yildirim_Hakan-Kocaer_Jak-Eskinazi.jpg\" alt=\"\" width=\"320\" height=\"213\" srcset=\"https:\/\/www.enerjigazetesi.ist\/wp-content\/uploads\/2023\/01\/Adnan-Yildirim_Hakan-Kocaer_Jak-Eskinazi.jpg 550w, https:\/\/www.enerjigazetesi.ist\/wp-content\/uploads\/2023\/01\/Adnan-Yildirim_Hakan-Kocaer_Jak-Eskinazi-300x200.jpg 300w, https:\/\/www.enerjigazetesi.ist\/wp-content\/uploads\/2023\/01\/Adnan-Yildirim_Hakan-Kocaer_Jak-Eskinazi-500x333.jpg 500w, https:\/\/www.enerjigazetesi.ist\/wp-content\/uploads\/2023\/01\/Adnan-Yildirim_Hakan-Kocaer_Jak-Eskinazi-75x50.jpg 75w, https:\/\/www.enerjigazetesi.ist\/wp-content\/uploads\/2023\/01\/Adnan-Yildirim_Hakan-Kocaer_Jak-Eskinazi-450x300.jpg 450w\" sizes=\"(max-width: 320px) 100vw, 320px\" \/><strong>y\u00fczde 44<\/strong> art\u0131\u015fla <strong>396,2 milyon dolara<\/strong> y\u00fckselten \u015firket, b\u00f6ylece 2018\u2019den bu yana \u015fampiyonlu\u011funu kesintisiz \u015fekilde s\u00fcrd\u00fcrm\u00fc\u015f oldu.<\/p>\n<h3><strong>Katma de\u011ferli \u00fcr\u00fcnler ve ihracatla b\u00fcy\u00fcmeye devam edecek<\/strong><\/h3>\n<p>Katma de\u011ferli ihracat ile \u00fclke ekonomisine sa\u011flad\u0131klar\u0131 katk\u0131y\u0131 her ge\u00e7en y\u0131l art\u0131rd\u0131klar\u0131n\u0131 belirten <strong>Kocaer \u00c7elik Y\u00f6netim Kurulu Ba\u015fkan\u0131 Hakan Kocaer, <\/strong><em>\u201cKocaer \u00c7elik olarak sadece Ege B\u00f6lgesi\u2019nin de\u011fil, T\u00fcrkiye\u2019nin ihracat yapan en b\u00fcy\u00fck 100 \u015firketi aras\u0131nda yer al\u0131yoruz. Sekt\u00f6r\u00fcm\u00fczde ya\u015fanan dalgalanmalara ra\u011fmen 2022 y\u0131l\u0131nda \u00fcretim ve sat\u0131\u015f hedeflerimiz planlad\u0131\u011f\u0131m\u0131z \u015fekilde ger\u00e7ekle\u015fti. D\u00fcnyada \u00fcretimi zor ve k\u0131s\u0131tl\u0131 olan \u00fcr\u00fcnlerin geli\u015ftirilmesi ve \u00fcretilmesi i\u00e7in Ar-Ge \u00e7al\u0131\u015fmalar\u0131m\u0131za devam ediyoruz. D\u00fcnyada ya\u015fanan enerji krizi nedeniyle h\u0131zla b\u00fcy\u00fcmesi beklenen <strong>g\u00fcne\u015f enerjisi<\/strong> ve <strong>madencilik sekt\u00f6r\u00fcne<\/strong> <strong>\u00f6zel profillere yo\u011funla\u015ft\u0131k<\/strong>. Bu sayede 2022\u2019nin ilk dokuz ay\u0131nda katma de\u011ferli \u00fcr\u00fcnlerimizin toplam sat\u0131\u015flar i\u00e7indeki pay\u0131n\u0131 y\u00fczde 42 seviyelerine \u00e7\u0131kard\u0131k. 2023 y\u0131l\u0131nda A1 ve A2 fabrikalar\u0131m\u0131zda yeni katma de\u011ferli \u00fcr\u00fcnlerin \u00fcretimine y\u00f6nelik son teknolojiyi kullanarak ger\u00e7ekle\u015ftirece\u011fimiz yat\u0131r\u0131mlar ile de k\u00fcresel rekabet g\u00fcc\u00fcm\u00fcz\u00fc ve ihracat\u0131m\u0131z\u0131 daha da art\u0131rmay\u0131 ama\u00e7l\u0131yoruz. Bununla beraber yurt d\u0131\u015f\u0131 da\u011f\u0131t\u0131m kanallar\u0131m\u0131z<strong> Kocaer Steel UK <\/strong>ve<strong> Kocaer Steel Ireland<\/strong> \u00fczerinden \u00fcr\u00fcnlerimizi <strong>Birle\u015fik Krall\u0131k <\/strong>ve <strong>\u0130rlanda\u2019daki<\/strong> m\u00fc\u015fterilerimize en k\u0131sa s\u00fcrede ula\u015ft\u0131r\u0131yoruz. <strong>Amerika, \u0130talya, \u0130srail, Peru, Kolombiya, Paraguay, M\u0131s\u0131r ve Fas\u2019ta<\/strong> yurt d\u0131\u015f\u0131 sat\u0131\u015f temsilciliklerimiz bulunuyor. \u00dclke ekonomimize sa\u011flad\u0131\u011f\u0131m\u0131z fayday\u0131 daha da b\u00fcy\u00fctmek i\u00e7in sat\u0131\u015flar\u0131m\u0131z i\u00e7inde katma de\u011ferli \u00fcr\u00fcnlerimizin pay\u0131n\u0131 art\u0131rmay\u0131 ve yurt d\u0131\u015f\u0131 da\u011f\u0131t\u0131m a\u011f\u0131m\u0131z\u0131 <strong>Kocaer Steel UK<\/strong> yap\u0131lanmas\u0131na benzer olu\u015fumlarla farkl\u0131 \u00fclkelerde geni\u015fletmeyi hedefliyoruz\u201d<\/em> dedi.<\/p>\n<h3><strong>Ar-Ge \u00e7al\u0131\u015fmalar\u0131nda \u00f6ncelik katma de\u011feri y\u00fcksek yeni \u00fcr\u00fcnler<\/strong><\/h3>\n<p>Kocaer \u00c7elik, bug\u00fcn \u0130zmir Alia\u011fa\u2019da 85.000 m<sup>2<\/sup>\u2019si kapal\u0131 olmak \u00fczere toplam 280.000 m<sup>2<\/sup> alanda 800.000 ton\/y\u0131l kapasiteli 3 \u00c7elik Profil Fabrikas\u0131, 100.000 ton\/y\u0131l kapasiteli Galvaniz Fabrikas\u0131, 120.000 ton\/y\u0131l kapasiteli Servis Merkezi ve 15 milyon kWh\/y\u0131l kapasiteli <strong>yenilenebilir enerji \u00fcretim tesisi (GES)<\/strong> ile \u00fcretimlerini s\u00fcrd\u00fcr\u00fcyor. 2015 y\u0131l\u0131nda kendi segmentinde Sanayi ve Teknoloji Bakanl\u0131\u011f\u0131 taraf\u0131ndan belgelendirilen ilk Ar-Ge Merkezi\u2019ni hayata ge\u00e7iren Kocaer \u00c7elik, bu yat\u0131r\u0131m\u0131yla beraber \u00e7elikte yeni \u00fcr\u00fcn, makine ve s\u00fcre\u00e7 tasar\u0131m\u0131 yapan bir m\u00fchendislik \u015firketine d\u00f6n\u00fc\u015ft\u00fc. \u00dcr\u00fcn \u00e7e\u015fitlili\u011finin geni\u015fletilmesi ve katma de\u011feri y\u00fcksek yeni \u00fcr\u00fcnlerin geli\u015ftirilmesine odaklanan Kocaer \u00c7elik, bug\u00fcn 60\u2019a yak\u0131n farkl\u0131 kimyasal kompozisyon i\u00e7eren kalitede ve 12 binin \u00fczerinde \u00e7e\u015fitli cins, ebat ve kal\u0131nl\u0131klarda katma de\u011ferli \u00fcr\u00fcn sunuyor. \u015eirket, ba\u015fta <strong>g\u00fcne\u015f enerjisi, enerji ve madencilik sekt\u00f6rleri<\/strong> olmak \u00fczere yap\u0131sal \u00e7elik, ula\u015f\u0131m, makine imalat, tar\u0131m, gemi in\u015fa ve savunma sanayilerindeki m\u00fc\u015fterilerine, ihtiya\u00e7lar\u0131na \u00f6zel ki\u015fiselle\u015ftirilmi\u015f \u00fcr\u00fcnlerle hizmet veriyor.<\/p>\n<h3><strong>2023 sonunda enerji ihtiyac\u0131n\u0131n tamam\u0131n\u0131 temiz ve yenilenebilir kaynaklardan kar\u015f\u0131layacak<\/strong><\/h3>\n<p>Ege B\u00f6lgesi\u2019nin en b\u00fcy\u00fck \u00e7at\u0131 \u00fczeri G\u00fcne\u015f Enerji Santrali\u2019nden birine sahip olan Kocaer \u00c7elik, 15 milyon kWh g\u00fcce sahip GES ile t\u00fcketti\u011fi elektrik enerjisinin<strong> y\u00fczde 33<\/strong>\u2019\u00fcn\u00fc kendi \u00fcretti\u011fi yenilenebilir enerjiden kar\u015f\u0131l\u0131yor. <strong>2023 y\u0131l\u0131n\u0131n sonuna kadar<\/strong> \u00fcretimdeki enerji ihtiyac\u0131n\u0131 tamamen <strong>temiz<\/strong> ve <strong>yenilenebilir kaynaklardan<\/strong> kar\u015f\u0131lama hedefi do\u011frultusunda ise <strong>15 milyon kWh\/y\u0131l<\/strong> kapasiteli arazi GES, <strong>15 milyon kWh\/y\u0131l<\/strong> kapasiteli <strong>R\u00fczgar Enerji Santrali (RES) yat\u0131r\u0131mlar\u0131na<\/strong> t\u00fcm h\u0131z\u0131yla devam ediyor. Bu sayede y\u0131ll\u0131k 17 bin ton karbon sal\u0131m\u0131n\u0131n \u00f6n\u00fcne ge\u00e7erken, 322 binin \u00fczerinde a\u011fa\u00e7 dikimine e\u015fde\u011fer \u00e7evresel fayda sa\u011flamay\u0131 hedefliyor.<\/p>","protected":false},"excerpt":{"rendered":"<p>Sorry, this entry is only available in Turkish. For the sake of viewer convenience, the content is shown below in the alternative language. You may click the link to switch the active language. Alt\u0131 k\u0131tada 140 \u00fclkeye ger\u00e7ekle\u015ftirdi\u011fi ihracatla T\u00fcrkiye\u2019nin sekt\u00f6r\u00fcnde en b\u00fcy\u00fck \u00e7elik profil ihracat\u00e7\u0131lar\u0131ndan Kocaer \u00c7elik, Ege B\u00f6lgesi&#8217;nin demir \u00e7elik sekt\u00f6r\u00fcndeki ihracat \u015fampiyonlu\u011funu [&hellip;]<\/p>\n","protected":false},"author":1,"featured_media":166964,"comment_status":"open","ping_status":"open","sticky":false,"template":"","format":"standard","meta":[],"categories":[51,53,49,50],"tags":[11683,9856],"views":64,"_links":{"self":[{"href":"https:\/\/www.enerjigazetesi.ist\/en\/wp-json\/wp\/v2\/posts\/166961"}],"collection":[{"href":"https:\/\/www.enerjigazetesi.ist\/en\/wp-json\/wp\/v2\/posts"}],"about":[{"href":"https:\/\/www.enerjigazetesi.ist\/en\/wp-json\/wp\/v2\/types\/post"}],"author":[{"embeddable":true,"href":"https:\/\/www.enerjigazetesi.ist\/en\/wp-json\/wp\/v2\/users\/1"}],"replies":[{"embeddable":true,"href":"https:\/\/www.enerjigazetesi.ist\/en\/wp-json\/wp\/v2\/comments?post=166961"}],"version-history":[{"count":0,"href":"https:\/\/www.enerjigazetesi.ist\/en\/wp-json\/wp\/v2\/posts\/166961\/revisions"}],"wp:featuredmedia":[{"embeddable":true,"href":"https:\/\/www.enerjigazetesi.ist\/en\/wp-json\/wp\/v2\/media\/166964"}],"wp:attachment":[{"href":"https:\/\/www.enerjigazetesi.ist\/en\/wp-json\/wp\/v2\/media?parent=166961"}],"wp:term":[{"taxonomy":"category","embeddable":true,"href":"https:\/\/www.enerjigazetesi.ist\/en\/wp-json\/wp\/v2\/categories?post=166961"},{"taxonomy":"post_tag","embeddable":true,"href":"https:\/\/www.enerjigazetesi.ist\/en\/wp-json\/wp\/v2\/tags?post=166961"}],"curies":[{"name":"wp","href":"https:\/\/api.w.org\/{rel}","templated":true}]}}