{"id":166924,"date":"2023-01-12T10:36:25","date_gmt":"2023-01-12T07:36:25","guid":{"rendered":"https:\/\/www.enerjigazetesi.ist\/?p=166924"},"modified":"2023-01-12T10:45:29","modified_gmt":"2023-01-12T07:45:29","slug":"sedas-enerji-verimliligi-haftasinda-cocuklarla-bir-aradaydi","status":"publish","type":"post","link":"https:\/\/www.enerjigazetesi.ist\/en\/sedas-enerji-verimliligi-haftasinda-cocuklarla-bir-aradaydi\/","title":{"rendered":"(Turkish) &#8217;SEDA\u015e&#8217; Enerji Verimlili\u011fi Haftas\u0131&#8217;nda \u00c7ocuklarla Bir Aradayd\u0131"},"content":{"rendered":"<p class=\"qtranxs-available-languages-message qtranxs-available-languages-message-en\">Sorry, this entry is only available in <a href=\"https:\/\/www.enerjigazetesi.ist\/tr\/wp-json\/wp\/v2\/posts\/166924\" class=\"qtranxs-available-language-link qtranxs-available-language-link-tr\" title=\"Turkish\">Turkish<\/a>. For the sake of viewer convenience, the content is shown below in the alternative language. You may click the link to switch the active language.<\/p><p><\/p>\n<h2><strong>SEDA\u015e, Enerji Verimlili\u011fi Haftas\u0131 kapsam\u0131nda Kocaeli, Sakarya ve Bolu\u2019da anas\u0131n\u0131f\u0131 ve ilk\u00f6\u011fretim \u00f6\u011frencileriyle bulu\u015ftu. Toplamda 500 \u00f6\u011frencinin kat\u0131ld\u0131\u011f\u0131 etkinliklerde miniklere enerji kullan\u0131m\u0131nda verimlili\u011fin \u00f6nemi anlat\u0131ld\u0131.<\/strong><\/h2>\n<p><strong>\u0130klim de\u011fi\u015fikli\u011fi<\/strong> ve <strong>k\u00fcresel \u0131s\u0131nmayla m\u00fccadelede<\/strong> enerjiyi verimli kullanman\u0131n \u00f6nemi her ge\u00e7en g\u00fcn art\u0131yor. Enerjinin etkin kullan\u0131lmas\u0131 ve verimlili\u011fin art\u0131r\u0131lmas\u0131, israf\u0131n\u0131n \u00f6nlenmesi ve \u00e7evrenin korunmas\u0131 ama\u00e7lar\u0131 do\u011frultusunda \u00f6zellikle enerji \u015firketlerine \u00f6nemli sorumluluklar d\u00fc\u015f\u00fcyor. Bu<img loading=\"lazy\" class=\"alignright wp-image-166926\" src=\"https:\/\/www.enerjigazetesi.ist\/wp-content\/uploads\/2023\/01\/sedas-enerji-verimliligi-haftasinda-cocuklarla-bir-aradaydi-2.jpg\" alt=\"\" width=\"320\" height=\"214\" srcset=\"https:\/\/www.enerjigazetesi.ist\/wp-content\/uploads\/2023\/01\/sedas-enerji-verimliligi-haftasinda-cocuklarla-bir-aradaydi-2.jpg 550w, https:\/\/www.enerjigazetesi.ist\/wp-content\/uploads\/2023\/01\/sedas-enerji-verimliligi-haftasinda-cocuklarla-bir-aradaydi-2-300x200.jpg 300w, https:\/\/www.enerjigazetesi.ist\/wp-content\/uploads\/2023\/01\/sedas-enerji-verimliligi-haftasinda-cocuklarla-bir-aradaydi-2-500x334.jpg 500w, https:\/\/www.enerjigazetesi.ist\/wp-content\/uploads\/2023\/01\/sedas-enerji-verimliligi-haftasinda-cocuklarla-bir-aradaydi-2-75x50.jpg 75w, https:\/\/www.enerjigazetesi.ist\/wp-content\/uploads\/2023\/01\/sedas-enerji-verimliligi-haftasinda-cocuklarla-bir-aradaydi-2-450x300.jpg 450w\" sizes=\"(max-width: 320px) 100vw, 320px\" \/> ama\u00e7la, Sakarya Elektrik Da\u011f\u0131t\u0131m A.\u015e. (SEDA\u015e), <strong>Enerji Verimlili\u011fi Haftas\u0131\u2019nda, Kocaeli, Sakarya ve Bolu\u2019da anas\u0131n\u0131f\u0131 ve ilk\u00f6\u011fretim d\u00fczeyi<\/strong>ndeki \u00e7ocuklara gelecek i\u00e7in enerjiyi verimli kullanma ve tasarruflu t\u00fcketim bilincini geli\u015ftirmek i\u00e7in bilgiler aktard\u0131.<\/p>\n<p><em>Kocaeli, Gebze, Sakarya, Bolu ve D\u00fczce\u2019yi<\/em> i\u00e7ine alan 20 bin kilometrekarelik alanda 3,8 milyon n\u00fcfus ve 2 milyonu a\u015fk\u0131n m\u00fc\u015fteriye elektrik da\u011f\u0131t\u0131m hizmeti sunan SEDA\u015e, minik \u00f6\u011frencilere enerji verimlili\u011finin \u00f6neminden bahsetti. Enerji Verimlili\u011fi Haftas\u0131\u2019nda d\u00fczenlenen etkinliklere toplamda <strong>500 \u00f6\u011frenci<\/strong> kat\u0131ld\u0131.<\/p>\n<p>SEDA\u015e Kurumsal \u0130leti\u015fim ve M\u00fc\u015fteri \u0130li\u015fkileri M\u00fcd\u00fcrl\u00fc\u011f\u00fc taraf\u0131ndan yap\u0131lan sunumlarda; miniklere enerjinin t\u00fcketim alanlar\u0131, neden verimli kullan\u0131lmas\u0131 gerekti\u011fi ve k\u00fcresel \u0131s\u0131nman\u0131n sebepleri ve do\u011fan sonu\u00e7lar\u0131 anlat\u0131ld\u0131. Enerjide tasarrufu sa\u011flamaya yarayan ipu\u00e7lar\u0131n\u0131n \u00f6rneklerle g\u00f6sterildi\u011fi etkinlikte \u00f6\u011frencilerin sorular\u0131na ve g\u00f6r\u00fc\u015flerine yer verildi. Sunum sonras\u0131 kat\u0131l\u0131mc\u0131 \u00f6\u011frencilere enerji verimlili\u011fi ilgili bilgilendirici bro\u015f\u00fcrler da\u011f\u0131t\u0131ld\u0131.<\/p>","protected":false},"excerpt":{"rendered":"<p>Sorry, this entry is only available in Turkish. For the sake of viewer convenience, the content is shown below in the alternative language. You may click the link to switch the active language. SEDA\u015e, Enerji Verimlili\u011fi Haftas\u0131 kapsam\u0131nda Kocaeli, Sakarya ve Bolu\u2019da anas\u0131n\u0131f\u0131 ve ilk\u00f6\u011fretim \u00f6\u011frencileriyle bulu\u015ftu. Toplamda 500 \u00f6\u011frencinin kat\u0131ld\u0131\u011f\u0131 etkinliklerde miniklere enerji kullan\u0131m\u0131nda [&hellip;]<\/p>\n","protected":false},"author":1,"featured_media":166927,"comment_status":"open","ping_status":"open","sticky":false,"template":"","format":"standard","meta":[],"categories":[51,53,52],"tags":[1727,45318,2444],"views":32,"_links":{"self":[{"href":"https:\/\/www.enerjigazetesi.ist\/en\/wp-json\/wp\/v2\/posts\/166924"}],"collection":[{"href":"https:\/\/www.enerjigazetesi.ist\/en\/wp-json\/wp\/v2\/posts"}],"about":[{"href":"https:\/\/www.enerjigazetesi.ist\/en\/wp-json\/wp\/v2\/types\/post"}],"author":[{"embeddable":true,"href":"https:\/\/www.enerjigazetesi.ist\/en\/wp-json\/wp\/v2\/users\/1"}],"replies":[{"embeddable":true,"href":"https:\/\/www.enerjigazetesi.ist\/en\/wp-json\/wp\/v2\/comments?post=166924"}],"version-history":[{"count":0,"href":"https:\/\/www.enerjigazetesi.ist\/en\/wp-json\/wp\/v2\/posts\/166924\/revisions"}],"wp:featuredmedia":[{"embeddable":true,"href":"https:\/\/www.enerjigazetesi.ist\/en\/wp-json\/wp\/v2\/media\/166927"}],"wp:attachment":[{"href":"https:\/\/www.enerjigazetesi.ist\/en\/wp-json\/wp\/v2\/media?parent=166924"}],"wp:term":[{"taxonomy":"category","embeddable":true,"href":"https:\/\/www.enerjigazetesi.ist\/en\/wp-json\/wp\/v2\/categories?post=166924"},{"taxonomy":"post_tag","embeddable":true,"href":"https:\/\/www.enerjigazetesi.ist\/en\/wp-json\/wp\/v2\/tags?post=166924"}],"curies":[{"name":"wp","href":"https:\/\/api.w.org\/{rel}","templated":true}]}}