{"id":166838,"date":"2023-01-10T16:43:56","date_gmt":"2023-01-10T13:43:56","guid":{"rendered":"https:\/\/www.enerjigazetesi.ist\/?p=166838"},"modified":"2023-01-10T16:43:56","modified_gmt":"2023-01-10T13:43:56","slug":"ebrdden-elektrikli-araclarin-yayginlasmasini-desteklemek-icin-kredi","status":"publish","type":"post","link":"https:\/\/www.enerjigazetesi.ist\/en\/ebrdden-elektrikli-araclarin-yayginlasmasini-desteklemek-icin-kredi\/","title":{"rendered":"(Turkish) EBRD\u2019den Elektrikli Ara\u00e7lar\u0131n Yayg\u0131nla\u015fmas\u0131n\u0131 Desteklemek \u0130\u00e7in Kredi"},"content":{"rendered":"<p class=\"qtranxs-available-languages-message qtranxs-available-languages-message-en\">Sorry, this entry is only available in <a href=\"https:\/\/www.enerjigazetesi.ist\/tr\/wp-json\/wp\/v2\/posts\/166838\" class=\"qtranxs-available-language-link qtranxs-available-language-link-tr\" title=\"Turkish\">Turkish<\/a>. For the sake of viewer convenience, the content is shown below in the alternative language. You may click the link to switch the active language.<\/p><p><\/p>\n<h2>Avrupa \u0130mar ve Kalk\u0131nma Bankas\u0131 (EBRD), T\u00fcrkiye&#8217;deki elektrikli ara\u00e7lar i\u00e7in \u015farj altyap\u0131s\u0131n\u0131n yayg\u0131nla\u015ft\u0131r\u0131lmas\u0131n\u0131 i\u00e7eren kapsaml\u0131 bir yat\u0131r\u0131m paketini finanse etmek \u00fczere Enerjisa Enerji A.\u015e.&#8217;ye (Enerjisa) 110 milyon dolarl\u0131k kredi sa\u011fl\u0131yor.<\/h2>\n<p>Enerjisa, bu krediden elde edece\u011fi finansman ile d\u00fczenleyici kurum taraf\u0131ndan onaylanan yat\u0131r\u0131m harcamas\u0131 program\u0131 kapsam\u0131nda elektrik da\u011f\u0131t\u0131m \u015febekesini <strong>verimli ekipman<\/strong> ve<strong> geli\u015fmi\u015f ak\u0131ll\u0131 <img loading=\"lazy\" class=\"alignleft wp-image-166840\" src=\"https:\/\/www.enerjigazetesi.ist\/wp-content\/uploads\/2023\/01\/2299012_810x458.jpg\" alt=\"\" width=\"320\" height=\"181\" srcset=\"https:\/\/www.enerjigazetesi.ist\/wp-content\/uploads\/2023\/01\/2299012_810x458.jpg 810w, https:\/\/www.enerjigazetesi.ist\/wp-content\/uploads\/2023\/01\/2299012_810x458-300x170.jpg 300w, https:\/\/www.enerjigazetesi.ist\/wp-content\/uploads\/2023\/01\/2299012_810x458-768x434.jpg 768w, https:\/\/www.enerjigazetesi.ist\/wp-content\/uploads\/2023\/01\/2299012_810x458-500x283.jpg 500w, https:\/\/www.enerjigazetesi.ist\/wp-content\/uploads\/2023\/01\/2299012_810x458-80x45.jpg 80w\" sizes=\"(max-width: 320px) 100vw, 320px\" \/>\u015febeke uygulamalar\u0131yla<\/strong> modernize edecek ve <strong>elektrikli ara\u00e7lar<\/strong> i\u00e7in <strong>\u015farj altyap\u0131s\u0131n\u0131<\/strong> yayg\u0131nla\u015ft\u0131racak.<\/p>\n<p>Enerjisa&#8217;n\u0131n i\u015ftiraklerinden biri olan <strong>E\u015farj<\/strong>, T\u00fcrkiye&#8217;nin elektrikli ara\u00e7 yolculu\u011fundaki ilk \u015firketlerden biri olup bu alanda \u00f6nemli bir oyuncu olmaya devam ediyor. <strong>Enerjisa,<\/strong> T\u00fcrkiye n\u00fcfusunun d\u00f6rtte birine hizmet veren \u00fclkedeki <strong>\u00f6nemli elektrik da\u011f\u0131t\u0131m \u015firketlerinden biri<\/strong> olma \u00f6zelli\u011fini ta\u015f\u0131yor.<\/p>\n<p>Yat\u0131r\u0131m, \u015febeke <strong>uygulamalar\u0131n\u0131 modernize etmenin<\/strong> ve <strong>elektrikli ara\u00e7lar<\/strong> i\u00e7in \u015farj a\u011f\u0131n\u0131 yayg\u0131nla\u015ft\u0131rman\u0131n yan\u0131 s\u0131ra, Enerjisa&#8217;n\u0131n m\u00fc\u015fterilerine s\u00fcrd\u00fcr\u00fclebilir ve yenilik\u00e7i enerji \u00e7\u00f6z\u00fcmleri sunan Enerjisa M\u00fc\u015fteri \u00c7\u00f6z\u00fcmleri arac\u0131l\u0131\u011f\u0131yla da\u011f\u0131t\u0131k enerji faaliyetini yayg\u0131nla\u015ft\u0131rmas\u0131na da olanak sa\u011flayacak.<\/p>\n<p>Proje hakk\u0131nda konu\u015fan EBRD S\u00fcrd\u00fcr\u00fclebilir Altyap\u0131 Y\u00f6netici Direkt\u00f6r\u00fc <strong>Nandita Parshad<\/strong>, <em>\u201cEBRD olarak ye\u015fil bir gelecek i\u00e7in taahh\u00fcd\u00fcm\u00fcz\u00fc koruyoruz. T\u00fcm aktivitelerimizi Paris Anla\u015fmas\u0131\u2019n\u0131n<\/em><\/p>\n<div id=\"attachment_166843\" style=\"width: 330px\" class=\"wp-caption alignright\"><img aria-describedby=\"caption-attachment-166843\" loading=\"lazy\" class=\"wp-image-166843\" src=\"https:\/\/www.enerjigazetesi.ist\/wp-content\/uploads\/2023\/01\/ebrdden-elektrikli-araclarin-yayginlasmasini-desteklemek-icin-kredi.jpg\" alt=\"\" width=\"320\" height=\"207\" srcset=\"https:\/\/www.enerjigazetesi.ist\/wp-content\/uploads\/2023\/01\/ebrdden-elektrikli-araclarin-yayginlasmasini-desteklemek-icin-kredi.jpg 550w, https:\/\/www.enerjigazetesi.ist\/wp-content\/uploads\/2023\/01\/ebrdden-elektrikli-araclarin-yayginlasmasini-desteklemek-icin-kredi-300x194.jpg 300w, https:\/\/www.enerjigazetesi.ist\/wp-content\/uploads\/2023\/01\/ebrdden-elektrikli-araclarin-yayginlasmasini-desteklemek-icin-kredi-500x323.jpg 500w, https:\/\/www.enerjigazetesi.ist\/wp-content\/uploads\/2023\/01\/ebrdden-elektrikli-araclarin-yayginlasmasini-desteklemek-icin-kredi-77x50.jpg 77w\" sizes=\"(max-width: 320px) 100vw, 320px\" \/><p id=\"caption-attachment-166843\" class=\"wp-caption-text\">EBRD S\u00fcrd\u00fcr\u00fclebilir Altyap\u0131 Y\u00f6netici Direkt\u00f6r\u00fc Nandita Parshad<\/p><\/div>\n<p><em>hedefleri ile uyumlu hale getirmemiz de bunun bir g\u00f6stergesi. \u00a0 Bu noktada en \u00f6nemli strateji enerji sekt\u00f6r\u00fcn\u00fc d\u00f6n\u00fc\u015ft\u00fcrebilmek.\u00a0<\/em><\/p>\n<p><em>Enerjisa gibi sekt\u00f6rde \u00f6nemli rol oynayan bir \u015firketin da\u011f\u0131t\u0131m a\u011f\u0131n\u0131 g\u00fc\u00e7lendirmek ve \u00fclkedeki elektrikli ara\u00e7 \u015farj a\u011f\u0131n\u0131 geni\u015fletmek i\u00e7in yapaca\u011f\u0131 yat\u0131r\u0131mlar\u0131 desteklemekten mutluluk duyuyoruz. Bu yat\u0131r\u0131mlar Enerjisa\u2019nin dayan\u0131kl\u0131l\u0131\u011f\u0131n\u0131 art\u0131rman\u0131n yan\u0131 s\u0131ra daha ye\u015fil bir enerji sekt\u00f6r\u00fcn\u00fcn olu\u015fmas\u0131nda katk\u0131da bulunacak ve T\u00fcrkiye\u2019yi net s\u0131f\u0131r hedefini destekleyecek.\u201d<\/em><\/p>\n<p>Enerjisa&#8217;n\u0131n faaliyette oldu\u011fu b\u00f6lgedeki <strong>elektrik \u015febekesinin iyile\u015ftirilmesi<\/strong> ve <strong>modernizasyonu<\/strong> ve <strong>da\u011f\u0131t\u0131k yenilenebilir enerji kapasitesinin<\/strong> entegrasyonu, elektrik kay\u0131plar\u0131n\u0131n azalmas\u0131 ve yenilenebilir enerji \u00fcretimi ile y\u0131lda 119.999 ton do\u011frudan CO2 tasarrufu sa\u011flayacak.<\/p>\n<p>Ayr\u0131ca Enerjisa, EBRD k\u0131lavuz ilkeleri do\u011frultusunda toplumsal cinsiyet konular\u0131n\u0131 iklimle ilgili kurumsal y\u00f6neti\u015fim uygulamalar\u0131na entegre edecek ve kad\u0131nlar\u0131n sekt\u00f6rde e\u015fit temsili i\u00e7in iklimle ilgili beceriler kazanmalar\u0131na ve bu becerilerini geli\u015ftirmelerine olanak sa\u011flayan bir sosyal yard\u0131m program\u0131 tasarlay\u0131p uygulayacak.<\/p>\n<div id=\"attachment_166842\" style=\"width: 310px\" class=\"wp-caption alignleft\"><img aria-describedby=\"caption-attachment-166842\" loading=\"lazy\" class=\"wp-image-166842\" src=\"https:\/\/www.enerjigazetesi.ist\/wp-content\/uploads\/2023\/01\/ebrdden-elektrikli-araclarin-yayginlasmasini-desteklemek-icin-kredi-2.jpg\" alt=\"\" width=\"300\" height=\"450\" srcset=\"https:\/\/www.enerjigazetesi.ist\/wp-content\/uploads\/2023\/01\/ebrdden-elektrikli-araclarin-yayginlasmasini-desteklemek-icin-kredi-2.jpg 320w, https:\/\/www.enerjigazetesi.ist\/wp-content\/uploads\/2023\/01\/ebrdden-elektrikli-araclarin-yayginlasmasini-desteklemek-icin-kredi-2-200x300.jpg 200w, https:\/\/www.enerjigazetesi.ist\/wp-content\/uploads\/2023\/01\/ebrdden-elektrikli-araclarin-yayginlasmasini-desteklemek-icin-kredi-2-267x400.jpg 267w, https:\/\/www.enerjigazetesi.ist\/wp-content\/uploads\/2023\/01\/ebrdden-elektrikli-araclarin-yayginlasmasini-desteklemek-icin-kredi-2-33x50.jpg 33w\" sizes=\"(max-width: 300px) 100vw, 300px\" \/><p id=\"caption-attachment-166842\" class=\"wp-caption-text\">Enerjisa Enerji CEO\u2019su Murat P\u0131nar<\/p><\/div>\n<p><strong>Enerjisa Enerji CEO\u2019su Murat P\u0131nar:\u00a0<\/strong><em>&#8220;T\u00fcrkiye\u2019nin lider elektrik da\u011f\u0131t\u0131m, perakende sat\u0131\u015f ve m\u00fc\u015fteri \u00e7\u00f6z\u00fcmleri \u015firketi olarak takip etti\u011fimiz global trendlerin \u0131\u015f\u0131\u011f\u0131nda \u00fclkemizde enerjinin d\u00f6n\u00fc\u015f\u00fcm\u00fcne \u00f6nc\u00fcl\u00fck ediyoruz. D\u00fcnyada \u00f6n\u00fcm\u00fczdeki 5 y\u0131lda yenilenebilir enerji kapasitesinin son 20 y\u0131ldaki art\u0131\u015fa denk olaca\u011f\u0131; T\u00fcrkiye\u2019de ise \u00f6n\u00fcm\u00fczdeki 5 y\u0131lda bu d\u00f6n\u00fc\u015f\u00fcmde %65&#8217;lik art\u0131\u015f sa\u011flanaca\u011f\u0131 \u00f6ng\u00f6r\u00fcl\u00fcyor. \u00d6te yandan, elektrikli ara\u00e7 piyasas\u0131nda d\u00fcnyadaki trende benzer \u015fekilde, 2030\u2019da T\u00fcrkiye&#8217;nin elektrikli ara\u00e7 park\u0131n\u0131n en az 2 milyon adete ula\u015faca\u011f\u0131 tahmin ediliyor. Bu h\u0131zl\u0131 d\u00f6n\u00fc\u015f\u00fcme \u00f6nc\u00fcl\u00fck ederken, s\u00fcrd\u00fcr\u00fclebilir, verimli ve teknolojiyi \u00f6nceliklendiren yat\u0131r\u0131mlar\u0131n h\u0131zla hayata ge\u00e7irilmesi \u00e7ok b\u00fcy\u00fck bir \u00f6neme sahip.<\/em><\/p>\n<p><em>Bu do\u011frultuda, EBRD ile yapt\u0131\u011f\u0131m\u0131z bu anla\u015fmadan sa\u011flanacak finansman ile yenilenebilir kaynaklarla m\u00fc\u015fterilerimize sundu\u011fumuz \u00e7\u00f6z\u00fcmlere, elektrikli ara\u00e7 \u015farj altyap\u0131s\u0131n\u0131n geni\u015fletmesine ve elektrik da\u011f\u0131t\u0131m \u015febekemizin daha verimli ve teknolojik ekipman ve ak\u0131ll\u0131 \u015febeke uygulamalar\u0131yla modernize edilmesine olanak sa\u011flayan yat\u0131r\u0131mlar\u0131m\u0131z\u0131 art\u0131raca\u011f\u0131z. S\u00fcrece katk\u0131 sa\u011flayan t\u00fcm payda\u015flara y\u00fcrekten te\u015fekk\u00fcr ediyorum.\u2019\u2019\u00a0<\/em><\/p>\n<p>EBRD, T\u00fcrkiye&#8217;nin \u00f6nde gelen kurumsal yat\u0131r\u0131mc\u0131lar\u0131ndan biridir. Banka, 2009 y\u0131l\u0131ndan bu yana \u00fclke ekonomisinin \u00e7e\u015fitli sekt\u00f6rlerine 16,9 milyar Avro \u00fczerinde yat\u0131r\u0131m yapm\u0131\u015f olup, yat\u0131r\u0131mlar\u0131n neredeyse tamam\u0131 \u00f6zel sekt\u00f6re yap\u0131lm\u0131\u015ft\u0131r.<\/p>","protected":false},"excerpt":{"rendered":"<p>Sorry, this entry is only available in Turkish. For the sake of viewer convenience, the content is shown below in the alternative language. You may click the link to switch the active language. Avrupa \u0130mar ve Kalk\u0131nma Bankas\u0131 (EBRD), T\u00fcrkiye&#8217;deki elektrikli ara\u00e7lar i\u00e7in \u015farj altyap\u0131s\u0131n\u0131n yayg\u0131nla\u015ft\u0131r\u0131lmas\u0131n\u0131 i\u00e7eren kapsaml\u0131 bir yat\u0131r\u0131m paketini finanse etmek \u00fczere Enerjisa [&hellip;]<\/p>\n","protected":false},"author":1,"featured_media":166840,"comment_status":"open","ping_status":"open","sticky":false,"template":"","format":"standard","meta":[],"categories":[51,53],"tags":[1258,1259,422,34816],"views":54,"_links":{"self":[{"href":"https:\/\/www.enerjigazetesi.ist\/en\/wp-json\/wp\/v2\/posts\/166838"}],"collection":[{"href":"https:\/\/www.enerjigazetesi.ist\/en\/wp-json\/wp\/v2\/posts"}],"about":[{"href":"https:\/\/www.enerjigazetesi.ist\/en\/wp-json\/wp\/v2\/types\/post"}],"author":[{"embeddable":true,"href":"https:\/\/www.enerjigazetesi.ist\/en\/wp-json\/wp\/v2\/users\/1"}],"replies":[{"embeddable":true,"href":"https:\/\/www.enerjigazetesi.ist\/en\/wp-json\/wp\/v2\/comments?post=166838"}],"version-history":[{"count":0,"href":"https:\/\/www.enerjigazetesi.ist\/en\/wp-json\/wp\/v2\/posts\/166838\/revisions"}],"wp:featuredmedia":[{"embeddable":true,"href":"https:\/\/www.enerjigazetesi.ist\/en\/wp-json\/wp\/v2\/media\/166840"}],"wp:attachment":[{"href":"https:\/\/www.enerjigazetesi.ist\/en\/wp-json\/wp\/v2\/media?parent=166838"}],"wp:term":[{"taxonomy":"category","embeddable":true,"href":"https:\/\/www.enerjigazetesi.ist\/en\/wp-json\/wp\/v2\/categories?post=166838"},{"taxonomy":"post_tag","embeddable":true,"href":"https:\/\/www.enerjigazetesi.ist\/en\/wp-json\/wp\/v2\/tags?post=166838"}],"curies":[{"name":"wp","href":"https:\/\/api.w.org\/{rel}","templated":true}]}}