{"id":16675,"date":"2013-10-21T17:30:34","date_gmt":"2013-10-21T14:30:34","guid":{"rendered":"https:\/\/www.enerjigazetesi.ist\/?p=16675"},"modified":"2013-10-21T17:30:34","modified_gmt":"2013-10-21T14:30:34","slug":"2030a-kadar-dunya-enerji-ihtiyaci-ikiye-katlanacak","status":"publish","type":"post","link":"https:\/\/www.enerjigazetesi.ist\/en\/2030a-kadar-dunya-enerji-ihtiyaci-ikiye-katlanacak\/","title":{"rendered":"(Turkish) 2030\u2019a Kadar D\u00fcnya Enerji \u0130htiyac\u0131 \u0130kiye Katlanacak&#8230;"},"content":{"rendered":"<p class=\"qtranxs-available-languages-message qtranxs-available-languages-message-en\">Sorry, this entry is only available in <a href=\"https:\/\/www.enerjigazetesi.ist\/tr\/wp-json\/wp\/v2\/posts\/16675\" class=\"qtranxs-available-language-link qtranxs-available-language-link-tr\" title=\"Turkish\">Turkish<\/a>. For the sake of viewer convenience, the content is shown below in the alternative language. You may click the link to switch the active language.<\/p><p><strong>Son yay\u0131nlanan enerji ara\u015ft\u0131rma raporlar\u0131na g\u00f6re 2030 y\u0131l\u0131na kadar d\u00fcnya enerji ihtiyac\u0131 iki kat artacak.<\/strong><\/p>\n<p>Statoil\u2019in son yay\u0131nlad\u0131\u011f\u0131 \u2018 Enerji Perspektifleri\u2019 adl\u0131 raporda, \u015firketin uzmanlar\u0131 2040 y\u0131l\u0131na kadar d\u00fcnyadaki enerji ihtiyac\u0131n\u0131n % 40 artaca\u011f\u0131n\u0131 \u00f6ng\u00f6r\u00fcyor. EIA bu oran\u0131n 2010-2040 y\u0131llar\u0131 aras\u0131% 56\u2019dan bile fazla olaca\u011f\u0131n\u0131 s\u00f6yl\u00fcyor. Siemens\u2019in yeni bir \u00e7al\u0131\u015fmas\u0131 ise \u00e7\u0131tay\u0131 daha da y\u00fckseltiyor ve \u00f6n\u00fcm\u00fczdeki on y\u0131l her sene ortalama % 3 oran\u0131nda bir art\u0131\u015f\u0131n ya\u015fa<a href=\"https:\/\/www.enerjigazetesi.ist\/wp-content\/uploads\/2013\/05\/irak-elektrik-ihracati-aksa-kartet.jpg\"><img loading=\"lazy\" class=\"alignright size-medium wp-image-11274\" title=\"elektrik-enerjisi\" src=\"https:\/\/www.enerjigazetesi.ist\/wp-content\/uploads\/2013\/05\/irak-elektrik-ihracati-aksa-kartet-300x224.jpg\" alt=\"\" width=\"300\" height=\"224\" srcset=\"https:\/\/www.enerjigazetesi.ist\/wp-content\/uploads\/2013\/05\/irak-elektrik-ihracati-aksa-kartet-300x224.jpg 300w, https:\/\/www.enerjigazetesi.ist\/wp-content\/uploads\/2013\/05\/irak-elektrik-ihracati-aksa-kartet-500x374.jpg 500w, https:\/\/www.enerjigazetesi.ist\/wp-content\/uploads\/2013\/05\/irak-elektrik-ihracati-aksa-kartet-66x50.jpg 66w, https:\/\/www.enerjigazetesi.ist\/wp-content\/uploads\/2013\/05\/irak-elektrik-ihracati-aksa-kartet.jpg 505w\" sizes=\"(max-width: 300px) 100vw, 300px\" \/><\/a>naca\u011f\u0131n\u0131 s\u00f6yl\u00fcyor.<\/p>\n<p>B\u00fct\u00fcn bu \u00e7al\u0131\u015fmalardan \u00e7\u0131kan ortak sonuca g\u00f6re ise 2030 y\u0131l\u0131na kadar d\u00fcnya enerji ihtiyac\u0131 g\u00fcn\u00fcm\u00fczdekinin iki kat\u0131ndan daha fazla artacak.<\/p>\n<p><strong>ENERJ\u0130 SANTRALLER\u0130 BEKLEND\u0130\u011e\u0130 G\u0130B\u0130 ARTARSA CO2 SALINIMI D\u00d6RTTE B\u0130R ARTACAK<\/strong><\/p>\n<p>Artan enerji ihtiyac\u0131na paralel olarak artan enerji santralleri CO2 sal\u0131n\u0131m\u0131 a\u00e7\u0131s\u0131ndan \u00e7arp\u0131c\u0131 sonu\u00e7lara neden olabilir.<\/p>\n<p>M\u00fcnih Teknik \u00dcniversitesi Profes\u00f6r\u00fc Horst Wildermann\u2019\u0131n son d\u00f6nemde yay\u0131nlanan ara\u015ft\u0131rmalar\u0131na g\u00f6re e\u011fer enerji santralleri beklendi\u011fi \u015fekilde artarsaCO2 bile\u015fikli sera gaz\u0131 emisyonu d\u00f6rtte bir oran\u0131nda ya da 3.500 megaton artacak.<\/p>\n<p><strong>K\u00d6M\u00dcR SANTRALLER\u0130 DO\u011eAL GAZ SANTRALLER\u0130NE \u00c7EVR\u0130L\u0130RSE CO2 EM\u0130SYONLARI % 5 AZALAB\u0130L\u0130R<\/strong><\/p>\n<p>Wildermann, \u201c E\u011fer 2030 y\u0131l\u0131na kadar k\u00f6m\u00fcr enerji santralleri yerini b\u00fcy\u00fck oranda do\u011fal gaz enerji santrallerine b\u0131rak\u0131rsa enerji sekt\u00f6r\u00fcndeki CO2 emisyonlar\u0131 bug\u00fcnk\u00fc seviyeden % 5 oran\u0131nda azalabilir. Tabi, b\u00fct\u00fcn k\u00f6m\u00fcr santrallerinin do\u011fal gaz santrallerine d\u00f6nmesi bir hayal ama belirlenen potansiyeller ger\u00e7ekten etkileyici\u201d ifadesini kulland\u0131.<\/p>\n<p>Kaynak: <a href=\"http:\/\/enerjigunlugu.net\/2030a-kadar-dunya-enerji-ihtiyaci-ikiye-katlanacak_5306.html\" target=\"_blank\">Enerji G\u00fcnl\u00fc\u011f\u00fc<\/a><\/p>","protected":false},"excerpt":{"rendered":"<p>Sorry, this entry is only available in Turkish. For the sake of viewer convenience, the content is shown below in the alternative language. You may click the link to switch the active language.Son yay\u0131nlanan enerji ara\u015ft\u0131rma raporlar\u0131na g\u00f6re 2030 y\u0131l\u0131na kadar d\u00fcnya enerji ihtiyac\u0131 iki kat artacak. Statoil\u2019in son yay\u0131nlad\u0131\u011f\u0131 \u2018 Enerji Perspektifleri\u2019 adl\u0131 raporda, [&hellip;]<\/p>\n","protected":false},"author":1,"featured_media":11274,"comment_status":"open","ping_status":"open","sticky":false,"template":"","format":"standard","meta":[],"categories":[51,53],"tags":[9727,1615,9729,1262,2555,9725,63,9724,67,1009,9728,3458,165,9726,3460],"views":679,"_links":{"self":[{"href":"https:\/\/www.enerjigazetesi.ist\/en\/wp-json\/wp\/v2\/posts\/16675"}],"collection":[{"href":"https:\/\/www.enerjigazetesi.ist\/en\/wp-json\/wp\/v2\/posts"}],"about":[{"href":"https:\/\/www.enerjigazetesi.ist\/en\/wp-json\/wp\/v2\/types\/post"}],"author":[{"embeddable":true,"href":"https:\/\/www.enerjigazetesi.ist\/en\/wp-json\/wp\/v2\/users\/1"}],"replies":[{"embeddable":true,"href":"https:\/\/www.enerjigazetesi.ist\/en\/wp-json\/wp\/v2\/comments?post=16675"}],"version-history":[{"count":2,"href":"https:\/\/www.enerjigazetesi.ist\/en\/wp-json\/wp\/v2\/posts\/16675\/revisions"}],"predecessor-version":[{"id":16677,"href":"https:\/\/www.enerjigazetesi.ist\/en\/wp-json\/wp\/v2\/posts\/16675\/revisions\/16677"}],"wp:featuredmedia":[{"embeddable":true,"href":"https:\/\/www.enerjigazetesi.ist\/en\/wp-json\/wp\/v2\/media\/11274"}],"wp:attachment":[{"href":"https:\/\/www.enerjigazetesi.ist\/en\/wp-json\/wp\/v2\/media?parent=16675"}],"wp:term":[{"taxonomy":"category","embeddable":true,"href":"https:\/\/www.enerjigazetesi.ist\/en\/wp-json\/wp\/v2\/categories?post=16675"},{"taxonomy":"post_tag","embeddable":true,"href":"https:\/\/www.enerjigazetesi.ist\/en\/wp-json\/wp\/v2\/tags?post=16675"}],"curies":[{"name":"wp","href":"https:\/\/api.w.org\/{rel}","templated":true}]}}