{"id":166688,"date":"2023-01-08T20:36:09","date_gmt":"2023-01-08T17:36:09","guid":{"rendered":"https:\/\/www.enerjigazetesi.ist\/?p=166688"},"modified":"2023-01-08T20:36:56","modified_gmt":"2023-01-08T17:36:56","slug":"dunyanin-en-buyuk-ve-guclu-ruzgar-turbini-ilk-elektrigini-uretti","status":"publish","type":"post","link":"https:\/\/www.enerjigazetesi.ist\/en\/dunyanin-en-buyuk-ve-guclu-ruzgar-turbini-ilk-elektrigini-uretti\/","title":{"rendered":"(Turkish) D\u00fcnyan\u0131n En B\u00fcy\u00fck ve G\u00fc\u00e7l\u00fc R\u00fczgar T\u00fcrbini \u0130lk Elektri\u011fini \u00dcretti"},"content":{"rendered":"<p class=\"qtranxs-available-languages-message qtranxs-available-languages-message-en\">Sorry, this entry is only available in <a href=\"https:\/\/www.enerjigazetesi.ist\/tr\/wp-json\/wp\/v2\/posts\/166688\" class=\"qtranxs-available-language-link qtranxs-available-language-link-tr\" title=\"Turkish\">Turkish<\/a>. For the sake of viewer convenience, the content is shown below in the alternative language. You may click the link to switch the active language.<\/p><p><\/p>\n<h2>Ge\u00e7ti\u011fimiz y\u0131l duyurulan d\u00fcnyan\u0131n en g\u00fc\u00e7l\u00fc r\u00fczgar t\u00fcrbini\u00a0Vestas V236\u00a0ilk enerjisini \u00fcretti. T\u00fcrbin \u015fu anda Danimarka&#8217;n\u0131n b\u00fcy\u00fck r\u00fczgar t\u00fcrbinleri i\u00e7in kulland\u0131\u011f\u0131 \u00d8sterild Test Merkezinde gerekli test ve sertifikasyon s\u00fcrecinden ge\u00e7iriliyor.<\/h2>\n<p>&nbsp;<\/p>\n<h2 id=\"dunyanin-en-guclu-ruzgar-turbini\">D\u00fcnyan\u0131n en g\u00fc\u00e7l\u00fc r\u00fczgar t\u00fcrbini<\/h2>\n<p>Esas\u0131nda bir a\u00e7\u0131k deniz prototipi olan Vestas V236, tam kapasite \u00e7al\u0131\u015ft\u0131\u011f\u0131nda\u00a0<strong>15.0 MW<\/strong>\u00a0enerji \u00fcretebiliyor.<strong>\u00a0236 metre rotor \u00e7ap\u0131<\/strong>\u00a0ve r\u00fczgar end\u00fcstrisinin en b\u00fcy\u00fc\u011f\u00fc olan 43.743 metrekare s\u00fcp\u00fcrme (swept area) alan\u0131na sahip olan Vestas V236, ayn\u0131 zamanda<strong>\u00a0280 metre y\u00fcksekli\u011fiyle<\/strong>\u00a0de d\u00fcnyan\u0131n en y\u00fcksek t\u00fcrbini konumda. T\u00fcrbinin\u00a0<strong>b\u0131\u00e7aklar\u0131n\u0131 boyutu<\/strong>\u00a0ise\u00a0<strong>115,5 metre.<\/strong><\/p>\n<p style=\"text-align: center;\"><img loading=\"lazy\" class=\"aligncenter wp-image-166690\" src=\"https:\/\/www.enerjigazetesi.ist\/wp-content\/uploads\/2023\/01\/dunyanin-en-buyuk-ve-guclu-ruzgar-turbini-ilk-elektrigini-uretti.jpg\" alt=\"\" width=\"500\" height=\"304\" srcset=\"https:\/\/www.enerjigazetesi.ist\/wp-content\/uploads\/2023\/01\/dunyanin-en-buyuk-ve-guclu-ruzgar-turbini-ilk-elektrigini-uretti.jpg 639w, https:\/\/www.enerjigazetesi.ist\/wp-content\/uploads\/2023\/01\/dunyanin-en-buyuk-ve-guclu-ruzgar-turbini-ilk-elektrigini-uretti-300x183.jpg 300w, https:\/\/www.enerjigazetesi.ist\/wp-content\/uploads\/2023\/01\/dunyanin-en-buyuk-ve-guclu-ruzgar-turbini-ilk-elektrigini-uretti-500x304.jpg 500w, https:\/\/www.enerjigazetesi.ist\/wp-content\/uploads\/2023\/01\/dunyanin-en-buyuk-ve-guclu-ruzgar-turbini-ilk-elektrigini-uretti-80x50.jpg 80w\" sizes=\"(max-width: 500px) 100vw, 500px\" \/><\/p>\n<p>Tek bir <strong>Vestas V236-15.0MW<\/strong>,\u00a0<strong>y\u0131lda 80 GWh<\/strong>\u00a0\u00fcretim kapasitesine sahip durumda. Bu, yakla\u015f\u0131k 20.000 Avrupa hanesine g\u00fc\u00e7 sa\u011flamak ve y\u0131lda 25.000 binek otomobilin \u00fcretti\u011fi 38.000 tondan fazla karbondioksit tasarrufu yapmak i\u00e7in yeterli bir seviye olarak g\u00f6r\u00fcl\u00fcyor.<\/p>\n<p>Vestas&#8217;\u0131n ba\u015f teknoloji sorumlusu Anders Nielsen, <em>\u201cBu, ye\u015fil enerji ge\u00e7i\u015fini h\u0131zland\u0131rma hedefimizde ileriye do\u011fru at\u0131lm\u0131\u015f b\u00fcy\u00fck bir ad\u0131m, ayn\u0131 zamanda Vestas ve ortaklar\u0131m\u0131z i\u00e7in \u00f6nemli bir kilometre ta\u015f\u0131d\u0131r\u201d<\/em> ifadelerini kulland\u0131. Bu t\u00fcrbinin gelecek y\u0131l Danimarka\u2019daki a\u00e7\u0131k deniz r\u00fczgar \u00e7iftli\u011finde devreye al\u0131nmas\u0131 planlan\u0131yor. Ayr\u0131ca New Jersey ve New York&#8217;taki \u00e7iftliklerde de kullan\u0131lmas\u0131 bekleniyor.<\/p>\n<p style=\"text-align: center;\"><iframe loading=\"lazy\" title=\"YouTube video player\" src=\"https:\/\/www.youtube.com\/embed\/0Pz-h5kq2MY\" width=\"560\" height=\"315\" frameborder=\"0\" allowfullscreen=\"allowfullscreen\"><\/iframe><\/p>\n<p>Kaynak: <a href=\"https:\/\/www.donanimhaber.com\/dunyanin-en-guclu-ruzgar-turbini-ilk-elektrigini-uretti--159055\" target=\"_blank\" rel=\"noopener\">Donan\u0131mHaber<\/a><\/p>","protected":false},"excerpt":{"rendered":"<p>Sorry, this entry is only available in Turkish. For the sake of viewer convenience, the content is shown below in the alternative language. You may click the link to switch the active language. Ge\u00e7ti\u011fimiz y\u0131l duyurulan d\u00fcnyan\u0131n en g\u00fc\u00e7l\u00fc r\u00fczgar t\u00fcrbini\u00a0Vestas V236\u00a0ilk enerjisini \u00fcretti. T\u00fcrbin \u015fu anda Danimarka&#8217;n\u0131n b\u00fcy\u00fck r\u00fczgar t\u00fcrbinleri i\u00e7in kulland\u0131\u011f\u0131 \u00d8sterild Test [&hellip;]<\/p>\n","protected":false},"author":1,"featured_media":166692,"comment_status":"open","ping_status":"open","sticky":false,"template":"","format":"standard","meta":[],"categories":[53,50],"tags":[19,324],"views":125,"_links":{"self":[{"href":"https:\/\/www.enerjigazetesi.ist\/en\/wp-json\/wp\/v2\/posts\/166688"}],"collection":[{"href":"https:\/\/www.enerjigazetesi.ist\/en\/wp-json\/wp\/v2\/posts"}],"about":[{"href":"https:\/\/www.enerjigazetesi.ist\/en\/wp-json\/wp\/v2\/types\/post"}],"author":[{"embeddable":true,"href":"https:\/\/www.enerjigazetesi.ist\/en\/wp-json\/wp\/v2\/users\/1"}],"replies":[{"embeddable":true,"href":"https:\/\/www.enerjigazetesi.ist\/en\/wp-json\/wp\/v2\/comments?post=166688"}],"version-history":[{"count":0,"href":"https:\/\/www.enerjigazetesi.ist\/en\/wp-json\/wp\/v2\/posts\/166688\/revisions"}],"wp:featuredmedia":[{"embeddable":true,"href":"https:\/\/www.enerjigazetesi.ist\/en\/wp-json\/wp\/v2\/media\/166692"}],"wp:attachment":[{"href":"https:\/\/www.enerjigazetesi.ist\/en\/wp-json\/wp\/v2\/media?parent=166688"}],"wp:term":[{"taxonomy":"category","embeddable":true,"href":"https:\/\/www.enerjigazetesi.ist\/en\/wp-json\/wp\/v2\/categories?post=166688"},{"taxonomy":"post_tag","embeddable":true,"href":"https:\/\/www.enerjigazetesi.ist\/en\/wp-json\/wp\/v2\/tags?post=166688"}],"curies":[{"name":"wp","href":"https:\/\/api.w.org\/{rel}","templated":true}]}}