{"id":166643,"date":"2023-01-07T19:14:07","date_gmt":"2023-01-07T16:14:07","guid":{"rendered":"https:\/\/www.enerjigazetesi.ist\/?p=166643"},"modified":"2023-01-07T19:14:44","modified_gmt":"2023-01-07T16:14:44","slug":"global-degisimler-otomasyon-yatirimlarina-pozitif-etki-ediyor","status":"publish","type":"post","link":"https:\/\/www.enerjigazetesi.ist\/en\/global-degisimler-otomasyon-yatirimlarina-pozitif-etki-ediyor\/","title":{"rendered":"(Turkish) Global De\u011fi\u015fimler Otomasyon Yat\u0131r\u0131mlar\u0131na Pozitif Etki Ediyor"},"content":{"rendered":"<p class=\"qtranxs-available-languages-message qtranxs-available-languages-message-en\">Sorry, this entry is only available in <a href=\"https:\/\/www.enerjigazetesi.ist\/tr\/wp-json\/wp\/v2\/posts\/166643\" class=\"qtranxs-available-language-link qtranxs-available-language-link-tr\" title=\"Turkish\">Turkish<\/a>. For the sake of viewer convenience, the content is shown below in the alternative language. You may click the link to switch the active language.<\/p><p><\/p>\n<h2><strong>Ya\u015fanan ekonomik ve jeopolitik \u00e7alkant\u0131lar d\u00fcnya genelinde t\u00fcm sekt\u00f6rlerdeki \u015firketleri etkilerken faaliyetleri s\u00fcrd\u00fcrmenin ve b\u00fcy\u00fcmenin ba\u015f\u0131nda otomasyona yat\u0131r\u0131m geliyor. Globalde ya\u015fanan belirsizli\u011fe kar\u015f\u0131 \u00fcretim makineleri i\u00e7in fabrika otomasyonunda 360 derece hizmetlerini geli\u015ftirmeye devam ettiklerini belirten <em>FANUC T\u00fcrkiye Genel M\u00fcd\u00fcr\u00fc<\/em> Teoman Alper Yi\u011fit, k\u00fcresel krizlerin end\u00fcstriyel robot piyasas\u0131nda yaratt\u0131\u011f\u0131 de\u011fi\u015fimin otomasyonun gelece\u011fini daha da parlak k\u0131ld\u0131\u011f\u0131n\u0131 ifade etti.<\/strong><\/h2>\n<p>Son d\u00f6nemde ya\u015fanan ekonomik ve jeopolitik de\u011fi\u015fimler, farkl\u0131 sekt\u00f6rlerdeki \u00fcreticilerin tamam\u0131n\u0131n <img loading=\"lazy\" class=\"alignright wp-image-166646\" src=\"https:\/\/www.enerjigazetesi.ist\/wp-content\/uploads\/2023\/01\/FANUC_Turkiye_GenelMuduru_TeomanAlperYigit_Gorsel2.jpg\" alt=\"\" width=\"320\" height=\"214\" srcset=\"https:\/\/www.enerjigazetesi.ist\/wp-content\/uploads\/2023\/01\/FANUC_Turkiye_GenelMuduru_TeomanAlperYigit_Gorsel2.jpg 550w, https:\/\/www.enerjigazetesi.ist\/wp-content\/uploads\/2023\/01\/FANUC_Turkiye_GenelMuduru_TeomanAlperYigit_Gorsel2-300x200.jpg 300w, https:\/\/www.enerjigazetesi.ist\/wp-content\/uploads\/2023\/01\/FANUC_Turkiye_GenelMuduru_TeomanAlperYigit_Gorsel2-500x334.jpg 500w, https:\/\/www.enerjigazetesi.ist\/wp-content\/uploads\/2023\/01\/FANUC_Turkiye_GenelMuduru_TeomanAlperYigit_Gorsel2-75x50.jpg 75w, https:\/\/www.enerjigazetesi.ist\/wp-content\/uploads\/2023\/01\/FANUC_Turkiye_GenelMuduru_TeomanAlperYigit_Gorsel2-450x300.jpg 450w\" sizes=\"(max-width: 320px) 100vw, 320px\" \/><strong>otomasyon yat\u0131r\u0131m\u0131<\/strong> yapma iste\u011fi \u00fczerinde <strong>itici bir g\u00fc\u00e7<\/strong> olu\u015fturuyor. <strong>Enflasyon, resesyon<\/strong> ve <strong>enerji fiyatlar\u0131ndaki art\u0131\u015f<\/strong> gibi ekonomik bask\u0131lara ra\u011fmen, <strong>otomasyon sekt\u00f6r\u00fc<\/strong>ndeki b\u00fcy\u00fcme ivmelenerek devam ediyor. \u00d6zellikle Avrupa piyasas\u0131nda artan otomasyon taleplerinin k\u00fcresel arzda ya\u015fanan de\u011fi\u015fimleri de ciddi \u00f6l\u00e7\u00fcde tetikledi\u011fini aktaran <strong>FANUC T\u00fcrkiye Genel M\u00fcd\u00fcr\u00fc Teoman Alper Yi\u011fit<\/strong>, bug\u00fcn\u00fcn mevcut durumu ve gelece\u011fin d\u00fcnyas\u0131 hakk\u0131nda a\u00e7\u0131klamalarda bulundu.<\/p>\n<h3><strong>\u015eirketler, \u00fclke i\u00e7ine d\u00f6n\u00fc\u015fleri desteklemek i\u00e7in otomasyonu \u00f6nemsiyor<\/strong><\/h3>\n<p>Pandemi s\u00fcrecinden bu yana devam etmekte olan tedarik zinciri sorunlar\u0131n\u0131n sonucu olarak \u00fcretimin yerelle\u015ftirilmesi i\u00e7in baz\u0131 imalat\u00e7\u0131larda \u00f6nemli geli\u015fmeler ya\u015fand\u0131\u011f\u0131n\u0131 vurgulayan Yi\u011fit, <em>\u201c<strong>\u00dcretimin \u00fclke d\u0131\u015f\u0131na ta\u015f\u0131nmas\u0131ndaki<\/strong> temel neden ba\u015fta <strong>ucuz i\u015f g\u00fcc\u00fcyd\u00fc<\/strong>. Ancak, \u00fcretimin, \u00fccretlerin daha y\u00fcksek ve a\u011f\u0131r i\u015f g\u00fcc\u00fc istihdam\u0131n\u0131n daha zor oldu\u011fu daha geli\u015fmi\u015f \u00fclkelere geri ta\u015f\u0131nmas\u0131yla birlikte \u015firketler \u00fclke i\u00e7ine d\u00f6n\u00fc\u015fleri desteklemek i\u00e7in <strong>otomasyona a\u011f\u0131rl\u0131k veriliyor<\/strong>. Bu durumun do\u011fal bir sonucu olarak <strong>robot teknolojilerine<\/strong> dair <strong>Ar-Ge \u00e7al\u0131\u015fmalar\u0131<\/strong> h\u0131z kazan\u0131yor. AB ve Avrupa\u2019daki m\u00fc\u015fterilerimizde bug\u00fcn g\u00f6rd\u00fc\u011f\u00fcm\u00fcz trend bu y\u00f6nde. FANUC a\u00e7\u0131s\u0131ndan <strong>ABD, Avrupa, \u00c7in<\/strong> ve <strong>Asya<\/strong> son derece \u00f6nemli piyasalar aras\u0131nda bulunuyor. Sat\u0131\u015f a\u00e7\u0131s\u0131ndan <strong>\u00c7in<\/strong> ve <strong>Avrupa piyasas\u0131<\/strong> teknolojik a\u00e7\u0131dan<strong> d\u00fcnyadaki en geli\u015fmi\u015f piyasa<\/strong> oldu\u011fundan <strong>vazge\u00e7ilmez olu\u015funu<\/strong> s\u00fcrd\u00fcr\u00fcyor\u201d<\/em> dedi.<\/p>\n<h3><strong>Avrupal\u0131 \u00fcreticinin tercihi y\u00fcksek g\u00fcvenilirlik!<\/strong><\/h3>\n<p>FANUC\u2019un Avrupa\u2019daki m\u00fc\u015fterileriyle yak\u0131ndan \u00e7al\u0131\u015farak onlar\u0131 dinlemesinin ve ya\u015fad\u0131klar\u0131 zorluklar\u0131 anlamas\u0131n\u0131n teknolojik a\u00e7\u0131dan en geli\u015fmi\u015f \u00fcr\u00fcnleri geli\u015ftirmede kendilerine yard\u0131mc\u0131 oldu\u011funu s\u00f6yleyen Yi\u011fit, s\u00f6zlerine <span style=\"text-decoration: underline;\">\u015f\u00f6yle devam etti:<\/span> <em>\u201cAvrupa\u2019daki m\u00fc\u015fterilerimizin talepleri ayn\u0131 zamanda temel fark yaratan \u00f6zelliklerimizden biri olan y\u00fcksek g\u00fcvenilirli\u011fi destekliyor. Avrupa\u2019daki m\u00fc\u015fterilerimizin en temel beklentisi <strong>\u00fcr\u00fcnlerimizi uzun y\u0131llar sorunsuz bir \u015fekilde kullanmak<\/strong>. Bu beklentileri kar\u015f\u0131layabilmek ve <strong>uzun s\u00fcreli ili\u015fkileri s\u00fcrd\u00fcrmek<\/strong> i\u00e7in <strong>FANUC<\/strong> olarak \u00fcr\u00fcnlerimizi g\u00fcvenilir, \u00f6ng\u00f6r\u00fclebilir ve kolay onar\u0131labilir olacak \u015fekilde tasarl\u0131yoruz. Bu durum Avrupa\u2019daki m\u00fc\u015fterilerimiz i\u00e7in hayati \u00f6neme sahip olmas\u0131na ra\u011fmen esasen d\u00fcnya genelindeki t\u00fcm FANUC m\u00fc\u015fterileri de bundan faydalan\u0131yor.\u201d<\/em><\/p>\n<h3><strong>\u201cOtomasyon, \u00fcretimde ba\u015far\u0131n\u0131n kan\u0131tlanm\u0131\u015f bir yolu\u201d<\/strong><\/h3>\n<p><strong>\u00c7in\u2019de otomasyon talebinin<\/strong> \u00f6zellikle geli\u015fmekte olan <strong>elektrikli ara\u00e7 (EV) piyasas\u0131<\/strong> gibi sekt\u00f6rlerde <strong>\u00e7ok g\u00fc\u00e7l\u00fc oldu\u011funa<\/strong> dikkat \u00e7eken Yi\u011fit, belirsizli\u011fe ra\u011fmen b\u00f6yle bir d\u00f6nemde <strong>end\u00fcstriyel otomasyonun gelece\u011fine<\/strong> ili\u015fkin <em>\u201cK\u00fcresel ekonomik durum \u015fu an i\u00e7in gelece\u011fe dair net \u00e7\u0131kar\u0131m yapmam\u0131z\u0131 engelliyor. Buna kar\u015f\u0131n end\u00fcstriyel otomasyona olan talep,<strong> t\u00fcm \u00fcretim sekt\u00f6rlerinde<\/strong> ve <strong>t\u00fcm b\u00f6lgelerde y\u00fcksek olmaya<\/strong> devam ediyor. <strong>Cobotlar<\/strong> ve<strong> yapay zeka (AI)<\/strong> teknolojisi gibi <strong>yeni inovasyonlarla<\/strong> desteklenen <strong>g\u00fcn\u00fcm\u00fcz end\u00fcstriyel robotlar\u0131<\/strong>, kullan\u0131m kolayl\u0131\u011f\u0131 sayesinde <strong>\u00fcst d\u00fczey g\u00fcvenilirlik<\/strong> sunuyor. Verimlilik oranlar\u0131n\u0131 art\u0131rman\u0131n, tutarl\u0131 \u00fcretimi garanti etmenin, <strong>i\u015f g\u00fcc\u00fc k\u0131tl\u0131klar\u0131n\u0131 azaltman\u0131n<\/strong> ve <strong>i\u015fletme masraflar\u0131n\u0131 d\u00fc\u015f\u00fcrmenin<\/strong> bir \u00e7\u00f6z\u00fcm\u00fc olarak <strong>otomasyon, \u00fcretimde ba\u015far\u0131n\u0131n<\/strong> kan\u0131tlanm\u0131\u015f bir yolu\u201d<\/em> ifadelerini kulland\u0131.<\/p>","protected":false},"excerpt":{"rendered":"<p>Sorry, this entry is only available in Turkish. For the sake of viewer convenience, the content is shown below in the alternative language. You may click the link to switch the active language. Ya\u015fanan ekonomik ve jeopolitik \u00e7alkant\u0131lar d\u00fcnya genelinde t\u00fcm sekt\u00f6rlerdeki \u015firketleri etkilerken faaliyetleri s\u00fcrd\u00fcrmenin ve b\u00fcy\u00fcmenin ba\u015f\u0131nda otomasyona yat\u0131r\u0131m geliyor. Globalde ya\u015fanan belirsizli\u011fe [&hellip;]<\/p>\n","protected":false},"author":1,"featured_media":166647,"comment_status":"open","ping_status":"open","sticky":false,"template":"","format":"standard","meta":[],"categories":[53],"tags":[107107,101042,100559,70222,107109,107108,107106],"views":28,"_links":{"self":[{"href":"https:\/\/www.enerjigazetesi.ist\/en\/wp-json\/wp\/v2\/posts\/166643"}],"collection":[{"href":"https:\/\/www.enerjigazetesi.ist\/en\/wp-json\/wp\/v2\/posts"}],"about":[{"href":"https:\/\/www.enerjigazetesi.ist\/en\/wp-json\/wp\/v2\/types\/post"}],"author":[{"embeddable":true,"href":"https:\/\/www.enerjigazetesi.ist\/en\/wp-json\/wp\/v2\/users\/1"}],"replies":[{"embeddable":true,"href":"https:\/\/www.enerjigazetesi.ist\/en\/wp-json\/wp\/v2\/comments?post=166643"}],"version-history":[{"count":0,"href":"https:\/\/www.enerjigazetesi.ist\/en\/wp-json\/wp\/v2\/posts\/166643\/revisions"}],"wp:featuredmedia":[{"embeddable":true,"href":"https:\/\/www.enerjigazetesi.ist\/en\/wp-json\/wp\/v2\/media\/166647"}],"wp:attachment":[{"href":"https:\/\/www.enerjigazetesi.ist\/en\/wp-json\/wp\/v2\/media?parent=166643"}],"wp:term":[{"taxonomy":"category","embeddable":true,"href":"https:\/\/www.enerjigazetesi.ist\/en\/wp-json\/wp\/v2\/categories?post=166643"},{"taxonomy":"post_tag","embeddable":true,"href":"https:\/\/www.enerjigazetesi.ist\/en\/wp-json\/wp\/v2\/tags?post=166643"}],"curies":[{"name":"wp","href":"https:\/\/api.w.org\/{rel}","templated":true}]}}