{"id":16663,"date":"2013-10-21T09:36:49","date_gmt":"2013-10-21T06:36:49","guid":{"rendered":"https:\/\/www.enerjigazetesi.ist\/?p=16663"},"modified":"2013-10-21T09:36:49","modified_gmt":"2013-10-21T06:36:49","slug":"abden-yunanistana-enerji-icin-134-milyon-euro-hibe","status":"publish","type":"post","link":"https:\/\/www.enerjigazetesi.ist\/en\/abden-yunanistana-enerji-icin-134-milyon-euro-hibe\/","title":{"rendered":"(Turkish) AB`den Yunanistan\u2019a Enerji \u0130\u00e7in 134 Milyon Euro Hibe&#8230;"},"content":{"rendered":"<p class=\"qtranxs-available-languages-message qtranxs-available-languages-message-en\">Sorry, this entry is only available in <a href=\"https:\/\/www.enerjigazetesi.ist\/tr\/wp-json\/wp\/v2\/posts\/16663\" class=\"qtranxs-available-language-link qtranxs-available-language-link-tr\" title=\"Turkish\">Turkish<\/a>. For the sake of viewer convenience, the content is shown below in the alternative language. You may click the link to switch the active language.<\/p><p><strong>Avrupa Komisyonu Yunanistan\u2019da DEFSA \u015firketinin y\u00fcr\u00fctece\u011fi d\u00f6rt ayr\u0131 enerji projesi i\u00e7in 134 milyon euro fon vermeyi kararla\u015ft\u0131rd\u0131.<\/strong><\/p>\n<p>Avrupa Komisyonu Yunanistan\u2019\u0131n do\u011falgaz \u015febeke i\u015fletmecisi DEFSA\u2019n\u0131n Revythoussa b\u00f6lgesinde kuraca\u011f\u0131 LNG tesisi ve Nea Mesimvria b\u00f6lgesinde kuraca\u011f\u0131 s\u0131k\u0131\u015ft\u0131rma istasyonu tesisi ile Evia ve Peloponesus\u2019 a do\u011fru in\u015fa edece\u011fi boru hatt\u0131 i\u00e7in ulusal ve Avrupa yap\u0131sal fonlar\u0131ndan 134 milyon euro hibe etme karar\u0131 ald\u0131.<a href=\"https:\/\/www.enerjigazetesi.ist\/wp-content\/uploads\/2013\/10\/DESFA-abden-yunanistana-enerji-icin-134-milyon-euro-hibe.jpg\"><img loading=\"lazy\" class=\"alignright size-medium wp-image-16664\" title=\"DESFA-abden-yunanistana-enerji-icin-134-milyon-euro-hibe\" src=\"https:\/\/www.enerjigazetesi.ist\/wp-content\/uploads\/2013\/10\/DESFA-abden-yunanistana-enerji-icin-134-milyon-euro-hibe-300x203.jpg\" alt=\"\" width=\"300\" height=\"203\" srcset=\"https:\/\/www.enerjigazetesi.ist\/wp-content\/uploads\/2013\/10\/DESFA-abden-yunanistana-enerji-icin-134-milyon-euro-hibe-300x203.jpg 300w, https:\/\/www.enerjigazetesi.ist\/wp-content\/uploads\/2013\/10\/DESFA-abden-yunanistana-enerji-icin-134-milyon-euro-hibe-73x50.jpg 73w, https:\/\/www.enerjigazetesi.ist\/wp-content\/uploads\/2013\/10\/DESFA-abden-yunanistana-enerji-icin-134-milyon-euro-hibe.jpg 497w\" sizes=\"(max-width: 300px) 100vw, 300px\" \/><\/a><\/p>\n<p>Hibe edilen d\u00f6rt proje i\u00e7in gerekli olan toplam yat\u0131r\u0131m maliyetinin ise 414 milyon oldu\u011fu tahmin ediliyor.<\/p>\n<p><strong>PAPARSENOS: H\u0130BE KARARI DUYULAN G\u00dcVEN\u0130N SOMUT B\u0130R KANITI<\/strong><\/p>\n<p>DEFSA CEO\u2019su George Paparsenos konuyla ilgili \u201c Yunanistan\u2019da do\u011fal gaz \u015febekesinin geni\u015fletilmesi ve d\u00f6rt yat\u0131r\u0131m projesinin geli\u015ftirilmesi i\u00e7in Avrupa Komisyonu\u2019nun devlet yard\u0131m\u0131n\u0131 onamas\u0131 sadece DEFSA\u2019n\u0131n kalk\u0131nma program\u0131na de\u011fil ayn\u0131 zamanda Yunan ekonomisinin potansiyeline duyulan g\u00fcvenin somut bir kan\u0131t\u0131d\u0131r\u201d diyerek \u015f\u00f6yle devam etti, \u201c Bu projeler do\u011frudan Yunanistan\u2019da gaz arz\u0131 g\u00fcvenli\u011fini ve gaz iletim kapasitesini artt\u0131may\u0131, dolayl\u0131 olarak da CO2 emisyonunu azaltmay\u0131 hedefliyor\u201d.<\/p>\n<p>Revythoussa\u2019da kurulacak olan LNG istasyonunun gaz arz\u0131 g\u00fcvenli\u011fini artt\u0131rmas\u0131 beklenirken, Nea Mesimvria\u2019daki s\u0131k\u0131\u015ft\u0131rma istasyonunun \u00fclkenin kuzeyinden g\u00fcneyine gaz ak\u0131\u015f\u0131n\u0131 artt\u0131raca\u011f\u0131 d\u00fc\u015f\u00fcn\u00fcl\u00fcyor. Son iki proje olan y\u00fcksek bas\u0131n\u00e7l\u0131 do\u011fal gaz boru hatt\u0131 yap\u0131mlar\u0131n\u0131n ise, do\u011fal gaz eri\u015fiminin olmad\u0131\u011f\u0131 yerlerde enerji kaynaklar\u0131nda \u00e7e\u015fitlili\u011fi sa\u011flamas\u0131 bekleniyor.<\/p>\n<p>Yunanistan`\u0131n do\u011falgaz \u015febeke i\u015fletmecisi DEFSA`y\u0131 ge\u00e7ti\u011fimiz Haziran ay\u0131nda Azerbaycan`\u0131n devlet enerji \u015firketi SOCAR sat\u0131n alm\u0131\u015ft\u0131.<\/p>\n<p>Kaynak: <a href=\"http:\/\/enerjigunlugu.net\/abden-yunanistana-enerji-icin-134-milyon-euro-hibe_5295.html\" target=\"_blank\">Enerji G\u00fcnl\u00fc\u011f\u00fc<\/a><\/p>","protected":false},"excerpt":{"rendered":"<p>Sorry, this entry is only available in Turkish. For the sake of viewer convenience, the content is shown below in the alternative language. You may click the link to switch the active language.Avrupa Komisyonu Yunanistan\u2019da DEFSA \u015firketinin y\u00fcr\u00fctece\u011fi d\u00f6rt ayr\u0131 enerji projesi i\u00e7in 134 milyon euro fon vermeyi kararla\u015ft\u0131rd\u0131. Avrupa Komisyonu Yunanistan\u2019\u0131n do\u011falgaz \u015febeke i\u015fletmecisi [&hellip;]<\/p>\n","protected":false},"author":1,"featured_media":16664,"comment_status":"open","ping_status":"open","sticky":false,"template":"","format":"standard","meta":[],"categories":[46,53],"tags":[1192,3969,9714,6149,9717,6148,63,67,1009,247,165,9715,9716,3023,9713,255],"views":630,"_links":{"self":[{"href":"https:\/\/www.enerjigazetesi.ist\/en\/wp-json\/wp\/v2\/posts\/16663"}],"collection":[{"href":"https:\/\/www.enerjigazetesi.ist\/en\/wp-json\/wp\/v2\/posts"}],"about":[{"href":"https:\/\/www.enerjigazetesi.ist\/en\/wp-json\/wp\/v2\/types\/post"}],"author":[{"embeddable":true,"href":"https:\/\/www.enerjigazetesi.ist\/en\/wp-json\/wp\/v2\/users\/1"}],"replies":[{"embeddable":true,"href":"https:\/\/www.enerjigazetesi.ist\/en\/wp-json\/wp\/v2\/comments?post=16663"}],"version-history":[{"count":1,"href":"https:\/\/www.enerjigazetesi.ist\/en\/wp-json\/wp\/v2\/posts\/16663\/revisions"}],"predecessor-version":[{"id":16665,"href":"https:\/\/www.enerjigazetesi.ist\/en\/wp-json\/wp\/v2\/posts\/16663\/revisions\/16665"}],"wp:featuredmedia":[{"embeddable":true,"href":"https:\/\/www.enerjigazetesi.ist\/en\/wp-json\/wp\/v2\/media\/16664"}],"wp:attachment":[{"href":"https:\/\/www.enerjigazetesi.ist\/en\/wp-json\/wp\/v2\/media?parent=16663"}],"wp:term":[{"taxonomy":"category","embeddable":true,"href":"https:\/\/www.enerjigazetesi.ist\/en\/wp-json\/wp\/v2\/categories?post=16663"},{"taxonomy":"post_tag","embeddable":true,"href":"https:\/\/www.enerjigazetesi.ist\/en\/wp-json\/wp\/v2\/tags?post=16663"}],"curies":[{"name":"wp","href":"https:\/\/api.w.org\/{rel}","templated":true}]}}