{"id":166605,"date":"2023-01-07T16:09:55","date_gmt":"2023-01-07T13:09:55","guid":{"rendered":"https:\/\/www.enerjigazetesi.ist\/?p=166605"},"modified":"2023-01-07T16:11:18","modified_gmt":"2023-01-07T13:11:18","slug":"sekerbank-ureten-anadolu-ciftci-bulusmalari-ile-ureticiye-rehber-oluyor","status":"publish","type":"post","link":"https:\/\/www.enerjigazetesi.ist\/en\/sekerbank-ureten-anadolu-ciftci-bulusmalari-ile-ureticiye-rehber-oluyor\/","title":{"rendered":"(Turkish) \u015eekerbank &#8220;\u00dcreten Anadolu \u00c7ift\u00e7i Bulu\u015fmalar\u0131&#8221; \u0130le \u00dcreticiye Rehber Oluyor"},"content":{"rendered":"<p class=\"qtranxs-available-languages-message qtranxs-available-languages-message-en\">Sorry, this entry is only available in <a href=\"https:\/\/www.enerjigazetesi.ist\/tr\/wp-json\/wp\/v2\/posts\/166605\" class=\"qtranxs-available-language-link qtranxs-available-language-link-tr\" title=\"Turkish\">Turkish<\/a>. For the sake of viewer convenience, the content is shown below in the alternative language. You may click the link to switch the active language.<\/p><p><\/p>\n<h2>\u015eekerbank, Anadolu bankac\u0131l\u0131\u011f\u0131 misyonuyla \u00e7ift\u00e7inin yan\u0131nda yer almaya ve onlar\u0131n ihtiya\u00e7lar\u0131na cevap vermeye devam ediyor. \u201c\u00dcreten Anadolu \u00c7ift\u00e7i Bulu\u015fmalar\u0131\u201d projesini ba\u015flatarak a\u011fustos ay\u0131ndan bu yana T\u00fcrkiye\u2019nin d\u00f6rt bir yan\u0131ndaki 20.000 binden fazla \u00fcreticiye dokunan Banka, 2023 y\u0131l\u0131nda da devam edecek bulu\u015fmalarla finansal okuryazarl\u0131k d\u00fczeyini art\u0131rmay\u0131 ve kaynaklar\u0131n etkin kullan\u0131larak tar\u0131mda geleneksel y\u00f6ntemlerin yan\u0131 s\u0131ra dijitalle\u015fmenin de \u00f6nemi konusunda \u00fcreticiyi bilin\u00e7lendirmeyi hedefliyor.<\/h2>\n<p>Kurulu\u015fundan bug\u00fcne <strong>tar\u0131msal \u00fcretim<\/strong> ve<strong> k\u0131rsal kalk\u0131nmay\u0131<\/strong> destekleyen \u015eekerbank, <strong>\u201c\u00dcreten Anadolu \u00c7ift\u00e7i Bulu\u015fmalar\u0131\u201d<\/strong> ad\u0131yla ba\u015flatt\u0131\u011f\u0131 projesiyle, T\u00fcrkiye\u2019nin d\u00f6rt bir yan\u0131ndaki k\u00f6yleri ziyaret ederek \u00fcreticilerle bir araya geliyor. \u201c\u00dcreten Anadolu \u00c7ift\u00e7i Bulu\u015fmalar\u0131\u201d ile \u00e7ift\u00e7ilere finansal okuryazarl\u0131k e\u011fitimleri verilirken, verimli \u00fcretim ve kaynaklar\u0131n etkin kullan\u0131m\u0131 i\u00e7in<strong> tar\u0131mda dijitalle\u015fme, kooperatifle\u015fme<\/strong> ve <strong>s\u00f6zle\u015fmeli \u00fcretim modelleri<\/strong> aktar\u0131l\u0131yor. A\u011fustos ay\u0131nda <img loading=\"lazy\" class=\"alignright wp-image-166607\" src=\"https:\/\/www.enerjigazetesi.ist\/wp-content\/uploads\/2023\/01\/Tugbay-Kumoglu-Sekerbank-Kobi-Perakende-ve-tarim-bankaciligi-Genel-Mudur-Yardimcisi.jpg\" alt=\"\" width=\"320\" height=\"214\" srcset=\"https:\/\/www.enerjigazetesi.ist\/wp-content\/uploads\/2023\/01\/Tugbay-Kumoglu-Sekerbank-Kobi-Perakende-ve-tarim-bankaciligi-Genel-Mudur-Yardimcisi.jpg 550w, https:\/\/www.enerjigazetesi.ist\/wp-content\/uploads\/2023\/01\/Tugbay-Kumoglu-Sekerbank-Kobi-Perakende-ve-tarim-bankaciligi-Genel-Mudur-Yardimcisi-300x200.jpg 300w, https:\/\/www.enerjigazetesi.ist\/wp-content\/uploads\/2023\/01\/Tugbay-Kumoglu-Sekerbank-Kobi-Perakende-ve-tarim-bankaciligi-Genel-Mudur-Yardimcisi-500x334.jpg 500w, https:\/\/www.enerjigazetesi.ist\/wp-content\/uploads\/2023\/01\/Tugbay-Kumoglu-Sekerbank-Kobi-Perakende-ve-tarim-bankaciligi-Genel-Mudur-Yardimcisi-75x50.jpg 75w, https:\/\/www.enerjigazetesi.ist\/wp-content\/uploads\/2023\/01\/Tugbay-Kumoglu-Sekerbank-Kobi-Perakende-ve-tarim-bankaciligi-Genel-Mudur-Yardimcisi-450x300.jpg 450w\" sizes=\"(max-width: 320px) 100vw, 320px\" \/> ba\u015flat\u0131lan ve T\u00fcrkiye\u2019nin kar\u0131\u015f kar\u0131\u015f gezildi\u011fi proje ile Genel M\u00fcd\u00fcrl\u00fck ve saha ekiplerinin kat\u0131l\u0131m\u0131yla 280 k\u00f6yde bulu\u015fma ger\u00e7ekle\u015ftirildi. Banka\u2019n\u0131n saha ekiplerince s\u00fcrd\u00fcr\u00fclen proje 2023 y\u0131l\u0131nda da devam edecek.<\/p>\n<p><strong>K\u00f6y kahvelerinde<\/strong> <strong>ger\u00e7ekle\u015ftirilen toplant\u0131lara,<\/strong> <strong>bitkisel<\/strong> ve <strong>hayvansal \u00fcretim<\/strong> yapan t\u00fcm \u00fcreticilerle birlikte b\u00f6lgede etkin olan <strong>oda<\/strong> ve <strong>birlikler, muhtarlar<\/strong> ve<strong> tar\u0131msal girdi temin eden kurum<\/strong> ve <strong>kurulu\u015flar\u0131n<\/strong> temsilcileri kat\u0131l\u0131yor.<\/p>\n<h3><strong>Tu\u011fbay Kumo\u011flu: \u201c\u00dcretimin temeli olan tar\u0131m sekt\u00f6r\u00fcne katk\u0131da bulunmay\u0131 hedefliyoruz.\u201d<\/strong><\/h3>\n<p><strong>\u015eekerbank KOB\u0130, Perakende ve Tar\u0131m Bankac\u0131l\u0131\u011f\u0131 Genel M\u00fcd\u00fcr Yard\u0131mc\u0131s\u0131 Tu\u011fbay Kumo\u011flu<\/strong> projeye ili\u015fkin \u015funlar\u0131 s\u00f6yledi: <em>\u201cArtan d\u00fcnya n\u00fcfusu ve g\u0131da \u00fcr\u00fcnleri talebiyle birlikte <strong>kaynaklar\u0131n etkin kullan\u0131m\u0131<\/strong> ve<strong> verimlilik<\/strong> gibi kavramlar \u00f6n plana \u00e7\u0131kmaktad\u0131r. K\u00f6y ziyaretlerimizde, temelinde t\u00fcm d\u00fcnyada \u00fcretenlerin \u00f6ncelikle <strong>kendi k\u0131ymetlerini bilmelerini<\/strong>, m\u00fcmk\u00fcn oldu\u011funca <strong>birlikte hareket etmelerini<\/strong>, kaynaklar\u0131 etkin bir \u015fekilde kullanarak <strong>tasarrufun<\/strong> ve <strong>do\u011fru planlama yapmalar\u0131n\u0131n \u00f6nemini<\/strong> anlatmak istiyoruz. B\u00f6ylelikle de \u00fcretimin temeli olan <strong>tar\u0131m sekt\u00f6r\u00fcne katk\u0131da<\/strong> bulunmay\u0131 hedefliyoruz.\u201d<\/em><\/p>","protected":false},"excerpt":{"rendered":"<p>Sorry, this entry is only available in Turkish. For the sake of viewer convenience, the content is shown below in the alternative language. You may click the link to switch the active language. \u015eekerbank, Anadolu bankac\u0131l\u0131\u011f\u0131 misyonuyla \u00e7ift\u00e7inin yan\u0131nda yer almaya ve onlar\u0131n ihtiya\u00e7lar\u0131na cevap vermeye devam ediyor. \u201c\u00dcreten Anadolu \u00c7ift\u00e7i Bulu\u015fmalar\u0131\u201d projesini ba\u015flatarak a\u011fustos [&hellip;]<\/p>\n","protected":false},"author":1,"featured_media":166608,"comment_status":"open","ping_status":"open","sticky":false,"template":"","format":"standard","meta":[],"categories":[53],"tags":[61028,106534,69620,13835,98694,70727,107091],"views":44,"_links":{"self":[{"href":"https:\/\/www.enerjigazetesi.ist\/en\/wp-json\/wp\/v2\/posts\/166605"}],"collection":[{"href":"https:\/\/www.enerjigazetesi.ist\/en\/wp-json\/wp\/v2\/posts"}],"about":[{"href":"https:\/\/www.enerjigazetesi.ist\/en\/wp-json\/wp\/v2\/types\/post"}],"author":[{"embeddable":true,"href":"https:\/\/www.enerjigazetesi.ist\/en\/wp-json\/wp\/v2\/users\/1"}],"replies":[{"embeddable":true,"href":"https:\/\/www.enerjigazetesi.ist\/en\/wp-json\/wp\/v2\/comments?post=166605"}],"version-history":[{"count":0,"href":"https:\/\/www.enerjigazetesi.ist\/en\/wp-json\/wp\/v2\/posts\/166605\/revisions"}],"wp:featuredmedia":[{"embeddable":true,"href":"https:\/\/www.enerjigazetesi.ist\/en\/wp-json\/wp\/v2\/media\/166608"}],"wp:attachment":[{"href":"https:\/\/www.enerjigazetesi.ist\/en\/wp-json\/wp\/v2\/media?parent=166605"}],"wp:term":[{"taxonomy":"category","embeddable":true,"href":"https:\/\/www.enerjigazetesi.ist\/en\/wp-json\/wp\/v2\/categories?post=166605"},{"taxonomy":"post_tag","embeddable":true,"href":"https:\/\/www.enerjigazetesi.ist\/en\/wp-json\/wp\/v2\/tags?post=166605"}],"curies":[{"name":"wp","href":"https:\/\/api.w.org\/{rel}","templated":true}]}}