{"id":166536,"date":"2023-01-06T13:08:08","date_gmt":"2023-01-06T10:08:08","guid":{"rendered":"https:\/\/www.enerjigazetesi.ist\/?p=166536"},"modified":"2023-01-06T13:12:39","modified_gmt":"2023-01-06T10:12:39","slug":"ruzgarin-kanatlari-belgesel-filminin-2inci-bolumu-izleyiciyle-bulustu","status":"publish","type":"post","link":"https:\/\/www.enerjigazetesi.ist\/en\/ruzgarin-kanatlari-belgesel-filminin-2inci-bolumu-izleyiciyle-bulustu\/","title":{"rendered":"(Turkish) &#8221;R\u00fczgar\u0131n Kanatlar\u0131&#8221; Belgesel Filminin 2&#8217;inci B\u00f6l\u00fcm\u00fc \u0130zleyiciyle Bulu\u015ftu"},"content":{"rendered":"<p class=\"qtranxs-available-languages-message qtranxs-available-languages-message-en\">Sorry, this entry is only available in <a href=\"https:\/\/www.enerjigazetesi.ist\/tr\/wp-json\/wp\/v2\/posts\/166536\" class=\"qtranxs-available-language-link qtranxs-available-language-link-tr\" title=\"Turkish\">Turkish<\/a>. For the sake of viewer convenience, the content is shown below in the alternative language. You may click the link to switch the active language.<\/p><p><\/p>\n<h2><strong>Enerjisa \u00dcretim; T\u00fcrkiye\u2019deki yenilenebilir enerji potansiyelini, yenilenebilir enerji \u00fcretiminin \u00f6nemi ve Ekim ay\u0131nda devreye ald\u0131\u011f\u0131 Erciyes R\u00fczg\u00e2r Enerjisi Santrali\u2019nin kurulum a\u015famas\u0131n\u0131 aktard\u0131\u011f\u0131 \u201cR\u00fczgar\u0131n Kanatlar\u0131\u201d belgeselinin ikinci b\u00f6l\u00fcm\u00fcn\u00fc izleyici ile bulu\u015fturdu. Co\u015fkun Aral imzas\u0131yla haz\u0131rlanan belgesel ile ayn\u0131 zamanda enerji okur yazarl\u0131\u011f\u0131n\u0131n art\u0131r\u0131lmas\u0131 hedeflendi.<\/strong><\/h2>\n<p>Ya\u015fama sayg\u0131 duyarak \u00fcreten, topluma ve \u00e7evreye katk\u0131 sa\u011flamay\u0131 hedefleyen Enerjisa \u00dcretim, usta <img loading=\"lazy\" class=\"alignright wp-image-166541\" src=\"https:\/\/www.enerjigazetesi.ist\/wp-content\/uploads\/2023\/01\/ruzgarin-kanatlari-belgesel-filminin-2inci-bolumu-izleyiciyle-bulustu-2.jpg\" alt=\"\" width=\"320\" height=\"213\" srcset=\"https:\/\/www.enerjigazetesi.ist\/wp-content\/uploads\/2023\/01\/ruzgarin-kanatlari-belgesel-filminin-2inci-bolumu-izleyiciyle-bulustu-2.jpg 550w, https:\/\/www.enerjigazetesi.ist\/wp-content\/uploads\/2023\/01\/ruzgarin-kanatlari-belgesel-filminin-2inci-bolumu-izleyiciyle-bulustu-2-300x200.jpg 300w, https:\/\/www.enerjigazetesi.ist\/wp-content\/uploads\/2023\/01\/ruzgarin-kanatlari-belgesel-filminin-2inci-bolumu-izleyiciyle-bulustu-2-500x333.jpg 500w, https:\/\/www.enerjigazetesi.ist\/wp-content\/uploads\/2023\/01\/ruzgarin-kanatlari-belgesel-filminin-2inci-bolumu-izleyiciyle-bulustu-2-75x50.jpg 75w, https:\/\/www.enerjigazetesi.ist\/wp-content\/uploads\/2023\/01\/ruzgarin-kanatlari-belgesel-filminin-2inci-bolumu-izleyiciyle-bulustu-2-450x300.jpg 450w\" sizes=\"(max-width: 320px) 100vw, 320px\" \/>belgeselci Co\u015fkun Aral ve ekibiyle \u00e7al\u0131\u015ft\u0131\u011f\u0131 \u201cR\u00fczgar\u0131n Kanatlar\u0131\u201d belgesel filminin ikinci b\u00f6l\u00fcm\u00fcn\u00fc yay\u0131nlad\u0131. Bilgi birikimini s\u00fcrekli geli\u015ftiren ve sahip oldu\u011fu birikimi toplumun farkl\u0131 kesimleriyle payla\u015fan Enerjisa \u00dcretim, belgesel filmi ile T\u00fcrkiye\u2019de enerji okur yazarl\u0131\u011f\u0131n\u0131n geli\u015fmesine katk\u0131 sunmay\u0131 hedefliyor.<\/p>\n<p>Enerjisa \u00dcretim\u2019in Kas\u0131m ay\u0131nda devreye al\u0131nan ve T\u00fcrkiye\u2019nin en geni\u015f rotor \u00e7ap\u0131na sahip r\u00fczgar t\u00fcrbinlerinin yer ald\u0131\u011f\u0131 Erciyes R\u00fczgar Enerjisi Santrali\u2019nin hikayesini ilk kurulumdan ba\u015flayarak \u00fcretim a\u015famas\u0131na giden s\u00fcre\u00e7te anlatan \u201cR\u00fczgar\u0131n Kanatlar\u0131\u201d belgeseli, yenilenebilir enerjinin \u00e7evre, ekonomi ve canl\u0131 hayat\u0131 a\u00e7\u0131s\u0131ndan \u00f6nemini ve de\u011ferini hissettirmeye odaklan\u0131yor. Yenilenebilir enerji kaynaklar\u0131n\u0131n \u00f6nemi ve r\u00fczgar g\u00fcc\u00fcn\u00fcn umut veren hikayesinin i\u015flendi\u011fi filmde; 2017 y\u0131l\u0131ndan ba\u015flayan haz\u0131rl\u0131k a\u015famalar\u0131, in\u015faat s\u00fcre\u00e7leri, 80 metreyi a\u015fan kanatlar\u0131n lojistik operasyonu ve montaj a\u015famalar\u0131 da belgeselde yer ald\u0131.<\/p>\n<h3><strong>Uzmanlar\u0131n g\u00f6z\u00fcnden yenilenebilir enerji<\/strong><\/h3>\n<p>Belgeselin ikinci b\u00f6l\u00fcm\u00fcn\u00fcn \u00f6nemli bir k\u0131sm\u0131 Enerjisa \u00dcretim\u2019in stratejik \u00f6ncelik olarak kabul etti\u011fi yenilenebilir enerji alan\u0131ndaki \u00f6nemli yat\u0131r\u0131mlar\u0131ndan biri olan, 65 MW kurulu g\u00fcce sahip Erciyes R\u00fczgar Enerjisi Santrali\u2019nde \u00e7ekildi.<\/p>\n<p>Filmde uzman isimlerin yenilenebilir enerjiyi de\u011ferlendirdi\u011fi g\u00f6r\u00fc\u015flerine de yer veriliyor. Erciyes \u00dcniversitesi\u2019nden Prof. Dr. Mustafa Serdar Gen\u00e7, ODT\u00dc\u2019den R\u00dcZGEM Kurucusu Prof. Dr. O\u011fuz Uzol ve Prof. Dr. Onur Taylan, \u0130stanbul Teknik \u00dcniversitesi \u00d6\u011fretim \u00dcyesi Dr. Burak Barut\u00e7u gibi akademisyenlerin yan\u0131 s\u0131ra Enerjisa \u00dcretim\u2019in R\u00fczgar Santralleri Yat\u0131r\u0131mlar\u0131 Departman\u0131 ekip \u00fcyelerinden Ezgi Deniz Katmer, Tolga Aslanba\u015f, Sedat \u015eeng\u00fcl, Murat Demir\u00f6z, \u00c7a\u011fr\u0131 Co\u015faran, Burak Katipo\u011flu, Elif \u015eall\u0131, Gamze Sancak, Can Tekin, Sinem Erol, Muhammed \u00c7odar, Hakan Nalbant, Ahmet Y\u0131lmaz, Nil\u00fcfer \u00d6zel ve \u0130smail K\u0131z\u0131larslan\u2019\u0131n konuyu farkl\u0131 y\u00f6nleriyle de\u011ferlendirdi\u011fi r\u00f6portajlar\u0131yla filme renk kat\u0131yor.<\/p>\n<p><strong>\u201cR\u00fczgar\u0131n Kanatlar\u0131\u201d belgesel filminin<\/strong> daha \u00f6nce yay\u0131nlanan; r\u00fczgar t\u00fcrbinlerinin tarihi, yat\u0131r\u0131m s\u00fcre\u00e7leri, T\u00fcrkiye\u2019deki r\u00fczgar enerjisi potansiyeli, operasyonel s\u00fcre\u00e7leri, i\u015fletme ve bak\u0131m planlamalar\u0131 gibi ba\u015fl\u0131klar\u0131n aktar\u0131ld\u0131\u011f\u0131 ilk b\u00f6l\u00fcm\u00fcn\u00fcn ard\u0131ndan aral\u0131k ay\u0131nda ilk g\u00f6sterimi yap\u0131lan <strong>yeni b\u00f6l\u00fcm, Habitat TV ve Enerjisa \u00dcretim Youtube kanal\u0131ndan<\/strong> takip edilebiliyor.<\/p>\n<p style=\"text-align: center;\"><iframe loading=\"lazy\" title=\"YouTube video player\" src=\"https:\/\/www.youtube.com\/embed\/ib9nIMLaFo8\" width=\"560\" height=\"315\" frameborder=\"0\" allowfullscreen=\"allowfullscreen\"><span data-mce-type=\"bookmark\" style=\"display: inline-block; width: 0px; overflow: hidden; line-height: 0;\" class=\"mce_SELRES_start\">\ufeff<\/span><\/iframe><\/p>\n<p><\/p>","protected":false},"excerpt":{"rendered":"<p>Sorry, this entry is only available in Turkish. For the sake of viewer convenience, the content is shown below in the alternative language. You may click the link to switch the active language. Enerjisa \u00dcretim; T\u00fcrkiye\u2019deki yenilenebilir enerji potansiyelini, yenilenebilir enerji \u00fcretiminin \u00f6nemi ve Ekim ay\u0131nda devreye ald\u0131\u011f\u0131 Erciyes R\u00fczg\u00e2r Enerjisi Santrali\u2019nin kurulum a\u015famas\u0131n\u0131 aktard\u0131\u011f\u0131 [&hellip;]<\/p>\n","protected":false},"author":1,"featured_media":166542,"comment_status":"open","ping_status":"open","sticky":false,"template":"","format":"standard","meta":[],"categories":[53,50],"tags":[18,35365,35638,105313,107075,842,105],"views":52,"_links":{"self":[{"href":"https:\/\/www.enerjigazetesi.ist\/en\/wp-json\/wp\/v2\/posts\/166536"}],"collection":[{"href":"https:\/\/www.enerjigazetesi.ist\/en\/wp-json\/wp\/v2\/posts"}],"about":[{"href":"https:\/\/www.enerjigazetesi.ist\/en\/wp-json\/wp\/v2\/types\/post"}],"author":[{"embeddable":true,"href":"https:\/\/www.enerjigazetesi.ist\/en\/wp-json\/wp\/v2\/users\/1"}],"replies":[{"embeddable":true,"href":"https:\/\/www.enerjigazetesi.ist\/en\/wp-json\/wp\/v2\/comments?post=166536"}],"version-history":[{"count":1,"href":"https:\/\/www.enerjigazetesi.ist\/en\/wp-json\/wp\/v2\/posts\/166536\/revisions"}],"predecessor-version":[{"id":166537,"href":"https:\/\/www.enerjigazetesi.ist\/en\/wp-json\/wp\/v2\/posts\/166536\/revisions\/166537"}],"wp:featuredmedia":[{"embeddable":true,"href":"https:\/\/www.enerjigazetesi.ist\/en\/wp-json\/wp\/v2\/media\/166542"}],"wp:attachment":[{"href":"https:\/\/www.enerjigazetesi.ist\/en\/wp-json\/wp\/v2\/media?parent=166536"}],"wp:term":[{"taxonomy":"category","embeddable":true,"href":"https:\/\/www.enerjigazetesi.ist\/en\/wp-json\/wp\/v2\/categories?post=166536"},{"taxonomy":"post_tag","embeddable":true,"href":"https:\/\/www.enerjigazetesi.ist\/en\/wp-json\/wp\/v2\/tags?post=166536"}],"curies":[{"name":"wp","href":"https:\/\/api.w.org\/{rel}","templated":true}]}}