{"id":166521,"date":"2023-01-05T15:34:25","date_gmt":"2023-01-05T12:34:25","guid":{"rendered":"https:\/\/www.enerjigazetesi.ist\/?p=166521"},"modified":"2023-01-05T15:42:22","modified_gmt":"2023-01-05T12:42:22","slug":"turkiyenin-dogalgaz-altyapisi-bolge-ulkeler-icin-de-kullanilabilir-hale-geliyor","status":"publish","type":"post","link":"https:\/\/www.enerjigazetesi.ist\/en\/turkiyenin-dogalgaz-altyapisi-bolge-ulkeler-icin-de-kullanilabilir-hale-geliyor\/","title":{"rendered":"(Turkish) T\u00fcrkiye&#8217;nin Do\u011falgaz Altyap\u0131s\u0131 B\u00f6lge \u00dclkeler \u0130\u00e7in de Kullan\u0131labilir Hale Geliyor"},"content":{"rendered":"<p class=\"qtranxs-available-languages-message qtranxs-available-languages-message-en\">Sorry, this entry is only available in <a href=\"https:\/\/www.enerjigazetesi.ist\/tr\/wp-json\/wp\/v2\/posts\/166521\" class=\"qtranxs-available-language-link qtranxs-available-language-link-tr\" title=\"Turkish\">Turkish<\/a>. For the sake of viewer convenience, the content is shown below in the alternative language. You may click the link to switch the active language.<\/p><p><\/p>\n<h2>Bulgaristan ile imzalanan do\u011fal gaz alan\u0131ndaki i\u015fbirli\u011fi anla\u015fmas\u0131n\u0131n ard\u0131ndan Bakan D\u00f6nmez, \u00dcsk\u00fcp\u2019te temaslarda bulundu. Bakan D\u00f6nmez ve beraberindeki heyet, Ba\u015fbakanl\u0131k binas\u0131nda Kuzey Makedonya Ekonomi Bakan\u0131 Bekteshi ile g\u00f6r\u00fc\u015ft\u00fc. D\u00f6nmez\u2019e g\u00f6r\u00fc\u015fmesinde T\u00fcrkiye\u2019nin \u00dcsk\u00fcp B\u00fcy\u00fckel\u00e7isi Hasan Mehmet Sekizk\u00f6k de e\u015flik etti.<\/h2>\n<p>D\u00f6nmez, g\u00f6r\u00fc\u015fmenin ard\u0131ndan gazetecilere yapt\u0131\u011f\u0131 a\u00e7\u0131klamada, Kuzey Makedonya ile T\u00fcrkiye aras\u0131nda tarihi ve k\u00fclt\u00fcrel ba\u011flara i\u015faret etti.<\/p>\n<p>Kuzey Makedonya\u2019da T\u00fcrk soyda\u015flar\u0131n, T\u00fcrkiye\u2019de de Kuzey Makedonya as\u0131ll\u0131lar\u0131n oldu\u011funu an\u0131msatan D\u00f6nmez, &#8220;Onlar asl\u0131nda iki \u00fclke aras\u0131ndaki ili\u015fkileri en do\u011fal yollarla geli\u015ftirmeye yarayan en b\u00fcy\u00fck <img loading=\"lazy\" class=\"alignright wp-image-166523\" src=\"https:\/\/www.enerjigazetesi.ist\/wp-content\/uploads\/2023\/01\/turkiyenin-dogalgaz-altyapisi-bolge-ulkeler-icin-de-kullanilabilir-hale-geliyor.jpg\" alt=\"\" width=\"320\" height=\"211\" srcset=\"https:\/\/www.enerjigazetesi.ist\/wp-content\/uploads\/2023\/01\/turkiyenin-dogalgaz-altyapisi-bolge-ulkeler-icin-de-kullanilabilir-hale-geliyor.jpg 550w, https:\/\/www.enerjigazetesi.ist\/wp-content\/uploads\/2023\/01\/turkiyenin-dogalgaz-altyapisi-bolge-ulkeler-icin-de-kullanilabilir-hale-geliyor-300x197.jpg 300w, https:\/\/www.enerjigazetesi.ist\/wp-content\/uploads\/2023\/01\/turkiyenin-dogalgaz-altyapisi-bolge-ulkeler-icin-de-kullanilabilir-hale-geliyor-500x329.jpg 500w, https:\/\/www.enerjigazetesi.ist\/wp-content\/uploads\/2023\/01\/turkiyenin-dogalgaz-altyapisi-bolge-ulkeler-icin-de-kullanilabilir-hale-geliyor-76x50.jpg 76w\" sizes=\"(max-width: 320px) 100vw, 320px\" \/>kaynaklar\u0131m\u0131z.&#8221; dedi.<\/p>\n<p>Kuzey Makedonya ile T\u00fcrkiye aras\u0131ndaki diplomatik ili\u015fkilerin tesisinin 30. y\u0131l\u0131n\u0131 kutlad\u0131klar\u0131n\u0131 hat\u0131rlatan D\u00f6nmez, \u015funlar\u0131 kaydetti:<\/p>\n<p><em>&#8220;(\u0130li\u015fkileri) Her y\u0131l \u00fczerine ilave ederek son derece seviyeli bir noktaya ta\u015f\u0131yoruz. Kuzey Makedonya\u2019n\u0131n geli\u015fmesi kalk\u0131nmas\u0131 i\u00e7in artan enerji talebine destek olmaya gerek T\u00fcrk giri\u015fimcilerimiz gerekse kamu kurumlar\u0131m\u0131z vas\u0131tas\u0131yla haz\u0131r oldu\u011fumuzu bir kez daha ifade ettik bu g\u00f6r\u00fc\u015fmelerde. Hem <strong>do\u011fal gaza<\/strong> olan talebi hem de <strong>elektri\u011fe<\/strong> olan talebi uygun \u015fartlar olu\u015ftu\u011funda kar\u015f\u0131lamaya haz\u0131r oldu\u011fumuzu bir kez daha ifade etmek istiyorum.&#8221;<\/em><\/p>\n<p>Bulgaristan\u2019da d\u00fcn \u00f6nemli bir anla\u015fma imzaland\u0131\u011f\u0131n\u0131 aktaran D\u00f6nmez, &#8220;Art\u0131k T\u00fcrkiye\u2019deki do\u011fal gaz altyap\u0131s\u0131 b\u00f6lge \u00fclkeleri i\u00e7in de kullan\u0131labilir hale geliyor. Kuzey Makedonya da do\u011fal gaz\u0131n \u00f6nemli bir k\u0131sm\u0131n\u0131 Bulgaristan \u00fczerinden temin etmekteydi. Ne kadar \u00e7ok kaynak giri\u015fi sa\u011flanabilirse, rekabetin olaca\u011f\u0131 ortamda t\u00fcketicilerin lehine sonu\u00e7lar do\u011furacakt\u0131r. Biz de bu s\u00fcre\u00e7te Kuzey Makedonya\u2019n\u0131n bu yoldaki hedeflerine katk\u0131 sa\u011flamaya haz\u0131r\u0131z.&#8221; ifadelerini kulland\u0131.<\/p>\n<p>Kuzey Makedonya\u2019daki T\u00fcrk giri\u015fimcilerin \u00f6nemli g\u00f6revler \u00fcstlendiklerini ve kendilerine \u00f6nemli katk\u0131 sa\u011fland\u0131\u011f\u0131n\u0131 kaydeden D\u00f6nmez, T\u00fcrk giri\u015fimcilere ba\u015flad\u0131klar\u0131 projelere zaman\u0131nda bitirdikleri i\u00e7in te\u015fekk\u00fcr etti.<\/p>\n<p>Kuzey Makedonya ile k\u0131sa bir s\u00fcre i\u00e7erisinde bir mutabakat zapt\u0131 imzalayacaklar\u0131n\u0131 belirten D\u00f6nmez, <strong>\u015fubatta Uluslararas\u0131 Gaz Zirvesi<\/strong> d\u00fczenleyeceklerini, Kuzey Makedonya Ekonomi Bakan\u0131<strong> Bekteshi<\/strong>\u2019yi de davet ettiklerini s\u00f6yledi.<\/p>\n<h3><strong>&#8220;T\u00fcrkiye\u2019nin y\u00fczy\u0131l\u0131 enerjinin de y\u00fczy\u0131l\u0131 olacak&#8221;<\/strong><\/h3>\n<p>D\u00f6nmez, &#8220;T\u00fcrkiye\u2019nin y\u00fczy\u0131l\u0131 enerjinin de y\u00fczy\u0131l\u0131 olacak&#8221; ifadelerini kullanarak, <span style=\"text-decoration: underline;\">\u015f\u00f6yle konu\u015ftu:<\/span><\/p>\n<p><em>&#8220;T\u00fcrkiye, bug\u00fcne kadar maalesef enerjide d\u0131\u015fa ba\u011f\u0131ml\u0131yd\u0131. Bu da bizim istedi\u011fimiz bir durum de\u011fil. Onu azaltmam\u0131z laz\u0131m. O a\u00e7\u0131dan da yerli ve yenilebilir kaynaklar\u0131 azami \u00f6l\u00e7\u00fcde ara\u015ft\u0131r\u0131p bulup vatanda\u015f\u0131m\u0131z\u0131n, insan\u0131m\u0131z\u0131n emrine sunmam\u0131z gerekiyor. Bu kapsamda da <strong>hidrokarbon kaynaklar\u0131m\u0131z\u0131<\/strong> ara\u015ft\u0131rma \u00e7al\u0131\u015fmalar\u0131m\u0131z\u0131 son y\u0131llarda yo\u011funluk vermi\u015ftik. Hamdolsun Karadeniz\u2019de \u00f6nemli bir ke\u015fif yakalam\u0131\u015f olduk. Hedefimiz bu y\u0131l i\u00e7erisinde, Cumhuriyetimizin 100\u2019\u00fcnc\u00fc y\u0131l\u0131nda<strong> o gaz\u0131 insan\u0131m\u0131zla<\/strong> bulu\u015fturmak. Yine ayn\u0131 \u015fekilde yenilenebilir enerji alan\u0131nda,<strong> r\u00fczgarda, g\u00fcne\u015fte, jeotermalde, biok\u00fctlede, hidrolikte de<\/strong> ciddi projelerimiz var, b\u00fcy\u00fck projelerimiz var. Onlar da bir bir hayata ge\u00e7ecek.&#8221;<\/em><\/p>\n<p><strong>Enerji arz g\u00fcvenli\u011finin<\/strong> kendileri i\u00e7in olmazsa olmaz oldu\u011funu, bunun i\u00e7in <strong>kaynak \u00e7e\u015fitlili\u011finin<\/strong> <strong>\u00f6nemine<\/strong> vurgu yapan D\u00f6nmez, <em>&#8220;Altyap\u0131m\u0131z\u0131 g\u00fc\u00e7lendirmemiz gerekiyordu. Hemen hemen altyap\u0131 ile ilgili eksiklikleri b\u00fcy\u00fck oranda tamamlad\u0131k. Depolar\u0131m\u0131z kapasitesi artt\u0131. \u0130ki y\u0131l i\u00e7erisinde Tuz G\u00f6l\u00fc&#8217;ndeki kapasitemizi<strong> 1,2 milyar metrek\u00fcp<\/strong>ten<strong> 5,4 milyar metrek\u00fcpe<\/strong> \u00e7\u0131kartaca\u011f\u0131z.&#8221;<\/em> dedi.<\/p>\n<p>T\u00fcrkiye&#8217;nin enerjide yapm\u0131\u015f oldu\u011fu bu altyap\u0131 yat\u0131r\u0131mlar\u0131yla sadece kendi ihtiyac\u0131n\u0131 de\u011fil ayn\u0131 zamanda b\u00f6lge \u00fclkelerinin ihtiyac\u0131n\u0131 kar\u015f\u0131layacak \u015fekilde hareket etti\u011fine i\u015faret eden D\u00f6nmez, <span style=\"text-decoration: underline;\">\u015fu ifadeleri kulland\u0131:<\/span><\/p>\n<p><em>&#8220;Ticaret merkezi olma hedefi de asl\u0131nda buradan \u00e7\u0131kt\u0131. Hem tedarik\u00e7i-\u00fcretici \u00fclkelerle g\u00f6r\u00fc\u015f\u00fcyoruz. Hem de t\u00fcketici \u00fclkelerle g\u00f6r\u00fc\u015f\u00fcyoruz. Her iki taraftan da son derece pozitif, olumlu yakla\u015f\u0131mlar var. T\u00fcrkiye, G\u00fcneydo\u011fu Avrupa\u2019da en \u00e7ok enerji t\u00fcketen bir \u00fclke durumunda. Kaynak \u00e7e\u015fitlili\u011fi de olduk\u00e7a fazla. Bat\u0131 Avrupa\u2019da y\u0131llard\u0131r \u00e7al\u0131\u015fan bu ve benzeri ticaret merkezlerinden birisi ni\u00e7in G\u00fcneydo\u011fu Avrupa\u2019da, T\u00fcrkiye\u2019de olmas\u0131n dedik. \u00c7\u00fcnk\u00fc bu co\u011frafya asl\u0131nda kaynaklara daha yak\u0131n. Bu bir f\u0131rsat, bu bir avantaj. Kom\u015fu \u00fclkelerde de bu iradeyi g\u00f6r\u00fcyoruz. \u00c7ok rahatl\u0131kla bu piyasay\u0131, bu da\u011f\u0131t\u0131m merkezini birlikte i\u015fletebiliriz.&#8221;<\/em><\/p>\n<p>D\u00f6nmez, bu kapsamda <strong>Kuzey Makedonya Ekonomi Bakan\u0131 Bekteshi\u2019nin<\/strong> kendilerinin de bu projeye destek olacaklar\u0131n\u0131 ifade ettiklerini, en k\u0131sa s\u00fcre i\u00e7erisinde netice alacaklar\u0131n\u0131 s\u00f6zlerine ekledi.<\/p>\n<h3><strong>&#8220;Kuzey Makedonya olarak T\u00fcrkiye&#8217;nin yapaca\u011f\u0131 her giri\u015fime kat\u0131l\u0131m y\u00f6n\u00fcndeki ilgimizi sunduk&#8221;<\/strong><\/h3>\n<p>Bekteshi de bu ziyaretle T\u00fcrkiye ile m\u00fckemmel i\u015fbirliklerinin somut olarak bir kez daha g\u00f6r\u00fcld\u00fc\u011f\u00fcn\u00fc kaydederek, enerji krizi ba\u015flad\u0131\u011f\u0131nda T\u00fcrkiye\u2019de ilk ba\u015fvurduklar\u0131 yerin Enerji ve Tabii Kaynaklar Bakanl\u0131\u011f\u0131 oldu\u011funu s\u00f6yledi.<\/p>\n<p>G\u00f6r\u00fc\u015fmede, m\u00fcmk\u00fcn oldu\u011funca \u00e7ok T\u00fcrk yat\u0131r\u0131mc\u0131y\u0131 Kuzey Makedonya\u2019ya \u00e7ekmek istediklerini ifade eden Bekteshi, <em>&#8220;\u00d6zellikle \u015fu anda kar\u015f\u0131 kar\u015f\u0131ya kald\u0131\u011f\u0131m\u0131z konuyu da dikkate alarak, yenilenebilir enerji kaynaklar\u0131 ve bundan \u00fcretiminin art\u0131r\u0131lmas\u0131 alan\u0131ndaki g\u00f6r\u00fc\u015flerimizi ifade ettik. Ayn\u0131 zamanda <strong>Kuzey Makedonya<\/strong> olarak <strong>T\u00fcrkiye&#8217;nin<\/strong> yapaca\u011f\u0131 her giri\u015fime kat\u0131l\u0131m y\u00f6n\u00fcndeki ilgimizi sunduk. Bu, T\u00fcrkiye\u2019nin ba\u015fka mekanizmalarda y\u00fcr\u00fctece\u011fi ortak b\u00f6lgesel piyasalar da olabilir.&#8221;<\/em> diye konu\u015ftu.<\/p>\n<p><strong>T\u00fcrkiye<\/strong> ile <strong>mutabakat zapt\u0131 imzalayacaklar\u0131<\/strong> bilgisini veren Bekteshi, \u00e7al\u0131\u015fma gruplar\u0131n\u0131n tasla\u011f\u0131 sonu\u00e7land\u0131rma a\u015famas\u0131nda oldu\u011funu, \u0130stanbul\u2019da yapacaklar\u0131 g\u00f6r\u00fc\u015fmede bunu imzalamay\u0131 hedeflediklerini belirtti.<\/p>\n<p>Kendi ve h\u00fck\u00fcmeti ad\u0131na karde\u015f \u00fclke T\u00fcrkiye\u2019ye ekonomi dahil olmak \u00fczere Kuzey Makedonya\u2019ya hayat\u0131n \u00e7e\u015fitli alanlar\u0131nda sa\u011flad\u0131klar\u0131 destek ve iki \u00fclke aras\u0131ndaki i\u015fbirli\u011fi i\u00e7in te\u015fekk\u00fcr eden Bekteshi, &#8220;Cumhurba\u015fkan\u0131 (Recep Tayyip) Erdo\u011fan ve say\u0131n D\u00f6nmez her zaman ilgi g\u00f6stermi\u015flerdir. Bu krizi birlikte a\u015faca\u011f\u0131m\u0131z\u0131 ve gerek \u00fclkemizin ekonomisinin geli\u015fimi, gerekse de gelecekte \u015firketlerimizin yat\u0131r\u0131m yaparak T\u00fcrkiye\u2019nin geli\u015fmesi i\u00e7in yeni perspektifler a\u00e7aca\u011f\u0131m\u0131z\u0131 inan\u0131yorum.&#8221; ifadelerini kulland\u0131.<\/p>\n<p>Kaynak:<a href=\"https:\/\/enerji.gov.tr\/haber-detay?id=21098\" target=\"_blank\" rel=\"noopener\"> ETKB<\/a><\/p>","protected":false},"excerpt":{"rendered":"<p>Sorry, this entry is only available in Turkish. For the sake of viewer convenience, the content is shown below in the alternative language. You may click the link to switch the active language. Bulgaristan ile imzalanan do\u011fal gaz alan\u0131ndaki i\u015fbirli\u011fi anla\u015fmas\u0131n\u0131n ard\u0131ndan Bakan D\u00f6nmez, \u00dcsk\u00fcp\u2019te temaslarda bulundu. Bakan D\u00f6nmez ve beraberindeki heyet, Ba\u015fbakanl\u0131k binas\u0131nda Kuzey [&hellip;]<\/p>\n","protected":false},"author":1,"featured_media":166523,"comment_status":"open","ping_status":"open","sticky":false,"template":"","format":"standard","meta":[],"categories":[46,53],"tags":[107071,92,68,62021,846],"views":50,"_links":{"self":[{"href":"https:\/\/www.enerjigazetesi.ist\/en\/wp-json\/wp\/v2\/posts\/166521"}],"collection":[{"href":"https:\/\/www.enerjigazetesi.ist\/en\/wp-json\/wp\/v2\/posts"}],"about":[{"href":"https:\/\/www.enerjigazetesi.ist\/en\/wp-json\/wp\/v2\/types\/post"}],"author":[{"embeddable":true,"href":"https:\/\/www.enerjigazetesi.ist\/en\/wp-json\/wp\/v2\/users\/1"}],"replies":[{"embeddable":true,"href":"https:\/\/www.enerjigazetesi.ist\/en\/wp-json\/wp\/v2\/comments?post=166521"}],"version-history":[{"count":0,"href":"https:\/\/www.enerjigazetesi.ist\/en\/wp-json\/wp\/v2\/posts\/166521\/revisions"}],"wp:featuredmedia":[{"embeddable":true,"href":"https:\/\/www.enerjigazetesi.ist\/en\/wp-json\/wp\/v2\/media\/166523"}],"wp:attachment":[{"href":"https:\/\/www.enerjigazetesi.ist\/en\/wp-json\/wp\/v2\/media?parent=166521"}],"wp:term":[{"taxonomy":"category","embeddable":true,"href":"https:\/\/www.enerjigazetesi.ist\/en\/wp-json\/wp\/v2\/categories?post=166521"},{"taxonomy":"post_tag","embeddable":true,"href":"https:\/\/www.enerjigazetesi.ist\/en\/wp-json\/wp\/v2\/tags?post=166521"}],"curies":[{"name":"wp","href":"https:\/\/api.w.org\/{rel}","templated":true}]}}