{"id":16650,"date":"2013-10-21T09:05:46","date_gmt":"2013-10-21T06:05:46","guid":{"rendered":"https:\/\/www.enerjigazetesi.ist\/?p=16650"},"modified":"2013-10-21T09:06:42","modified_gmt":"2013-10-21T06:06:42","slug":"bayram-tatili-bitti-elektrik-fiyatlari-yukseliste","status":"publish","type":"post","link":"https:\/\/www.enerjigazetesi.ist\/en\/bayram-tatili-bitti-elektrik-fiyatlari-yukseliste\/","title":{"rendered":"(Turkish) Bayram Tatili Bitti, Elektrik Fiyatlar\u0131 Y\u00fckseli\u015fte&#8230;"},"content":{"rendered":"<p class=\"qtranxs-available-languages-message qtranxs-available-languages-message-en\">Sorry, this entry is only available in <a href=\"https:\/\/www.enerjigazetesi.ist\/tr\/wp-json\/wp\/v2\/posts\/16650\" class=\"qtranxs-available-language-link qtranxs-available-language-link-tr\" title=\"Turkish\">Turkish<\/a>. For the sake of viewer convenience, the content is shown below in the alternative language. You may click the link to switch the active language.<\/p><p><strong>Serbest piyasa elektrik fiyatlar\u0131, uzun bayram tatilindeki d\u00fc\u015f\u00fck seviyelerin ard\u0131ndan, bayram \u00f6ncesi seviyelerin \u00fczerine \u00e7\u0131kt\u0131. Yar\u0131n ge\u00e7erli g\u00fcn \u00f6ncesi fiyatlar ortalamas\u0131 175.02 TL\/MWh ile son zamanlar\u0131n en y\u00fcksek seviyesini g\u00f6rd\u00fc.<\/strong><\/p>\n<p>Piyasa Mali Uzla\u015ft\u0131rma Merkezi`nde yar\u0131n i\u00e7in ge\u00e7erli fiyatlar ortalama 175.02 TL\/MWh seviyesinde olu\u015ftu. Yar\u0131n ge\u00e7erli en d\u00fc\u015f\u00fck fiyat 120 TL\/MWh, en y\u00fcksek fiyat ise 200 TL\/MWh olarak belirlendi.<\/p>\n<p>Yar\u0131n i\u00e7in olu\u015fan g\u00fcn \u00f6ncesi piyasa fiyatlar\u0131, bayram tatili \u00f6ncesindeki seviyelerin olduk\u00e7a \u00fczerinde. G\u00fcn \u00f6nce<a href=\"https:\/\/www.enerjigazetesi.ist\/wp-content\/uploads\/2013\/08\/Irak-enerji-elektrik-hat-83453645-505x284.jpg\"><img loading=\"lazy\" class=\"alignright size-medium wp-image-14027\" title=\"elektrik-enerjisi\" src=\"https:\/\/www.enerjigazetesi.ist\/wp-content\/uploads\/2013\/08\/Irak-enerji-elektrik-hat-83453645-505x284-300x168.jpg\" alt=\"\" width=\"300\" height=\"168\" srcset=\"https:\/\/www.enerjigazetesi.ist\/wp-content\/uploads\/2013\/08\/Irak-enerji-elektrik-hat-83453645-505x284-300x168.jpg 300w, https:\/\/www.enerjigazetesi.ist\/wp-content\/uploads\/2013\/08\/Irak-enerji-elektrik-hat-83453645-505x284-500x281.jpg 500w, https:\/\/www.enerjigazetesi.ist\/wp-content\/uploads\/2013\/08\/Irak-enerji-elektrik-hat-83453645-505x284-80x44.jpg 80w, https:\/\/www.enerjigazetesi.ist\/wp-content\/uploads\/2013\/08\/Irak-enerji-elektrik-hat-83453645-505x284.jpg 505w\" sizes=\"(max-width: 300px) 100vw, 300px\" \/><\/a>si ortalama fiyatlar 12 Ekim Cumartesi g\u00fcn\u00fc 158.40 TL\/MWh seviyesindeydi. 13, 14, 15, 16, 17, 18, 19 ve 20 Ekim tarihlerinde ise bu rakam s\u0131ras\u0131yla 138.09, 126.64, 101.09, 83.65, 86.27, 100.93, 131.14 ve 137.82 TL\/MWh seviyesinde ger\u00e7ekle\u015fmi\u015fti. Yar\u0131n i\u00e7in olu\u015fan 200 TL\/MWh`l\u0131k en y\u00fcksek fiyat da, s\u00f6z konusu s\u00fcre boyunca g\u00f6r\u00fclen en y\u00fcksek de\u011feri ifade ediyor.<\/p>\n<p>Elektrik fiyatlar\u0131ndaki d\u00fc\u015f\u00fc\u015fte, tatil s\u00fcresince talebin d\u00fc\u015fmesi etkili oldu. Ayr\u0131ca bu s\u00fcre i\u00e7inde havalar\u0131n \u0131l\u0131k seyretmesi, \u0131s\u0131nma ama\u00e7l\u0131 elektrik talebinin artmas\u0131n\u0131 \u00f6nledi.<\/p>\n<p>Yar\u0131n i\u00e7in olu\u015fan fiyatlar\u0131n, son zamanlarda g\u00f6r\u00fclen en y\u00fcksek seviyeye ula\u015fmas\u0131, tatilin bitmesiyle talebin normal seviyeye gelece\u011fi beklentisinden ileri geliyor. Fiyatlar\u0131n y\u00fckselmesine yol a\u00e7an teklifler, sanayi ve ticarethane elektrik kullan\u0131m\u0131nda 9 g\u00fcnl\u00fck molan\u0131n ard\u0131ndan tam kapasite ile \u00e7al\u0131\u015fma ihtiyac\u0131n\u0131n talebi ciddi oranda art\u0131raca\u011f\u0131 tahminlerine dayan\u0131yor. Bu tahminlerin ne \u00f6l\u00e7\u00fcde do\u011frulanaca\u011f\u0131n\u0131, yar\u0131n olu\u015facak dengeleme ve uzla\u015ft\u0131rma fiyatlar\u0131 ortaya koyacak.<\/p>\n<p>Kaynak: <a href=\"http:\/\/enerjigunlugu.net\/bayram-tatili-bitti-elektrik-fiyatlari-yukseliste_5299.html\" target=\"_blank\">Enerji G\u00fcnl\u00fc\u011f\u00fc<\/a><\/p>","protected":false},"excerpt":{"rendered":"<p>Sorry, this entry is only available in Turkish. For the sake of viewer convenience, the content is shown below in the alternative language. You may click the link to switch the active language.Serbest piyasa elektrik fiyatlar\u0131, uzun bayram tatilindeki d\u00fc\u015f\u00fck seviyelerin ard\u0131ndan, bayram \u00f6ncesi seviyelerin \u00fczerine \u00e7\u0131kt\u0131. Yar\u0131n ge\u00e7erli g\u00fcn \u00f6ncesi fiyatlar ortalamas\u0131 175.02 TL\/MWh [&hellip;]<\/p>\n","protected":false},"author":1,"featured_media":14027,"comment_status":"open","ping_status":"open","sticky":false,"template":"","format":"standard","meta":[],"categories":[51,53],"tags":[68,61,343,2990,63,67,1009,165,6793],"views":601,"_links":{"self":[{"href":"https:\/\/www.enerjigazetesi.ist\/en\/wp-json\/wp\/v2\/posts\/16650"}],"collection":[{"href":"https:\/\/www.enerjigazetesi.ist\/en\/wp-json\/wp\/v2\/posts"}],"about":[{"href":"https:\/\/www.enerjigazetesi.ist\/en\/wp-json\/wp\/v2\/types\/post"}],"author":[{"embeddable":true,"href":"https:\/\/www.enerjigazetesi.ist\/en\/wp-json\/wp\/v2\/users\/1"}],"replies":[{"embeddable":true,"href":"https:\/\/www.enerjigazetesi.ist\/en\/wp-json\/wp\/v2\/comments?post=16650"}],"version-history":[{"count":3,"href":"https:\/\/www.enerjigazetesi.ist\/en\/wp-json\/wp\/v2\/posts\/16650\/revisions"}],"predecessor-version":[{"id":16653,"href":"https:\/\/www.enerjigazetesi.ist\/en\/wp-json\/wp\/v2\/posts\/16650\/revisions\/16653"}],"wp:featuredmedia":[{"embeddable":true,"href":"https:\/\/www.enerjigazetesi.ist\/en\/wp-json\/wp\/v2\/media\/14027"}],"wp:attachment":[{"href":"https:\/\/www.enerjigazetesi.ist\/en\/wp-json\/wp\/v2\/media?parent=16650"}],"wp:term":[{"taxonomy":"category","embeddable":true,"href":"https:\/\/www.enerjigazetesi.ist\/en\/wp-json\/wp\/v2\/categories?post=16650"},{"taxonomy":"post_tag","embeddable":true,"href":"https:\/\/www.enerjigazetesi.ist\/en\/wp-json\/wp\/v2\/tags?post=16650"}],"curies":[{"name":"wp","href":"https:\/\/api.w.org\/{rel}","templated":true}]}}