{"id":166498,"date":"2023-01-05T13:17:18","date_gmt":"2023-01-05T10:17:18","guid":{"rendered":"https:\/\/www.enerjigazetesi.ist\/?p=166498"},"modified":"2023-01-05T13:54:03","modified_gmt":"2023-01-05T10:54:03","slug":"enerji-tesisleri-ve-kritik-altyapilar-siber-saldirganlarin-hedefi-oluyor","status":"publish","type":"post","link":"https:\/\/www.enerjigazetesi.ist\/en\/enerji-tesisleri-ve-kritik-altyapilar-siber-saldirganlarin-hedefi-oluyor\/","title":{"rendered":"(Turkish) Enerji Tesisleri ve Kritik Altyap\u0131lar Siber Sald\u0131rganlar\u0131n Hedefi Oluyor"},"content":{"rendered":"<p class=\"qtranxs-available-languages-message qtranxs-available-languages-message-en\">Sorry, this entry is only available in <a href=\"https:\/\/www.enerjigazetesi.ist\/tr\/wp-json\/wp\/v2\/posts\/166498\" class=\"qtranxs-available-language-link qtranxs-available-language-link-tr\" title=\"Turkish\">Turkish<\/a>. For the sake of viewer convenience, the content is shown below in the alternative language. You may click the link to switch the active language.<\/p><p><\/p>\n<h2>Kritik altyap\u0131lar; T\u00fcrkiye Ulusal G\u00fcvenlik Strateji belgelerinde i\u015flevini k\u0131smen veya tamamen yerine getiremedi\u011finde \u00e7evrenin, toplumsal d\u00fczenin ve kamu hizmetlerinin y\u00fcr\u00fct\u00fclmesinin olumsuz etkilenmesi neticesinde, vatanda\u015flar\u0131n sa\u011fl\u0131k, g\u00fcvenlik ve ekonomisi \u00fczerinde ciddi etkiler olu\u015fturacak a\u011f, varl\u0131k, sistem ve yap\u0131lar\u0131n b\u00fct\u00fcn\u00fc olarak tan\u0131mlanmaktad\u0131r.<\/h2>\n<p>Enerji sekt\u00f6r\u00fc <strong>T\u00fcrkiye<\/strong> i\u00e7in ba\u015fl\u0131ca <strong>kritik altyap\u0131lar\u0131<\/strong> aras\u0131nda yer al\u0131yor. Kritik altyap\u0131lara ve end\u00fcstriyel tesislere y\u00f6nelik<strong> sald\u0131r\u0131larda dramatik art\u0131\u015f<\/strong> ya\u015fanmaktad\u0131r. Uluslararas\u0131 ara\u015ft\u0131rma \u015firketi <strong>Gartner<\/strong> 2025 y\u0131l\u0131na kadar <strong>g\u00fcvenli olmayan end\u00fcstriyel tesislere<\/strong> y\u00f6nelik <strong>siber sald\u0131r\u0131lar\u0131n<\/strong> <strong>insani<\/strong> ve <strong>\u00e7evresel felaketlere<\/strong> yol a\u00e7aca\u011f\u0131n\u0131 \u00f6ng\u00f6r\u00fcyor. <strong>IBM XForce Threat Intelligence<\/strong> raporuna g\u00f6re end\u00fcstriyel tesislere y\u00f6nelik ke\u015fif \u00e7al\u0131\u015fmalar\u0131 <strong>yakla\u015f\u0131k %2000 <\/strong>artm\u0131\u015f durumda.<\/p>\n<p style=\"text-align: center;\"><img loading=\"lazy\" class=\"aligncenter wp-image-166501\" src=\"https:\/\/www.enerjigazetesi.ist\/wp-content\/uploads\/2023\/01\/aerial-view-large-oil-refinery.jpg\" alt=\"\" width=\"500\" height=\"281\" srcset=\"https:\/\/www.enerjigazetesi.ist\/wp-content\/uploads\/2023\/01\/aerial-view-large-oil-refinery.jpg 550w, https:\/\/www.enerjigazetesi.ist\/wp-content\/uploads\/2023\/01\/aerial-view-large-oil-refinery-300x169.jpg 300w, https:\/\/www.enerjigazetesi.ist\/wp-content\/uploads\/2023\/01\/aerial-view-large-oil-refinery-500x281.jpg 500w, https:\/\/www.enerjigazetesi.ist\/wp-content\/uploads\/2023\/01\/aerial-view-large-oil-refinery-80x45.jpg 80w\" sizes=\"(max-width: 500px) 100vw, 500px\" \/><\/p>\n<p><strong>Enerji tesisleri<\/strong> ve <strong>kritik altyap\u0131lar<\/strong> <em>\u00fclke g\u00fcvenli\u011fi<\/em> i\u00e7in de \u00f6nem arz etmektedir. NATO siber uzay\u0131 bir \u00e7at\u0131\u015fma olarak tan\u0131mlamaktad\u0131r. Yak\u0131n ge\u00e7mi\u015fte <strong>kritik altyap\u0131lar\u0131n<\/strong> \u00fclkeler aras\u0131 \u00e7at\u0131\u015fmalarda ne derece kritik rol oynad\u0131\u011f\u0131 g\u00f6r\u00fclm\u00fc\u015ft\u00fcr. \u00dclkemizde \u00f6zellikle <strong>enerji arz g\u00fcvenli\u011finin sa\u011flanmas\u0131<\/strong> amac\u0131yla <strong>EPDK, siber g\u00fcvenlik<\/strong> alan\u0131nda \u00e7e\u015fitli <strong>reg\u00fclasyon<\/strong> ve <strong>d\u00fczenlemelerle 2012 y\u0131l\u0131ndan itibaren<\/strong> sekt\u00f6r\u00fcn <strong>kademeli olarak olgunla\u015fmas\u0131n\u0131<\/strong> sa\u011flamaktad\u0131r.<\/p>\n<p><strong>Enerji tesisleri<\/strong> ve <strong>kritik altyap\u0131larda<\/strong> tehditlerin <strong>anl\u0131k olarak izlenebilmesi<\/strong> hayati derecede rol oynamaktad\u0131r.<strong> Cyberwise<\/strong> ve <strong>ICSFusion end\u00fcstriyel siber tehdit istihbarat ekipleri<\/strong> sekt\u00f6r\u00fc bilgilendirmek i\u00e7in <strong>ayl\u0131k<\/strong> olarak<strong> &#8220;End\u00fcstriyel Tesislere Y\u00f6nelik Sald\u0131r\u0131 Bilgilendirme Raporu&#8221;<\/strong> yay\u0131mlayarak bu konuda fark\u0131ndal\u0131k sa\u011flanmas\u0131na katk\u0131 sunmaktad\u0131r.<\/p>\n<p>Aral\u0131k Ay\u0131 Raporuna Ula\u015fmak \u0130\u00e7in <a href=\"https:\/\/www.icsfusion.com\/post\/industrial-cybersecurity-known-attacks-december-22\" target=\"_blank\" rel=\"noopener\"><strong>TIKLAYIN&gt;&gt;<\/strong><\/a><\/p>","protected":false},"excerpt":{"rendered":"<p>Sorry, this entry is only available in Turkish. For the sake of viewer convenience, the content is shown below in the alternative language. You may click the link to switch the active language. Kritik altyap\u0131lar; T\u00fcrkiye Ulusal G\u00fcvenlik Strateji belgelerinde i\u015flevini k\u0131smen veya tamamen yerine getiremedi\u011finde \u00e7evrenin, toplumsal d\u00fczenin ve kamu hizmetlerinin y\u00fcr\u00fct\u00fclmesinin olumsuz etkilenmesi [&hellip;]<\/p>\n","protected":false},"author":1,"featured_media":166501,"comment_status":"open","ping_status":"open","sticky":false,"template":"","format":"standard","meta":[],"categories":[51,53,157],"tags":[103899,9809,28425,107066,107065,19577],"views":73,"_links":{"self":[{"href":"https:\/\/www.enerjigazetesi.ist\/en\/wp-json\/wp\/v2\/posts\/166498"}],"collection":[{"href":"https:\/\/www.enerjigazetesi.ist\/en\/wp-json\/wp\/v2\/posts"}],"about":[{"href":"https:\/\/www.enerjigazetesi.ist\/en\/wp-json\/wp\/v2\/types\/post"}],"author":[{"embeddable":true,"href":"https:\/\/www.enerjigazetesi.ist\/en\/wp-json\/wp\/v2\/users\/1"}],"replies":[{"embeddable":true,"href":"https:\/\/www.enerjigazetesi.ist\/en\/wp-json\/wp\/v2\/comments?post=166498"}],"version-history":[{"count":0,"href":"https:\/\/www.enerjigazetesi.ist\/en\/wp-json\/wp\/v2\/posts\/166498\/revisions"}],"wp:featuredmedia":[{"embeddable":true,"href":"https:\/\/www.enerjigazetesi.ist\/en\/wp-json\/wp\/v2\/media\/166501"}],"wp:attachment":[{"href":"https:\/\/www.enerjigazetesi.ist\/en\/wp-json\/wp\/v2\/media?parent=166498"}],"wp:term":[{"taxonomy":"category","embeddable":true,"href":"https:\/\/www.enerjigazetesi.ist\/en\/wp-json\/wp\/v2\/categories?post=166498"},{"taxonomy":"post_tag","embeddable":true,"href":"https:\/\/www.enerjigazetesi.ist\/en\/wp-json\/wp\/v2\/tags?post=166498"}],"curies":[{"name":"wp","href":"https:\/\/api.w.org\/{rel}","templated":true}]}}