{"id":166488,"date":"2023-01-05T12:01:15","date_gmt":"2023-01-05T09:01:15","guid":{"rendered":"https:\/\/www.enerjigazetesi.ist\/?p=166488"},"modified":"2023-01-05T12:01:15","modified_gmt":"2023-01-05T09:01:15","slug":"polonyadan-isletmelere-enerji-destegi","status":"publish","type":"post","link":"https:\/\/www.enerjigazetesi.ist\/en\/polonyadan-isletmelere-enerji-destegi\/","title":{"rendered":"(Turkish) Polonya\u2019dan \u0130\u015fletmelere Enerji Deste\u011fi"},"content":{"rendered":"<p class=\"qtranxs-available-languages-message qtranxs-available-languages-message-en\">Sorry, this entry is only available in <a href=\"https:\/\/www.enerjigazetesi.ist\/tr\/wp-json\/wp\/v2\/posts\/166488\" class=\"qtranxs-available-language-link qtranxs-available-language-link-tr\" title=\"Turkish\">Turkish<\/a>. For the sake of viewer convenience, the content is shown below in the alternative language. You may click the link to switch the active language.<\/p><p><\/p>\n<h2 class=\"spot\">Polonya h\u00fck\u00fcmeti taraf\u0131ndan y\u00fcksek miktarda enerji t\u00fcketen sekt\u00f6rleri y\u00fckselen fiyatlardan korumak i\u00e7in 5 milyar zloti (1,07 milyar avro) tutar\u0131nda bir s\u00fcbvansiyon program\u0131 hayata ge\u00e7irilecek.<\/h2>\n<p><img loading=\"lazy\" class=\"alignright wp-image-166490\" src=\"https:\/\/www.enerjigazetesi.ist\/wp-content\/uploads\/2023\/01\/2023-01-05_115740.jpg\" alt=\"\" width=\"320\" height=\"200\" srcset=\"https:\/\/www.enerjigazetesi.ist\/wp-content\/uploads\/2023\/01\/2023-01-05_115740.jpg 550w, https:\/\/www.enerjigazetesi.ist\/wp-content\/uploads\/2023\/01\/2023-01-05_115740-300x188.jpg 300w, https:\/\/www.enerjigazetesi.ist\/wp-content\/uploads\/2023\/01\/2023-01-05_115740-500x313.jpg 500w, https:\/\/www.enerjigazetesi.ist\/wp-content\/uploads\/2023\/01\/2023-01-05_115740-80x50.jpg 80w\" sizes=\"(max-width: 320px) 100vw, 320px\" \/>Polonya Kalk\u0131nma ve Teknoloji Bakan\u0131 Waldemar Buda, Polonya Haber Ajans\u0131na (PAP) yapt\u0131\u011f\u0131 a\u00e7\u0131klamada, t\u00fcketicilerin k\u00fcresel enerji krizi ve\u00a0<strong>Rusya\u00a0boykotu<\/strong> nedeniyle<strong> y\u00fcksek faturalarla<\/strong> kar\u015f\u0131 kar\u015f\u0131ya oldu\u011funu s\u00f6yledi.<\/p>\n<p>Buda, <em>\u201c<strong>Enerji yo\u011fun i\u015fletmelere<\/strong> y\u00f6nelik bir <strong>h\u00fck\u00fcmet deste\u011fi program\u0131n\u0131<\/strong> hayata ge\u00e7irece\u011fiz. Bu durum 5 milyar zlotilik bir deste\u011fi \u00f6ne \u00e7\u0131kar\u0131yor.\u201d<\/em> ifadelerini kulland\u0131.<\/p>\n<p>Destek program\u0131na ili\u015fkin y\u00f6nergelerin <strong>Avrupa Komisyonu<\/strong> taraf\u0131ndan <strong>Aral\u0131k 2022<\/strong>\u2019de kabul edildi\u011fini an\u0131msatan Buda, <em>\u201cS\u0131rada bir onay kald\u0131. Komisyon, s\u00f6z konusu yard\u0131m\u0131n Avrupa pazar\u0131ndaki rekabeti tehlikeye d\u00fc\u015f\u00fcrmeyece\u011fini onaylamal\u0131.\u201d<\/em> ifadelerini kulland\u0131.<\/p>\n<p>Buda, <strong>\u00e7o\u011fu orta<\/strong> ve<strong> b\u00fcy\u00fck \u00f6l\u00e7ekli<\/strong> olmak \u00fczere <strong>yakla\u015f\u0131k 1000 firman\u0131n<\/strong> programdan yararlanaca\u011f\u0131n\u0131 \u00f6ng\u00f6rd\u00fcklerini kaydetti.<\/p>","protected":false},"excerpt":{"rendered":"<p>Sorry, this entry is only available in Turkish. For the sake of viewer convenience, the content is shown below in the alternative language. You may click the link to switch the active language. Polonya h\u00fck\u00fcmeti taraf\u0131ndan y\u00fcksek miktarda enerji t\u00fcketen sekt\u00f6rleri y\u00fckselen fiyatlardan korumak i\u00e7in 5 milyar zloti (1,07 milyar avro) tutar\u0131nda bir s\u00fcbvansiyon program\u0131 [&hellip;]<\/p>\n","protected":false},"author":1,"featured_media":166490,"comment_status":"open","ping_status":"open","sticky":false,"template":"","format":"standard","meta":[],"categories":[51,53],"tags":[107063,107062],"views":30,"_links":{"self":[{"href":"https:\/\/www.enerjigazetesi.ist\/en\/wp-json\/wp\/v2\/posts\/166488"}],"collection":[{"href":"https:\/\/www.enerjigazetesi.ist\/en\/wp-json\/wp\/v2\/posts"}],"about":[{"href":"https:\/\/www.enerjigazetesi.ist\/en\/wp-json\/wp\/v2\/types\/post"}],"author":[{"embeddable":true,"href":"https:\/\/www.enerjigazetesi.ist\/en\/wp-json\/wp\/v2\/users\/1"}],"replies":[{"embeddable":true,"href":"https:\/\/www.enerjigazetesi.ist\/en\/wp-json\/wp\/v2\/comments?post=166488"}],"version-history":[{"count":0,"href":"https:\/\/www.enerjigazetesi.ist\/en\/wp-json\/wp\/v2\/posts\/166488\/revisions"}],"wp:featuredmedia":[{"embeddable":true,"href":"https:\/\/www.enerjigazetesi.ist\/en\/wp-json\/wp\/v2\/media\/166490"}],"wp:attachment":[{"href":"https:\/\/www.enerjigazetesi.ist\/en\/wp-json\/wp\/v2\/media?parent=166488"}],"wp:term":[{"taxonomy":"category","embeddable":true,"href":"https:\/\/www.enerjigazetesi.ist\/en\/wp-json\/wp\/v2\/categories?post=166488"},{"taxonomy":"post_tag","embeddable":true,"href":"https:\/\/www.enerjigazetesi.ist\/en\/wp-json\/wp\/v2\/tags?post=166488"}],"curies":[{"name":"wp","href":"https:\/\/api.w.org\/{rel}","templated":true}]}}