{"id":166416,"date":"2023-01-04T13:20:34","date_gmt":"2023-01-04T10:20:34","guid":{"rendered":"https:\/\/www.enerjigazetesi.ist\/?p=166416"},"modified":"2023-01-04T13:22:30","modified_gmt":"2023-01-04T10:22:30","slug":"ck-enerji-sporun-enerjisiyle-genc-sporcularin-yaninda","status":"publish","type":"post","link":"https:\/\/www.enerjigazetesi.ist\/en\/ck-enerji-sporun-enerjisiyle-genc-sporcularin-yaninda\/","title":{"rendered":"(Turkish) &#8217;CK Enerji&#8217; Sporun Enerjisi\u2019yle Gen\u00e7 Sporcular\u0131n Yan\u0131nda"},"content":{"rendered":"<p class=\"qtranxs-available-languages-message qtranxs-available-languages-message-en\">Sorry, this entry is only available in <a href=\"https:\/\/www.enerjigazetesi.ist\/tr\/wp-json\/wp\/v2\/posts\/166416\" class=\"qtranxs-available-language-link qtranxs-available-language-link-tr\" title=\"Turkish\">Turkish<\/a>. For the sake of viewer convenience, the content is shown below in the alternative language. You may click the link to switch the active language.<\/p><p><\/p>\n<h2><strong>CK Enerji\u2019nin May\u0131s 2022\u2019de ba\u015flatt\u0131\u011f\u0131 Sporun Enerji Projesi\u2019ne adeta \u201cmadalya\u2019 ya\u011fd\u0131. CK Enerji\u2019nin sponsor olarak destek verdi\u011fi 9 gen\u00e7 sporcu, y\u0131l i\u00e7inde yurt d\u0131\u015f\u0131 ve yurt i\u00e7inde kat\u0131ld\u0131klar\u0131 m\u00fcsabakalarda ald\u0131klar\u0131 madalyalarla gurur kayna\u011f\u0131 oldu.<\/strong><\/h2>\n<p>Enerji sekt\u00f6r\u00fcn\u00fcn \u00f6nc\u00fc \u015firketi <strong>CK Enerji<\/strong>\u2019nin, <strong>May\u0131s 2022\u2019de ba\u015flatt\u0131\u011f\u0131<\/strong> Sporun Enerjisi Projesi, gen\u00e7lerin destek verildi\u011finde ne kadar b\u00fcy\u00fck ba\u015far\u0131lara imza ataca\u011f\u0131n\u0131 bir kez daha g\u00f6sterdi. CK Enerji\u2019nin sponsorlu\u011funu \u00fcstlendi\u011fi <strong>9 gen\u00e7 sporcu<\/strong>, 2022 y\u0131l\u0131nda yurt d\u0131\u015f\u0131 ve yurt i\u00e7inde kat\u0131ld\u0131klar\u0131 m\u00fcsabakalardan \u00f6d\u00fcllerle d\u00f6nd\u00fc. <em>Y\u00fczmede Koral Berkin Kutlu ve Ula\u015f Y\u0131lmazo\u011flu, ok\u00e7ulukta \u00d6znur C\u00fcre ile Irmak Y\u00fcksel, masa tenisinde Nesim Turan ve Abdullah \u00d6zt\u00fcrk, judoda Aleyna Tutu\u015f, halterde Mustafa Eli\u015f, triatlonda Mehmet An\u0131l Do\u011fan<\/em> y\u0131l i\u00e7inde kat\u0131ld\u0131klar\u0131 kar\u015f\u0131la\u015fmalarda ald\u0131klar\u0131 <img loading=\"lazy\" class=\"alignright wp-image-166419\" src=\"https:\/\/www.enerjigazetesi.ist\/wp-content\/uploads\/2023\/01\/CK-Enerji-kurumsal-iletisim-Direktoru-Burcu-Cankurtaran.jpg\" alt=\"\" width=\"320\" height=\"240\" srcset=\"https:\/\/www.enerjigazetesi.ist\/wp-content\/uploads\/2023\/01\/CK-Enerji-kurumsal-iletisim-Direktoru-Burcu-Cankurtaran.jpg 550w, https:\/\/www.enerjigazetesi.ist\/wp-content\/uploads\/2023\/01\/CK-Enerji-kurumsal-iletisim-Direktoru-Burcu-Cankurtaran-300x225.jpg 300w, https:\/\/www.enerjigazetesi.ist\/wp-content\/uploads\/2023\/01\/CK-Enerji-kurumsal-iletisim-Direktoru-Burcu-Cankurtaran-500x375.jpg 500w, https:\/\/www.enerjigazetesi.ist\/wp-content\/uploads\/2023\/01\/CK-Enerji-kurumsal-iletisim-Direktoru-Burcu-Cankurtaran-67x50.jpg 67w\" sizes=\"(max-width: 320px) 100vw, 320px\" \/>madalyalarla T\u00fcrkiye\u2019yi onurland\u0131rd\u0131lar.<\/p>\n<h3><strong>\u201cENERJ\u0130M\u0130Z GEN\u00c7LER\u0130M\u0130Z \u0130\u00c7\u0130N\u201d<\/strong><\/h3>\n<p><em>\u201cElektrik sekt\u00f6r\u00fcnde hizmet veren grubumuz, sorumluluk projeleri ile \u00fclkenin gelece\u011fine katk\u0131 sunmak, de\u011fer yaratmak istiyor. Sporun Enerjisi Projemiz de bu bak\u0131\u015f a\u00e7\u0131s\u0131 ile do\u011fdu\u201d<\/em> diyen <strong>CK Enerji Kurumsal \u0130leti\u015fim Direkt\u00f6r\u00fc Burcu Cankurtaran<\/strong>,<em> \u201cCK Enerji grup \u00e7at\u0131s\u0131 alt\u0131nda faaliyet g\u00f6steren \u015firketlerimiz, May\u0131s 2022\u2019den itibaren kendi hizmet b\u00f6lgelerinde \u00e7e\u015fitli dallarda m\u00fccadele eden ba\u015far\u0131l\u0131 gen\u00e7 sporculara sponsorluk deste\u011fi vermeye ba\u015flad\u0131. Biz \u201cenerjimiz gen\u00e7ler i\u00e7in\u201d dedik, gen\u00e7lerimiz bu enerjiyi onlarca madalyaya \u00e7evirdi. T\u00fcrk sporunun ayd\u0131nl\u0131k y\u00fcz\u00fc olan t\u00fcm gen\u00e7 arkada\u015flar\u0131m\u0131z\u0131 g\u00f6n\u00fclden tebrik ederken, Sporun Enerjisi Projesinin \u00f6n\u00fcm\u00fczdeki y\u0131llarda \u00e7er\u00e7evesinin geni\u015fleyerek devam edece\u011fini ifade etmek istiyorum\u201d<\/em> de\u011ferlendirmesinde bulundu.<\/p>\n<h3><strong>MADALYALARI TOPLADILAR<\/strong><\/h3>\n<p>Burcu Cankurtaran, CK Enerji \u00e7at\u0131s\u0131 alt\u0131nda yer alan \u015firketlerin destekledikleri sporcular ve May\u0131s 2022\u2019den sonra elde ettikleri ba\u015far\u0131lar\u0131 ise <span style=\"text-decoration: underline;\">\u015f\u00f6yle \u00f6zetledi:<\/span><\/p>\n<p><strong>&#8211; Koral Berkin Kutlu &#8211; Paralimpik Y\u00fczme Sporcusu:<\/strong>2022 y\u0131l\u0131 i\u00e7inde ger\u00e7ekle\u015ftirilen Fransa D\u00fcnya Gen\u00e7ler \u015eampiyonas\u0131\u2019nda 2 alt\u0131n madalya, Portekiz D\u00fcnya \u015eampiyonas\u0131\u2019nda 2 bronz madalya, \u0130slami Dayan\u0131\u015fma Oyunlar\u0131\u2019nda 3 alt\u0131n ve 1 bronz madalya, Konya T\u00fcrkiye \u015eampiyonas\u0131 ve Milli Tak\u0131m Se\u00e7me M\u00fcsabakas\u0131nda ise 6 alt\u0131n madalya kazand\u0131.<\/p>\n<p><strong>&#8211; Ula\u015f Y\u0131lmazo\u011flu &#8211; Y\u00fcz\u00fcc\u00fc<\/strong>: Antalya\u2019da d\u00fczenlenen T\u00d6SSED T\u00fcrkiye \u015eampiyonas\u0131\u2019nda 12-15 ya\u015f kategorisinde 8 alt\u0131n, 2 g\u00fcm\u00fc\u015f madalya ald\u0131. Aegean Masters \u00c7e\u015fme A\u00e7\u0131k Su Y\u00fczme \u015eampiyonas\u0131\u2019ndan ise 1 alt\u0131n, 1 bronz madalya kazan\u0131rken, serbest y\u00fczmede 166 ki\u015fi aras\u0131nda 5\u2019inci oldu.<\/p>\n<p><strong>&#8211; \u00d6znur C\u00fcre &#8211; Paralimpik Ok\u00e7u:\u00a0<\/strong>2022 T\u00fcrkiye Kupas\u0131 \u015eampiyonas\u0131\u2019nda 3 alt\u0131n, \u0130talya Roma Avrupa \u015eampiyonas\u0131\u2019nda 1 alt\u0131n, 1 g\u00fcm\u00fc\u015f ve 1 bronz, \u0130slami Dayan\u0131\u015fma Oyunlar\u0131\u2019nda 1 alt\u0131n ve 1 g\u00fcm\u00fc\u015f madalyan\u0131n sahibi oldu.<\/p>\n<p><strong>&#8211; Nesim Turan &#8211; Paralimpik Masa Tenis\u00e7isi:<\/strong>Para Masa Tenisi T\u00fcrkiye \u015eampiyonas\u0131\u2019nda 2 alt\u0131n, 1 g\u00fcm\u00fc\u015f, \u0130slami Dayan\u0131\u015fma Oyunlar\u0131\u2019nda 2 alt\u0131n, \u0130spanya Para Masa Tenisi D\u00fcnya \u015eampiyonas\u0131nda 2 bronz madalya kazand\u0131.<\/p>\n<p><strong>&#8211; Abdullah \u00d6zt\u00fcrk &#8211; Paralimpik Masa Tenis\u00e7isi:<\/strong>Para Masa Tenisi T\u00fcrkiye \u015eampiyonas\u0131\u2019ndan 2 alt\u0131n, \u0130slami Dayan\u0131\u015fma Oyunlar\u0131\u2019ndan 1 alt\u0131n 1 g\u00fcm\u00fc\u015f, \u0130spanya Para Masa Tenisi D\u00fcnya \u015eampiyonas\u0131\u2019ndan 2 bronz madalya ile d\u00f6nd\u00fc.<\/p>\n<p><strong>&#8211; Aleyna Tutu\u015f &#8211; Judo Sporcusu:<\/strong>Kocaeli\u2019nde d\u00fczenlenen Uluslararas\u0131 Judo Turnuvas\u0131\u2019nda 3 bronz madalya kazan\u0131rken Karada\u011f\u2019daki Gen\u00e7ler Balkan \u015eampiyonas\u0131\u2019nda ise bireysel m\u00fcsabakalarda 7\u2019cilik ald\u0131. Tutu\u015f\u2019un da i\u00e7inde yer ald\u0131\u011f\u0131 T\u00fcrk Milli tak\u0131m\u0131 genel s\u0131ralama ve karma m\u00fcsabakalarda \u015fampiyon oldu.<\/p>\n<p><strong>&#8211; Mustafa Eli\u015f &#8211; Halter Sporcusu:\u00a0<\/strong>Meksika\u2019da d\u00fczenlenen D\u00fcnya Y\u0131ld\u0131zlar \u015eampiyonas\u0131\u2019nda 1 alt\u0131n, 1 g\u00fcm\u00fc\u015f al\u0131rken, Gen\u00e7 Kul\u00fcpler T\u00fcrkiye Halter \u015eampiyonas\u0131\u2019nda da T\u00fcrkiye 3.\u2019s\u00fc oldu.<\/p>\n<p><strong>&#8211; Irmak Y\u00fcksel &#8211; Ok\u00e7u: <\/strong>T\u00fcrkiye Kupas\u0131 Yar\u0131\u015fmas\u0131 U21 Makaral\u0131 Yay Kategorisi\u2019nde T\u00fcrkiye 2\u2019ncisi, Fransa\u2019da d\u00fczenlenen D\u00fcnya Okul Sporlar\u0131 Olimpiyatlar\u0131\u2019nda bireyselde d\u00fcnya 2\u2019ncisi, Gen\u00e7ler &#8211; Kadetler T\u00fcrkiye \u015eampiyonas\u0131\u2019nda T\u00fcrkiye 3\u2019nc\u00fcs\u00fc, 2022 T\u00fcrkiye Kupas\u0131 TSP2\u2019de T\u00fcrkiye 2\u2019ncisi, Salon T\u00fcrkiye Kupas\u0131\u2019nda ise 1\u2019nci oldu.<\/p>\n<p><strong>&#8211; Mehmet An\u0131l Do\u011fan &#8211; Triatlon:<\/strong>\u00a0Ordu Triatlon T\u00fcrkiye Kupas\u0131\u2019nda 9\u2019ncu, Dursunsey Kros Duatlon T\u00fcriye \u015eampiyonas\u0131\u2019nda 3\u2019nc\u00fc ve \u0130zmir Duatlon T\u00fcrkiye \u015eampiyonas\u0131\u2019da 10\u2019ncu oldu.<\/p>","protected":false},"excerpt":{"rendered":"<p>Sorry, this entry is only available in Turkish. For the sake of viewer convenience, the content is shown below in the alternative language. You may click the link to switch the active language. CK Enerji\u2019nin May\u0131s 2022\u2019de ba\u015flatt\u0131\u011f\u0131 Sporun Enerji Projesi\u2019ne adeta \u201cmadalya\u2019 ya\u011fd\u0131. CK Enerji\u2019nin sponsor olarak destek verdi\u011fi 9 gen\u00e7 sporcu, y\u0131l i\u00e7inde [&hellip;]<\/p>\n","protected":false},"author":1,"featured_media":166418,"comment_status":"open","ping_status":"open","sticky":false,"template":"","format":"standard","meta":[],"categories":[51,53],"tags":[32177,26353,107047,107046],"views":102,"_links":{"self":[{"href":"https:\/\/www.enerjigazetesi.ist\/en\/wp-json\/wp\/v2\/posts\/166416"}],"collection":[{"href":"https:\/\/www.enerjigazetesi.ist\/en\/wp-json\/wp\/v2\/posts"}],"about":[{"href":"https:\/\/www.enerjigazetesi.ist\/en\/wp-json\/wp\/v2\/types\/post"}],"author":[{"embeddable":true,"href":"https:\/\/www.enerjigazetesi.ist\/en\/wp-json\/wp\/v2\/users\/1"}],"replies":[{"embeddable":true,"href":"https:\/\/www.enerjigazetesi.ist\/en\/wp-json\/wp\/v2\/comments?post=166416"}],"version-history":[{"count":0,"href":"https:\/\/www.enerjigazetesi.ist\/en\/wp-json\/wp\/v2\/posts\/166416\/revisions"}],"wp:featuredmedia":[{"embeddable":true,"href":"https:\/\/www.enerjigazetesi.ist\/en\/wp-json\/wp\/v2\/media\/166418"}],"wp:attachment":[{"href":"https:\/\/www.enerjigazetesi.ist\/en\/wp-json\/wp\/v2\/media?parent=166416"}],"wp:term":[{"taxonomy":"category","embeddable":true,"href":"https:\/\/www.enerjigazetesi.ist\/en\/wp-json\/wp\/v2\/categories?post=166416"},{"taxonomy":"post_tag","embeddable":true,"href":"https:\/\/www.enerjigazetesi.ist\/en\/wp-json\/wp\/v2\/tags?post=166416"}],"curies":[{"name":"wp","href":"https:\/\/api.w.org\/{rel}","templated":true}]}}