{"id":16633,"date":"2013-10-20T20:56:50","date_gmt":"2013-10-20T17:56:50","guid":{"rendered":"https:\/\/www.enerjigazetesi.ist\/?p=16633"},"modified":"2013-10-20T20:56:50","modified_gmt":"2013-10-20T17:56:50","slug":"ruzgarin-gucu-3-bin-megavata-ulasacak","status":"publish","type":"post","link":"https:\/\/www.enerjigazetesi.ist\/en\/ruzgarin-gucu-3-bin-megavata-ulasacak\/","title":{"rendered":"(Turkish) &#8221;R\u00fczgar\u0131n G\u00fcc\u00fc 3 Bin Megavata Ula\u015facak!&#8221;"},"content":{"rendered":"<p class=\"qtranxs-available-languages-message qtranxs-available-languages-message-en\">Sorry, this entry is only available in <a href=\"https:\/\/www.enerjigazetesi.ist\/tr\/wp-json\/wp\/v2\/posts\/16633\" class=\"qtranxs-available-language-link qtranxs-available-language-link-tr\" title=\"Turkish\">Turkish<\/a>. For the sake of viewer convenience, the content is shown below in the alternative language. You may click the link to switch the active language.<\/p><p><strong>T\u00fcrkiye R\u00fczgar Enerjisi Birli\u011fi (T\u00dcREB) Y\u00f6netim Kurulu Ba\u015fkan\u0131 Mustafa Serdar Ataseven, &#8220;mevzuatta ya\u015fanan zorluklara ra\u011fmen y\u0131l sonunda r\u00fczgar enerjisindeki kurulu g\u00fcc\u00fcn b\u00fcy\u00fckl\u00fc\u011f\u00fcn\u00fcn 3 bin megavata ula\u015faca\u011f\u0131n\u0131&#8221; bildirdi.<\/strong><\/p>\n<p>Ataseven yapt\u0131\u011f\u0131 a\u00e7\u0131klamada, bug\u00fcnlerde r\u00fczgardaki kurulu g\u00fcc\u00fcn 2 bin 700-2 bin 800 megavatlara ula\u015ft\u0131\u011f\u0131n\u0131, bu y\u0131l i\u00e7in &#8220;k\u00f6t\u00fc senaryoda&#8221; 3 bin megavatl\u0131k, &#8220;iyimser senaryoda&#8221; 3 bin 300 megavatl\u0131k kurulu g\u00fcce ula\u015fmay\u0131 beklediklerini ifade etti. Ataseven, &#8220;mevzuatta ya\u015fad\u0131klar\u0131 zorluklara ra\u011fmen y\u0131l sonunda i\u015fletmeye al\u0131nan r\u00fczgar santrali kurulu g\u00fc\u00e7 b\u00fcy\u00fckl\u00fc\u011f\u00fcn\u00fcn 3 bin megavata ula\u015faca\u011f\u0131n\u0131&#8221; s\u00f6yledi.<\/p>\n<p>Mevcut ko\u015fullarda 2015 sonunda 5 bin, 2023&#8217;te de 10 bin megavatl\u0131k r\u00fczgar enerjisi kurulu g\u00fcc\u00fcn\u00fcn yakalanabilece\u011fini belirten Ataseven, bu \u015fekilde r\u00fczgar enerjisi a\u00e7\u0131s\u0131ndan 2023 hedefinin tutturulamayaca\u011f\u0131n\u0131 dile getirdi. Ataseven, \u015f\u00f6yle konu\u015ftu :<\/p>\n<p>&#8220;Bunun i\u00e7in mutlaka birtak\u0131m kampan<a href=\"https:\/\/www.enerjigazetesi.ist\/wp-content\/uploads\/2013\/06\/r\u00fczgar_enerjisi_uretimi-83-505x336.jpg\"><img loading=\"lazy\" class=\"alignleft size-medium wp-image-11860\" title=\"r\u00fczgar-enerjisi-ile-enerji-\u00fcretimi\" src=\"https:\/\/www.enerjigazetesi.ist\/wp-content\/uploads\/2013\/06\/r\u00fczgar_enerjisi_uretimi-83-505x336-300x199.jpg\" alt=\"\" width=\"300\" height=\"199\" srcset=\"https:\/\/www.enerjigazetesi.ist\/wp-content\/uploads\/2013\/06\/r\u00fczgar_enerjisi_uretimi-83-505x336-300x199.jpg 300w, https:\/\/www.enerjigazetesi.ist\/wp-content\/uploads\/2013\/06\/r\u00fczgar_enerjisi_uretimi-83-505x336-500x332.jpg 500w, https:\/\/www.enerjigazetesi.ist\/wp-content\/uploads\/2013\/06\/r\u00fczgar_enerjisi_uretimi-83-505x336-75x50.jpg 75w, https:\/\/www.enerjigazetesi.ist\/wp-content\/uploads\/2013\/06\/r\u00fczgar_enerjisi_uretimi-83-505x336.jpg 505w\" sizes=\"(max-width: 300px) 100vw, 300px\" \/><\/a>ya ya da te\u015fvik \u015feklinde bir mekanizmay\u0131 hayata ge\u00e7irmek laz\u0131m. Sadece parasal anlamda te\u015fvikin \u00f6tesinde, r\u00fczgar yat\u0131r\u0131mlar\u0131n\u0131n \u00f6n\u00fcn\u00fc a\u00e7acak te\u015fvikler olu\u015fmas\u0131 laz\u0131m. \u00d6zellikle in\u015faat s\u00fcresi izinleri \u00e7ok uzun, bunlar\u0131 k\u0131saltacak yol ve y\u00f6ntemleri geli\u015ftirmemiz laz\u0131m. 1 Kas\u0131m 2007 m\u00fcracaatlar\u0131n\u0131n y\u00fczde 90&#8217;\u0131 \u015fu anda Orman ve Su \u0130\u015fleri Bakanl\u0131\u011f\u0131ndan in\u015faat izinleri i\u00e7in bekliyor. 6 y\u0131ld\u0131r izin, in\u015faat, lisanslama s\u00fcre\u00e7lerini ge\u00e7ememi\u015fiz maalesef. Bunu h\u0131zland\u0131racak mekanizmalar\u0131n olu\u015fturulmas\u0131 laz\u0131m .&#8221;<\/p>\n<p>R\u00fczgar enerjisi sekt\u00f6r\u00fcn\u00fcn yeni ve geli\u015fen bir sekt\u00f6r oldu\u011funa i\u015faret eden Ataseven, ancak bu sekt\u00f6r\u00fc daha h\u0131zl\u0131 geli\u015ftirecek yol ve y\u00f6ntemlerin bulunmas\u0131 gerekti\u011fini vurgulad\u0131.<\/p>\n<p>R\u00fczgar enerjisi santrallerinin 2012 sonu itibariyle \u00fcretti\u011fi elektri\u011fin parasal b\u00fcy\u00fckl\u00fc\u011f\u00fcn\u00fcn yakla\u015f\u0131k 500 milyon dolar oldu\u011funu ifade eden Ataseven, T\u00fcrkiye&#8217;nin 2023 hedefindeki 20 bin megavata ula\u015fmas\u0131 halinde bu rakam\u0131n y\u0131ll\u0131k 4 milyar dolar kar\u015f\u0131l\u0131\u011f\u0131 elektrik \u00fcretimine kar\u015f\u0131l\u0131k gelece\u011fini anlatt\u0131. Ataseven, &#8220;Bu halk\u0131m\u0131z a\u00e7\u0131s\u0131ndan ne demek? Bir hane ayl\u0131k 100 lira elektrik faturas\u0131 \u00f6d\u00fcyorsa, r\u00fczgar santralleri \u00fclkemizde yayg\u0131nla\u015ft\u0131\u011f\u0131 zaman 70-80 lira \u00f6deyecek, vatanda\u015f\u0131n cebine bu \u015fekilde, elektrik fiyatlar\u0131nda ucuzlama olarak yans\u0131yacak demektir&#8221; dedi.<\/p>\n<p>Ataseven, T\u00fcrkiye&#8217;nin r\u00fczgar potansiyelinin Avrupa&#8217;dan y\u00fczde 25-30 daha fazla oldu\u011funu ve sekt\u00f6r\u00fcn h\u0131zla geli\u015fmesinin ekonomideki bir\u00e7ok ba\u015fka alan\u0131 da olumlu etkileyece\u011fini s\u00f6yledi.<\/p>\n<p>R\u00fczgar enerjisinde yerli \u00fcr\u00fcn te\u015fvikleriyle ilgili sertifikasyon sorununun a\u015f\u0131lmas\u0131n\u0131n bu s\u00fcre\u00e7te \u00f6nemli bir ad\u0131m oldu\u011funu anlatan Ataseven, bundan sonraki s\u00fcre\u00e7te bu santrallerde yerli \u00fcr\u00fcn kullan\u0131m\u0131na ili\u015fkin katk\u0131lar\u0131n i\u015flemeye ba\u015flayaca\u011f\u0131n\u0131 \u00f6ng\u00f6rd\u00fckleri ifade etti. Ataseven, hem r\u00fczgar yat\u0131r\u0131mlar\u0131n\u0131n hem de r\u00fczgar sanayisinin \u015fahlanaca\u011f\u0131 zamanda in\u015faat izni verilmemesi s\u00fcrecinin kendilerini \u00e7ok olumsuz etkiledi\u011fini belirterek, &#8220;Bu s\u00fcre\u00e7 ger\u00e7ekle\u015fmemi\u015f olsayd\u0131, bug\u00fcn 3 bin 300-3 bin 400 megavatlar\u0131 g\u00f6r\u00fcyor olacakt\u0131k. Bu t\u0131kan\u0131kl\u0131k r\u00fczgar sanayinin de geli\u015ftirilememesine neden oluyor. \u00c7\u00fcnk\u00fc r\u00fczgar santralleri, r\u00fczgar sekt\u00f6r\u00fc geli\u015fecek ki ard\u0131ndan r\u00fczgar sanayisi, yan sanayisi geli\u015febilsin&#8221; diye konu\u015ftu.<\/p>\n<p>Kaynak: <a href=\"http:\/\/www.energyworld.com.tr\/root.vol?title=-quotruzgarin-gucu-3-bin-megavata-ulasacak-quot&amp;exec=page&amp;nid=581805\" target=\"_blank\">Energy World<\/a><\/p>","protected":false},"excerpt":{"rendered":"<p>Sorry, this entry is only available in Turkish. For the sake of viewer convenience, the content is shown below in the alternative language. You may click the link to switch the active language.T\u00fcrkiye R\u00fczgar Enerjisi Birli\u011fi (T\u00dcREB) Y\u00f6netim Kurulu Ba\u015fkan\u0131 Mustafa Serdar Ataseven, &#8220;mevzuatta ya\u015fanan zorluklara ra\u011fmen y\u0131l sonunda r\u00fczgar enerjisindeki kurulu g\u00fcc\u00fcn b\u00fcy\u00fckl\u00fc\u011f\u00fcn\u00fcn 3 [&hellip;]<\/p>\n","protected":false},"author":1,"featured_media":11860,"comment_status":"open","ping_status":"open","sticky":false,"template":"","format":"standard","meta":[],"categories":[53,50],"tags":[63,67,1009,165,3388,474,69,16,5131,1682,3390],"views":701,"_links":{"self":[{"href":"https:\/\/www.enerjigazetesi.ist\/en\/wp-json\/wp\/v2\/posts\/16633"}],"collection":[{"href":"https:\/\/www.enerjigazetesi.ist\/en\/wp-json\/wp\/v2\/posts"}],"about":[{"href":"https:\/\/www.enerjigazetesi.ist\/en\/wp-json\/wp\/v2\/types\/post"}],"author":[{"embeddable":true,"href":"https:\/\/www.enerjigazetesi.ist\/en\/wp-json\/wp\/v2\/users\/1"}],"replies":[{"embeddable":true,"href":"https:\/\/www.enerjigazetesi.ist\/en\/wp-json\/wp\/v2\/comments?post=16633"}],"version-history":[{"count":1,"href":"https:\/\/www.enerjigazetesi.ist\/en\/wp-json\/wp\/v2\/posts\/16633\/revisions"}],"predecessor-version":[{"id":16634,"href":"https:\/\/www.enerjigazetesi.ist\/en\/wp-json\/wp\/v2\/posts\/16633\/revisions\/16634"}],"wp:featuredmedia":[{"embeddable":true,"href":"https:\/\/www.enerjigazetesi.ist\/en\/wp-json\/wp\/v2\/media\/11860"}],"wp:attachment":[{"href":"https:\/\/www.enerjigazetesi.ist\/en\/wp-json\/wp\/v2\/media?parent=16633"}],"wp:term":[{"taxonomy":"category","embeddable":true,"href":"https:\/\/www.enerjigazetesi.ist\/en\/wp-json\/wp\/v2\/categories?post=16633"},{"taxonomy":"post_tag","embeddable":true,"href":"https:\/\/www.enerjigazetesi.ist\/en\/wp-json\/wp\/v2\/tags?post=16633"}],"curies":[{"name":"wp","href":"https:\/\/api.w.org\/{rel}","templated":true}]}}