{"id":166326,"date":"2023-01-03T10:46:15","date_gmt":"2023-01-03T07:46:15","guid":{"rendered":"https:\/\/www.enerjigazetesi.ist\/?p=166326"},"modified":"2023-01-03T10:46:15","modified_gmt":"2023-01-03T07:46:15","slug":"eksim-pulse-girisimcilik-programina-basvurular-basladi","status":"publish","type":"post","link":"https:\/\/www.enerjigazetesi.ist\/en\/eksim-pulse-girisimcilik-programina-basvurular-basladi\/","title":{"rendered":"(Turkish) Eksim Pulse &#8216;Giri\u015fimcilik Program\u0131&#8217;na Ba\u015fvurular Ba\u015flad\u0131"},"content":{"rendered":"<p class=\"qtranxs-available-languages-message qtranxs-available-languages-message-en\">Sorry, this entry is only available in <a href=\"https:\/\/www.enerjigazetesi.ist\/tr\/wp-json\/wp\/v2\/posts\/166326\" class=\"qtranxs-available-language-link qtranxs-available-language-link-tr\" title=\"Turkish\">Turkish<\/a>. For the sake of viewer convenience, the content is shown below in the alternative language. You may click the link to switch the active language.<\/p><p><\/p>\n<h2>Yenilenebilir enerji \u00fcretimi, elektrik da\u011f\u0131t\u0131m\u0131 ve perakende hizmetleri ile g\u0131da \u00fcretimi alanlar\u0131ndaki yat\u0131r\u0131mlar\u0131yla \u00fclkemizin \u00f6nde gelen gruplar\u0131 aras\u0131nda yer alan Eksim Holding, 36 y\u0131ll\u0131k tecr\u00fcbesi ile giri\u015fimcilerin enerji sekt\u00f6r\u00fcne eri\u015fmelerini sa\u011flayacak. Bu kapsamda; enerji sekt\u00f6r\u00fcnde i\u015f fikri veya projesi olan giri\u015fimciler \u201cEksim Pulse Giri\u015fimcilik Program\u0131\u201d ile desteklenecek.<\/h2>\n<p>Programa her a\u015famadaki giri\u015fimler; <em>enerji tedariki, enerji lojisti\u011fi, enerji da\u011f\u0131t\u0131m teknolojileri, enerji da\u011f\u0131t\u0131m y\u00f6netimi ve dijital \u00e7\u00f6z\u00fcmler<\/em> kategorilerinde ba\u015fvurabilecek. Ba\u015fvuru s\u00fcrecinin sonunda kabul edilen giri\u015fimciler, j\u00fcri sunumlar\u0131na davet edilecek. Eksim Pulse Program\u0131 kapsam\u0131nda<strong> en iyi 10 giri\u015fim<\/strong>,<strong> kulu\u00e7ka, h\u0131zland\u0131rma ve yat\u0131r\u0131m<\/strong> a\u015famalar\u0131nda <strong>4 ay boyunca<\/strong> desteklenecek.<\/p>\n<h3><strong>100 bin TL\u2019ye kadar maddi destek sa\u011flanacak<\/strong><\/h3>\n<p><img loading=\"lazy\" class=\"alignright wp-image-166330\" src=\"https:\/\/www.enerjigazetesi.ist\/wp-content\/uploads\/2023\/01\/eksim-pulse-girisimcilik-programina-basvurular-basladi-2.jpg\" alt=\"\" width=\"320\" height=\"214\" srcset=\"https:\/\/www.enerjigazetesi.ist\/wp-content\/uploads\/2023\/01\/eksim-pulse-girisimcilik-programina-basvurular-basladi-2.jpg 550w, https:\/\/www.enerjigazetesi.ist\/wp-content\/uploads\/2023\/01\/eksim-pulse-girisimcilik-programina-basvurular-basladi-2-300x200.jpg 300w, https:\/\/www.enerjigazetesi.ist\/wp-content\/uploads\/2023\/01\/eksim-pulse-girisimcilik-programina-basvurular-basladi-2-500x334.jpg 500w, https:\/\/www.enerjigazetesi.ist\/wp-content\/uploads\/2023\/01\/eksim-pulse-girisimcilik-programina-basvurular-basladi-2-75x50.jpg 75w, https:\/\/www.enerjigazetesi.ist\/wp-content\/uploads\/2023\/01\/eksim-pulse-girisimcilik-programina-basvurular-basladi-2-450x300.jpg 450w\" sizes=\"(max-width: 320px) 100vw, 320px\" \/>Eksim Pulse Giri\u015fimcilik Program\u0131 ile ilgili bilgiler veren <strong>Eksim Ventures Yat\u0131r\u0131m Komitesi \u00dcyesi U\u011fur Mutluhan Oruncak<\/strong>, programa kabul edilen ekiplere projelerini geli\u015ftirebilmeleri i\u00e7in kat\u0131l\u0131m durumlar\u0131na g\u00f6re<strong> 100 bin TL\u2019ye kadar maddi destek<\/strong> sa\u011flanaca\u011f\u0131n\u0131 s\u00f6yledi. Eksim Ventures \u00f6nc\u00fcl\u00fc\u011f\u00fcnde, enerji sekt\u00f6r\u00fcne sunulmaya haz\u0131r ve deneyim kazanm\u0131\u015f projelere yat\u0131r\u0131m yaparak, bu projelerin b\u00fcy\u00fcmelerine katk\u0131 sa\u011flad\u0131klar\u0131n\u0131 anlatan Oruncak, <em>\u201cGiri\u015fimcilere ba\u015fta Eksim Ventures olmak \u00fczere bir\u00e7ok yat\u0131r\u0131m a\u011f\u0131ndan fon alma \u015fans\u0131 sunuyoruz. Partner yat\u0131r\u0131m a\u011flar\u0131m\u0131z\u0131n yan\u0131 s\u0131ra kitlesel fonlama a\u011flar\u0131 ile yat\u0131r\u0131m d\u00fcnyas\u0131na eri\u015fimlerini kolayla\u015ft\u0131r\u0131yoruz\u201d<\/em> dedi.<\/p>\n<h3><strong>Oruncak: \u201cGiri\u015fimciler yat\u0131r\u0131m d\u00fcnyas\u0131na eri\u015fim imkan\u0131 bulacak\u201d<\/strong><\/h3>\n<p><em>\u201cEksim Pulse program\u0131na kabul edilen ekipler i\u00e7in \u00f6ncelikle ihtiya\u00e7 analizleri yap\u0131l\u0131yor ve buna uygun e\u011fitim ve mentorluk program\u0131 olu\u015fturuluyor\u201d<\/em> ifadelerini kullanan Oruncak, <em>\u201cProjelerini geli\u015ftirip ticarile\u015ftirebilmeleri i\u00e7in kabul edilen t\u00fcm ekiplere finansal deste\u011fin yan\u0131 s\u0131ra, Ar-Ge deste\u011fi, ofis deste\u011fi, ekosistem eri\u015fim deste\u011fi gibi olanaklar da sa\u011flan\u0131yor. Kat\u0131l\u0131mc\u0131lar, program\u0131n sonunda ise t\u00fcm giri\u015fimcilik ekosisteminin kat\u0131laca\u011f\u0131 final etkinli\u011fi ile yat\u0131r\u0131m d\u00fcnyas\u0131na ula\u015f\u0131yor\u201d<\/em> diye konu\u015ftu.<\/p>\n<p><strong>Eksim Pulse Giri\u015fimcilik Program\u0131 ba\u015fvurular\u0131<\/strong>\u00a0<a href=\"http:\/\/eksimpulse.com\">http:\/\/eksimpulse.com<\/a> adresi \u00fczerinden yap\u0131lmaktad\u0131r.<\/p>","protected":false},"excerpt":{"rendered":"<p>Sorry, this entry is only available in Turkish. For the sake of viewer convenience, the content is shown below in the alternative language. You may click the link to switch the active language. Yenilenebilir enerji \u00fcretimi, elektrik da\u011f\u0131t\u0131m\u0131 ve perakende hizmetleri ile g\u0131da \u00fcretimi alanlar\u0131ndaki yat\u0131r\u0131mlar\u0131yla \u00fclkemizin \u00f6nde gelen gruplar\u0131 aras\u0131nda yer alan Eksim Holding, [&hellip;]<\/p>\n","protected":false},"author":1,"featured_media":166331,"comment_status":"open","ping_status":"open","sticky":false,"template":"","format":"standard","meta":[],"categories":[51,53],"tags":[20664,107020,23311,63364],"views":54,"_links":{"self":[{"href":"https:\/\/www.enerjigazetesi.ist\/en\/wp-json\/wp\/v2\/posts\/166326"}],"collection":[{"href":"https:\/\/www.enerjigazetesi.ist\/en\/wp-json\/wp\/v2\/posts"}],"about":[{"href":"https:\/\/www.enerjigazetesi.ist\/en\/wp-json\/wp\/v2\/types\/post"}],"author":[{"embeddable":true,"href":"https:\/\/www.enerjigazetesi.ist\/en\/wp-json\/wp\/v2\/users\/1"}],"replies":[{"embeddable":true,"href":"https:\/\/www.enerjigazetesi.ist\/en\/wp-json\/wp\/v2\/comments?post=166326"}],"version-history":[{"count":0,"href":"https:\/\/www.enerjigazetesi.ist\/en\/wp-json\/wp\/v2\/posts\/166326\/revisions"}],"wp:featuredmedia":[{"embeddable":true,"href":"https:\/\/www.enerjigazetesi.ist\/en\/wp-json\/wp\/v2\/media\/166331"}],"wp:attachment":[{"href":"https:\/\/www.enerjigazetesi.ist\/en\/wp-json\/wp\/v2\/media?parent=166326"}],"wp:term":[{"taxonomy":"category","embeddable":true,"href":"https:\/\/www.enerjigazetesi.ist\/en\/wp-json\/wp\/v2\/categories?post=166326"},{"taxonomy":"post_tag","embeddable":true,"href":"https:\/\/www.enerjigazetesi.ist\/en\/wp-json\/wp\/v2\/tags?post=166326"}],"curies":[{"name":"wp","href":"https:\/\/api.w.org\/{rel}","templated":true}]}}