{"id":166314,"date":"2023-01-02T16:15:59","date_gmt":"2023-01-02T13:15:59","guid":{"rendered":"https:\/\/www.enerjigazetesi.ist\/?p=166314"},"modified":"2023-01-02T16:17:43","modified_gmt":"2023-01-02T13:17:43","slug":"en-enerjik-lise-fabrika-gibi-hizmet-veriyor","status":"publish","type":"post","link":"https:\/\/www.enerjigazetesi.ist\/en\/en-enerjik-lise-fabrika-gibi-hizmet-veriyor\/","title":{"rendered":"(Turkish) En \u2018Enerjik\u2019 Lise: Fabrika Gibi Hizmet Veriyor"},"content":{"rendered":"<p class=\"qtranxs-available-languages-message qtranxs-available-languages-message-en\">Sorry, this entry is only available in <a href=\"https:\/\/www.enerjigazetesi.ist\/tr\/wp-json\/wp\/v2\/posts\/166314\" class=\"qtranxs-available-language-link qtranxs-available-language-link-tr\" title=\"Turkish\">Turkish<\/a>. For the sake of viewer convenience, the content is shown below in the alternative language. You may click the link to switch the active language.<\/p><p><\/p>\n<h2 class=\"spot\">\u0130stanbul\u2019daki enerji teknolojileri alan\u0131nda e\u011fitim veren \u015eehit Erol Ol\u00e7ok Mesleki ve Teknik Anadolu Lisesi\u2019nde g\u00fcne\u015f santrali, r\u00fczgar t\u00fcrbini ve yenilenebilir enerji sahas\u0131 bulunuyor. Okul elektrik ihtiyac\u0131n\u0131n bir b\u00f6l\u00fcm\u00fcn\u00fc kendi kar\u015f\u0131larken 10 okulun \u00e7at\u0131s\u0131na da g\u00fcne\u015f enerjisi sistemi kurdu.<\/h2>\n<p class=\"non-card\" data-card-id=\"8bcb9bc8-577f-4bc3-c928-001b95a5532e\" data-card-type=\"Text\"><strong>G\u00fcne\u015f santrali, r\u00fczg\u00e2r t\u00fcrbini<\/strong> ve <strong>yenilenebilir enerji sahas\u0131<\/strong> bulunan okulda <strong>sekt\u00f6re bir fabrika gibi<\/strong> hizmet veriliyor. Okul, bah\u00e7esindeki <strong>g\u00fcne\u015f santrali, r\u00fczg\u00e2r t\u00fcrbini ve yenilenebilir enerji <img loading=\"lazy\" class=\"alignright wp-image-166317\" src=\"https:\/\/www.enerjigazetesi.ist\/wp-content\/uploads\/2023\/01\/resized_ec0f0-e309949bokul2.jpg\" alt=\"\" width=\"320\" height=\"223\" srcset=\"https:\/\/www.enerjigazetesi.ist\/wp-content\/uploads\/2023\/01\/resized_ec0f0-e309949bokul2.jpg 550w, https:\/\/www.enerjigazetesi.ist\/wp-content\/uploads\/2023\/01\/resized_ec0f0-e309949bokul2-300x209.jpg 300w, https:\/\/www.enerjigazetesi.ist\/wp-content\/uploads\/2023\/01\/resized_ec0f0-e309949bokul2-500x348.jpg 500w, https:\/\/www.enerjigazetesi.ist\/wp-content\/uploads\/2023\/01\/resized_ec0f0-e309949bokul2-72x50.jpg 72w\" sizes=\"(max-width: 320px) 100vw, 320px\" \/>sahas\u0131yla<\/strong> meslek liseleri aras\u0131nda ilk olma \u00f6zelli\u011fi ta\u015f\u0131yor. <strong>Okul at\u00f6lyesinin<\/strong> elektrik ihtiyac\u0131n\u0131n bir k\u0131sm\u0131n\u0131 kendi kendine kar\u015f\u0131lamas\u0131n\u0131n yan\u0131nda <strong>ildeki okullara da destek veriyor<\/strong>. \u0130stanbul\u2019daki <strong>10 ilkokulun \u00e7at\u0131s\u0131na<\/strong> kurulan g\u00fcne\u015f paneli sayesinde <strong>okullar\u0131n elektrik ihtiyac\u0131n\u0131n b\u00fcy\u00fck bir k\u0131sm\u0131<\/strong> kar\u015f\u0131lan\u0131yor.<\/p>\n<p class=\"non-card\" data-card-id=\"7b5868c5-83d5-49bc-d4b2-dea1d98a1e8b\" data-card-type=\"Text\">Okul M\u00fcd\u00fcr\u00fc Ahmet C\u00f6mert, <strong>1<\/strong> teknik<strong> 1<\/strong> de meslek olmak \u00fczere iki yenilenebilir enerji teknolojileri b\u00f6l\u00fcmleri oldu\u011funu belirterek <span style=\"text-decoration: underline;\">\u015funlar\u0131 kaydetti:<\/span><\/p>\n<h3 data-card-id=\"afd3c622-7dcc-4f50-7074-aa92c4e5902b\" data-card-type=\"H2\">Ustaba\u015f\u0131 Oldular<\/h3>\n<p class=\"non-card\" data-card-id=\"df5fe689-18e2-4b7a-5625-ea58a343e553\" data-card-type=\"Text\"><em>\u201cBiz 8 y\u0131ld\u0131r yenilenebilir enerji alan\u0131nda \u00f6\u011frenci yeti\u015ftirip piyasaya g\u00f6nderiyoruz. \u00c7o\u011fu \u00f6\u011frencimiz \u015fu anda bizim firmalarda ustaba\u015f\u0131 oldu. \u00c7at\u0131da bir tane<strong> 5 KW<\/strong>\u2019l\u0131k panel var.<strong> 3 KW<\/strong>\u2019da yerde var. At\u00f6lyemizin elektrik ihtiyac\u0131n\u0131n bir k\u0131sm\u0131n\u0131 kar\u015f\u0131layabiliyoruz. <strong>50 KW<\/strong>\u2019l\u0131k i\u00e7in proje haz\u0131rlad\u0131k, d\u00f6n\u00fc\u015f\u00fc bekliyoruz.\u201d<\/em><\/p>\n<h3 data-card-id=\"6b5aeadc-69e0-449d-2151-90a2a9ea43c5\" data-card-type=\"H2\">Uygulamal\u0131 \u00d6\u011fretiyoruz<\/h3>\n<p class=\"non-card\" data-card-id=\"11b26788-afbb-4ae1-b3a9-b278c4956c17\" data-card-type=\"Text\"><strong>Yenilenebilir teknolojiler b\u00f6l\u00fcm\u00fc \u00f6\u011fretmeni Cem Demir<\/strong>,<em> \u201c\u00d6\u011frencilerimiz merakl\u0131 olmasa biz bu b\u00f6l\u00fcm\u00fc b\u00f6yle b\u00fcy\u00fctemezdik. Uygulamal\u0131 \u00f6\u011fretiyoruz. 6 y\u0131ld\u0131r buraday\u0131m. <strong>Meslek lisesi k\u0131sm\u0131nda<\/strong> \u00f6\u011frencilerimiz genelde <strong>ustaba\u015f\u0131<\/strong> olarak \u00e7\u0131k\u0131yor. Teknik k\u0131sm\u0131nda ise <strong>m\u00fchendislik b\u00f6l\u00fcm\u00fcn\u00fc<\/strong> tercih ediyorlar. Her iki t\u00fcrl\u00fc de avantajl\u0131. \u00c7\u00fcnk\u00fc yeni olan piyasaya yeti\u015ftirilmi\u015f \u00f6\u011frenci veriyoruz\u201d ifadelerini kulland\u0131.<\/em><\/p>\n<p data-card-id=\"11b26788-afbb-4ae1-b3a9-b278c4956c17\" data-card-type=\"Text\">Kaynak: <a href=\"https:\/\/www.yenisafak.com\/gundem\/en-enerjik-lise-fabrika-gibi-hizmet-veriyor-3899023\" target=\"_blank\" rel=\"noopener\">Yeni \u015eafak<\/a><\/p>\n<p><\/p>","protected":false},"excerpt":{"rendered":"<p>Sorry, this entry is only available in Turkish. For the sake of viewer convenience, the content is shown below in the alternative language. You may click the link to switch the active language. \u0130stanbul\u2019daki enerji teknolojileri alan\u0131nda e\u011fitim veren \u015eehit Erol Ol\u00e7ok Mesleki ve Teknik Anadolu Lisesi\u2019nde g\u00fcne\u015f santrali, r\u00fczgar t\u00fcrbini ve yenilenebilir enerji sahas\u0131 [&hellip;]<\/p>\n","protected":false},"author":1,"featured_media":166318,"comment_status":"open","ping_status":"open","sticky":false,"template":"","format":"standard","meta":[],"categories":[53,49,50],"tags":[1353,2401,324,105],"views":67,"_links":{"self":[{"href":"https:\/\/www.enerjigazetesi.ist\/en\/wp-json\/wp\/v2\/posts\/166314"}],"collection":[{"href":"https:\/\/www.enerjigazetesi.ist\/en\/wp-json\/wp\/v2\/posts"}],"about":[{"href":"https:\/\/www.enerjigazetesi.ist\/en\/wp-json\/wp\/v2\/types\/post"}],"author":[{"embeddable":true,"href":"https:\/\/www.enerjigazetesi.ist\/en\/wp-json\/wp\/v2\/users\/1"}],"replies":[{"embeddable":true,"href":"https:\/\/www.enerjigazetesi.ist\/en\/wp-json\/wp\/v2\/comments?post=166314"}],"version-history":[{"count":1,"href":"https:\/\/www.enerjigazetesi.ist\/en\/wp-json\/wp\/v2\/posts\/166314\/revisions"}],"predecessor-version":[{"id":166315,"href":"https:\/\/www.enerjigazetesi.ist\/en\/wp-json\/wp\/v2\/posts\/166314\/revisions\/166315"}],"wp:featuredmedia":[{"embeddable":true,"href":"https:\/\/www.enerjigazetesi.ist\/en\/wp-json\/wp\/v2\/media\/166318"}],"wp:attachment":[{"href":"https:\/\/www.enerjigazetesi.ist\/en\/wp-json\/wp\/v2\/media?parent=166314"}],"wp:term":[{"taxonomy":"category","embeddable":true,"href":"https:\/\/www.enerjigazetesi.ist\/en\/wp-json\/wp\/v2\/categories?post=166314"},{"taxonomy":"post_tag","embeddable":true,"href":"https:\/\/www.enerjigazetesi.ist\/en\/wp-json\/wp\/v2\/tags?post=166314"}],"curies":[{"name":"wp","href":"https:\/\/api.w.org\/{rel}","templated":true}]}}