{"id":16630,"date":"2013-10-20T20:51:06","date_gmt":"2013-10-20T17:51:06","guid":{"rendered":"https:\/\/www.enerjigazetesi.ist\/?p=16630"},"modified":"2013-10-20T20:51:06","modified_gmt":"2013-10-20T17:51:06","slug":"enerji-guvenligi-konferansi-yapildi","status":"publish","type":"post","link":"https:\/\/www.enerjigazetesi.ist\/en\/enerji-guvenligi-konferansi-yapildi\/","title":{"rendered":"(Turkish) Enerji G\u00fcvenli\u011fi Konferans\u0131 Yap\u0131ld\u0131"},"content":{"rendered":"<p class=\"qtranxs-available-languages-message qtranxs-available-languages-message-en\">Sorry, this entry is only available in <a href=\"https:\/\/www.enerjigazetesi.ist\/tr\/wp-json\/wp\/v2\/posts\/16630\" class=\"qtranxs-available-language-link qtranxs-available-language-link-tr\" title=\"Turkish\">Turkish<\/a>. For the sake of viewer convenience, the content is shown below in the alternative language. You may click the link to switch the active language.<\/p><p><strong>Ba\u015fkent A\u015fkabat&#8217;ta &#8220;AG\u0130T Perspektifinde Enerji G\u00fcvenli\u011fi ve S\u00fcrd\u00fcr\u00fclebilirlik Y\u00fcksek D\u00fczeyli Konferans\u0131&#8221; a\u00e7\u0131l\u0131\u015f oturumu yap\u0131ld\u0131.<\/strong><\/p>\n<p>Devlet Ba\u015fkan\u0131 Gurbanguli Berdimuhamedov&#8217;un kat\u0131l\u0131\u011f\u0131 konferansa, AG\u0130T&#8217;e \u00fcye \u00fclkelerden \u00fcst d\u00fczey temsilciler haz\u0131r bulundu. Cevdet Y\u0131lmaz&#8217;\u0131n T\u00fcrkiye&#8217;yi temsilen kat\u0131ld\u0131\u011f\u0131 konferansa, AG\u0130T d\u00f6nem ba\u015fkan\u0131 Ukrayna D\u0131\u015fi\u015fleri Bakan\u0131 Leonid Kojara, AG\u0130T Genel Sekreteri Lamberto Zannier yan\u0131 s\u0131ra bir\u00e7ok \u00fclkeden bakan d\u00fczeyinde kat\u0131l\u0131m ger\u00e7ekle\u015fti.<\/p>\n<p>A\u00e7\u0131l\u0131\u015f oturumunda konu\u015fan Berdimuhamedov, enerji i\u015fbirli\u011finde enerji kaynaklar\u0131n\u0131n g\u00fcvenli bir \u015fekilde d\u00fcn<a href=\"https:\/\/www.enerjigazetesi.ist\/wp-content\/uploads\/2013\/10\/enerji-guvenligi-konferansi-yapildi.jpg\"><img loading=\"lazy\" class=\"alignright size-medium wp-image-16631\" title=\"enerji-guvenligi-konferansi-yapildi\" src=\"https:\/\/www.enerjigazetesi.ist\/wp-content\/uploads\/2013\/10\/enerji-guvenligi-konferansi-yapildi-300x199.jpg\" alt=\"\" width=\"300\" height=\"199\" srcset=\"https:\/\/www.enerjigazetesi.ist\/wp-content\/uploads\/2013\/10\/enerji-guvenligi-konferansi-yapildi-300x199.jpg 300w, https:\/\/www.enerjigazetesi.ist\/wp-content\/uploads\/2013\/10\/enerji-guvenligi-konferansi-yapildi-75x50.jpg 75w, https:\/\/www.enerjigazetesi.ist\/wp-content\/uploads\/2013\/10\/enerji-guvenligi-konferansi-yapildi.jpg 436w\" sizes=\"(max-width: 300px) 100vw, 300px\" \/><\/a>ya piyasas\u0131na olu\u015fturulmas\u0131 gerekti\u011fini kaydetti. Bu konuda d\u00fcr\u00fcst, e\u015fit, \u015feffaf i\u015fbirli\u011fi yap\u0131lmas\u0131 gerekti\u011fini s\u00f6yleyen Berdimuhamedov, enerji i\u015fbirli\u011finde d\u00fcnya \u00fclkeleri ve uluslararas\u0131 \u00f6rg\u00fctler ile i\u015fbirli\u011fine haz\u0131r olduklar\u0131n\u0131 belirtti.<\/p>\n<p>Enerji g\u00fcvenli\u011fi i\u00e7in uluslararas\u0131 hukuk temelinin olu\u015fturulmas\u0131 konusunda \u00fclkeleri i\u015fbirli\u011fine davet eden Berdimuhamedov, uzmanlar grubunun olu\u015fturulmas\u0131n\u0131 teklif etti.<\/p>\n<p>T\u00fcrkmen lider, enerji kaynaklar\u0131n\u0131 d\u00fcnya piyasas\u0131na \u00e7e\u015fitli g\u00fczergahlar ile ula\u015ft\u0131rmak i\u00e7in b\u00fcy\u00fck \u00e7aba g\u00f6sterdiklerini belirtti. Bu ba\u011flamda, T\u00fcrkmen gaz\u0131n\u0131n Avrupa&#8217;ya ula\u015ft\u0131r\u0131lmas\u0131 konusunda T\u00fcrkmenistan-Azerbaycan-T\u00fcrkiye-Avrupa Birli\u011fi hatt\u0131nda \u00e7al\u0131\u015fma komisyonunun kuruldu\u011funu ve bu komisyon \u00e7al\u0131\u015fmalar\u0131n\u0131 ba\u015far\u0131l\u0131 s\u00fcrd\u00fcrd\u00fc\u011f\u00fcn\u00fc belirtti.<\/p>\n<p>Konferansa kat\u0131lan Kalk\u0131nma Bakan\u0131 Cevdet Y\u0131lmaz, T\u00fcrkmenistan&#8217;\u0131n enerji alan\u0131nda \u00fcretici ve ithalat\u00e7\u0131 \u00fclke oldu\u011funu, T\u00fcrkiye&#8217;nin b\u00fcy\u00fck bir pazar, Azerbaycan&#8217;\u0131n ise transit \u00fclke konumunda oldu\u011funu s\u00f6yledi. Bakan Y\u0131lmaz, bu \u00fc\u00e7 \u00fclkenin ortak hareket etmesinin herkes i\u00e7in faydal\u0131 olaca\u011f\u0131n\u0131 belirterek, &#8220;Enerji \u00fcreten bir\u00e7ok \u00fclke var. Ancak bu \u00fclkeler kendi ihtiyac\u0131 i\u00e7in \u00fcretiyor. T\u00fcrkmenistan ise enerji ihra\u00e7 eden \u00fclke ve bu anlamda d\u00fcnyada enerji g\u00fcvenli\u011fi a\u00e7\u0131s\u0131nda kritik bir \u00fclke&#8221; dedi.<\/p>\n<p>Orta Asya&#8217;n\u0131n enerji zengini \u00fclkesi T\u00fcrkmenistan, halihaz\u0131rda \u00c7in, Rusya ve \u0130ran&#8217;a do\u011falgaz ihra\u00e7 ediyor. T\u00fcrkmen y\u00f6netimi, enerji kaynaklar\u0131n\u0131 \u00e7e\u015fitli yollarla d\u00fcnya piyasas\u0131na ula\u015ft\u0131r\u0131lmas\u0131na b\u00fcy\u00fck \u00f6nem vererek, T\u00fcrkmenistan-Afganistan-Pakistan-Hindistan boru hatt\u0131, T\u00fcrkmen gaz\u0131n\u0131n Avrupa&#8217;ya ula\u015ft\u0131r\u0131lmas\u0131 gibi bir\u00e7ok proje i\u00e7in yo\u011fun \u00e7al\u0131\u015fma yap\u0131yor.<\/p>\n<p>Kaynak: <a href=\"http:\/\/www.energyworld.com.tr\/root.vol?title=enerji-guvenligi-konferansi-yapildi&amp;exec=page&amp;nid=581808\" target=\"_blank\">Energy World<\/a><\/p>","protected":false},"excerpt":{"rendered":"<p>Sorry, this entry is only available in Turkish. For the sake of viewer convenience, the content is shown below in the alternative language. You may click the link to switch the active language.Ba\u015fkent A\u015fkabat&#8217;ta &#8220;AG\u0130T Perspektifinde Enerji G\u00fcvenli\u011fi ve S\u00fcrd\u00fcr\u00fclebilirlik Y\u00fcksek D\u00fczeyli Konferans\u0131&#8221; a\u00e7\u0131l\u0131\u015f oturumu yap\u0131ld\u0131. Devlet Ba\u015fkan\u0131 Gurbanguli Berdimuhamedov&#8217;un kat\u0131l\u0131\u011f\u0131 konferansa, AG\u0130T&#8217;e \u00fcye \u00fclkelerden [&hellip;]<\/p>\n","protected":false},"author":1,"featured_media":16631,"comment_status":"open","ping_status":"open","sticky":false,"template":"","format":"standard","meta":[],"categories":[53],"tags":[9691,6361,63,67,232,1009,165,1296,1040],"views":1311,"_links":{"self":[{"href":"https:\/\/www.enerjigazetesi.ist\/en\/wp-json\/wp\/v2\/posts\/16630"}],"collection":[{"href":"https:\/\/www.enerjigazetesi.ist\/en\/wp-json\/wp\/v2\/posts"}],"about":[{"href":"https:\/\/www.enerjigazetesi.ist\/en\/wp-json\/wp\/v2\/types\/post"}],"author":[{"embeddable":true,"href":"https:\/\/www.enerjigazetesi.ist\/en\/wp-json\/wp\/v2\/users\/1"}],"replies":[{"embeddable":true,"href":"https:\/\/www.enerjigazetesi.ist\/en\/wp-json\/wp\/v2\/comments?post=16630"}],"version-history":[{"count":1,"href":"https:\/\/www.enerjigazetesi.ist\/en\/wp-json\/wp\/v2\/posts\/16630\/revisions"}],"predecessor-version":[{"id":16632,"href":"https:\/\/www.enerjigazetesi.ist\/en\/wp-json\/wp\/v2\/posts\/16630\/revisions\/16632"}],"wp:featuredmedia":[{"embeddable":true,"href":"https:\/\/www.enerjigazetesi.ist\/en\/wp-json\/wp\/v2\/media\/16631"}],"wp:attachment":[{"href":"https:\/\/www.enerjigazetesi.ist\/en\/wp-json\/wp\/v2\/media?parent=16630"}],"wp:term":[{"taxonomy":"category","embeddable":true,"href":"https:\/\/www.enerjigazetesi.ist\/en\/wp-json\/wp\/v2\/categories?post=16630"},{"taxonomy":"post_tag","embeddable":true,"href":"https:\/\/www.enerjigazetesi.ist\/en\/wp-json\/wp\/v2\/tags?post=16630"}],"curies":[{"name":"wp","href":"https:\/\/api.w.org\/{rel}","templated":true}]}}