{"id":166292,"date":"2023-01-02T14:20:13","date_gmt":"2023-01-02T11:20:13","guid":{"rendered":"https:\/\/www.enerjigazetesi.ist\/?p=166292"},"modified":"2023-01-02T14:23:01","modified_gmt":"2023-01-02T11:23:01","slug":"dubaide-temiz-enerji-uretim-kapasitesi-2027-mwa-ulasti","status":"publish","type":"post","link":"https:\/\/www.enerjigazetesi.ist\/en\/dubaide-temiz-enerji-uretim-kapasitesi-2027-mwa-ulasti\/","title":{"rendered":"(Turkish) Dubai&#8217;de Temiz Enerji \u00dcretim Kapasitesi 2027 MW&#8217;a Ula\u015ft\u0131"},"content":{"rendered":"<p class=\"qtranxs-available-languages-message qtranxs-available-languages-message-en\">Sorry, this entry is only available in <a href=\"https:\/\/www.enerjigazetesi.ist\/tr\/wp-json\/wp\/v2\/posts\/166292\" class=\"qtranxs-available-language-link qtranxs-available-language-link-tr\" title=\"Turkish\">Turkish<\/a>. For the sake of viewer convenience, the content is shown below in the alternative language. You may click the link to switch the active language.<\/p><p><\/p>\n<h2><strong>Dubai Elektrik ve Su Kurumu Genel M\u00fcd\u00fcr\u00fc ve CEO&#8217;su Said Muhammed Al-Tayer taraf\u0131ndan Dubai&#8217;de temiz enerji \u00fcretim kapasitesinin 2027 megavata ula\u015ft\u0131\u011f\u0131 a\u00e7\u0131kland\u0131.<\/strong><\/h2>\n<p><strong>Al-Tayer, g\u00fcne\u015f fotovoltaik<\/strong> ve<strong> konsantre g\u00fcne\u015f enerjisi teknolojileri<\/strong> kullan\u0131larak elde edilen temiz enerji \u00fcretiminin, Dubai&#8217;deki <strong>14.517 megavat<\/strong> olan <strong>toplam elektrik enerjisi \u00fcretim kapasitesinin<\/strong> yakla\u015f\u0131k <strong>%14<\/strong>&#8216;\u00fcn\u00fc olu\u015fturdu\u011funu belirtti.<\/p>\n<p><strong><img loading=\"lazy\" class=\"alignright wp-image-166293\" src=\"https:\/\/www.enerjigazetesi.ist\/wp-content\/uploads\/2023\/01\/260-181147-62-162233-clean-energy-dubai-occupies-14-electricity-700x400-1.jpg\" alt=\"\" width=\"320\" height=\"183\" srcset=\"https:\/\/www.enerjigazetesi.ist\/wp-content\/uploads\/2023\/01\/260-181147-62-162233-clean-energy-dubai-occupies-14-electricity-700x400-1.jpg 700w, https:\/\/www.enerjigazetesi.ist\/wp-content\/uploads\/2023\/01\/260-181147-62-162233-clean-energy-dubai-occupies-14-electricity-700x400-1-300x171.jpg 300w, https:\/\/www.enerjigazetesi.ist\/wp-content\/uploads\/2023\/01\/260-181147-62-162233-clean-energy-dubai-occupies-14-electricity-700x400-1-500x286.jpg 500w, https:\/\/www.enerjigazetesi.ist\/wp-content\/uploads\/2023\/01\/260-181147-62-162233-clean-energy-dubai-occupies-14-electricity-700x400-1-80x46.jpg 80w\" sizes=\"(max-width: 320px) 100vw, 320px\" \/>Said Al-Tayer<\/strong>, ba\u011f\u0131ms\u0131z enerji \u00fcreticisi sistemine g\u00f6re, <strong>Dubai Elektrik ve Su Kurumu<\/strong> taraf\u0131ndan uygulanan ve d\u00fcnyan\u0131n tek bir yerde en b\u00fcy\u00fck g\u00fcne\u015f enerjisi kompleksi olan<strong> Mohammed bin Ra\u015fid Al Maktum G\u00fcne\u015f Enerjisi Kompleksini<\/strong> ziyaret etti.<\/p>\n<p>G\u00fcne\u015f fotovoltaik ve konsantre g\u00fcne\u015f enerjisi teknolojilerini kullanarak <strong>2030 y\u0131l\u0131na kadar 5.000 megavat \u00fcretim<\/strong> kapasitesine sahip olacak.<\/p>\n<p><b>4&#8217;\u00dcNC\u00dc A\u015eAMA<\/b><\/p>\n<p>Said Al-Tayer, kompleksin d\u00f6rd\u00fcnc\u00fc a\u015famas\u0131ndaki \u00e7al\u0131\u015fmalar\u0131n ilerleyi\u015fini denetledi. Fotovoltaik g\u00fcne\u015f panelleri kullan\u0131larak<strong> 217 megavat<\/strong> ve <strong>Parabolik reflekt\u00f6rler<\/strong> kullan\u0131larak<strong> 200 megavat konsantre g\u00fcne\u015f enerjisi<\/strong> olmak \u00fczere toplamda <strong>417 megavat<\/strong> kurumun a\u011f\u0131na ba\u011fland\u0131. D\u00f6rd\u00fcnc\u00fc a\u015fama i\u00e7in genel tamamlanma oran\u0131 <strong>%92&#8217;ye<\/strong> ula\u015ft\u0131.<\/p>\n<p>Al-Tayer ayr\u0131ca, kurumun<strong> 600 megavat ekledi\u011fi<\/strong> ve \u015febekeye ba\u011flad\u0131\u011f\u0131 kompleksin<strong> 5&#8217;inci a\u015famas\u0131n\u0131<\/strong> da ziyaret etti.<strong> 2.58 milyar dirhemlik<\/strong> yat\u0131r\u0131mla <strong>5. a\u015faman\u0131n<\/strong> toplam \u00fcretim kapasitesi <strong>900 megavata<\/strong> ula\u015facak.<\/p>\n<p>Be\u015finci a\u015faman\u0131n \u00fc\u00e7\u00fcnc\u00fc projesinin (300 megavat kapasiteli) tamamlanma oran\u0131 <strong>%52,9<\/strong> olup, <strong>2023 y\u0131l\u0131nda<\/strong> tamamlanacak.<\/p>\n<p><b>S\u00dcRD\u00dcR\u00dcLEB\u0130L\u0130RL\u0130\u011e\u0130 G\u00dc\u00c7LEND\u0130RMEK<\/b><\/p>\n<p>5&#8217;inci a\u015famada, enerji verimlili\u011fini art\u0131rmak i\u00e7in <strong>tek eksenli g\u00fcne\u015f takip sistemi<\/strong> ile \u00f6n ve arka tarafa yans\u0131yan <strong>g\u00fcne\u015f \u0131\u015f\u0131\u011f\u0131n\u0131n kullan\u0131m\u0131na<\/strong> izin veren <strong>\u00e7ift tarafl\u0131 fotovoltaik g\u00fcne\u015f panelleri<\/strong> kullan\u0131l\u0131yor.<\/p>\n<p>5&#8217;inci a\u015fama, Dubai Emirli\u011fi&#8217;ndeki 270 binden fazla konuta <strong>temiz enerji<\/strong> sa\u011fl\u0131yor. Ayr\u0131ca her y\u0131l yakla\u015f\u0131k 1.18 milyon ton karbon emisyonunu azalt\u0131yor.<\/p>\n<p>Kaynak: <a href=\"https:\/\/tr.al-ain.com\/article\/dubai-temiz-enerji\" target=\"_blank\" rel=\"noopener\">Alain T\u00fcrk\u00e7e<\/a><\/p>","protected":false},"excerpt":{"rendered":"<p>Sorry, this entry is only available in Turkish. For the sake of viewer convenience, the content is shown below in the alternative language. You may click the link to switch the active language. Dubai Elektrik ve Su Kurumu Genel M\u00fcd\u00fcr\u00fc ve CEO&#8217;su Said Muhammed Al-Tayer taraf\u0131ndan Dubai&#8217;de temiz enerji \u00fcretim kapasitesinin 2027 megavata ula\u015ft\u0131\u011f\u0131 a\u00e7\u0131kland\u0131. [&hellip;]<\/p>\n","protected":false},"author":1,"featured_media":166294,"comment_status":"open","ping_status":"open","sticky":false,"template":"","format":"standard","meta":[],"categories":[51,53,49],"tags":[502,13,2206,107015],"views":64,"_links":{"self":[{"href":"https:\/\/www.enerjigazetesi.ist\/en\/wp-json\/wp\/v2\/posts\/166292"}],"collection":[{"href":"https:\/\/www.enerjigazetesi.ist\/en\/wp-json\/wp\/v2\/posts"}],"about":[{"href":"https:\/\/www.enerjigazetesi.ist\/en\/wp-json\/wp\/v2\/types\/post"}],"author":[{"embeddable":true,"href":"https:\/\/www.enerjigazetesi.ist\/en\/wp-json\/wp\/v2\/users\/1"}],"replies":[{"embeddable":true,"href":"https:\/\/www.enerjigazetesi.ist\/en\/wp-json\/wp\/v2\/comments?post=166292"}],"version-history":[{"count":0,"href":"https:\/\/www.enerjigazetesi.ist\/en\/wp-json\/wp\/v2\/posts\/166292\/revisions"}],"wp:featuredmedia":[{"embeddable":true,"href":"https:\/\/www.enerjigazetesi.ist\/en\/wp-json\/wp\/v2\/media\/166294"}],"wp:attachment":[{"href":"https:\/\/www.enerjigazetesi.ist\/en\/wp-json\/wp\/v2\/media?parent=166292"}],"wp:term":[{"taxonomy":"category","embeddable":true,"href":"https:\/\/www.enerjigazetesi.ist\/en\/wp-json\/wp\/v2\/categories?post=166292"},{"taxonomy":"post_tag","embeddable":true,"href":"https:\/\/www.enerjigazetesi.ist\/en\/wp-json\/wp\/v2\/tags?post=166292"}],"curies":[{"name":"wp","href":"https:\/\/api.w.org\/{rel}","templated":true}]}}