{"id":166234,"date":"2023-01-01T16:55:39","date_gmt":"2023-01-01T13:55:39","guid":{"rendered":"https:\/\/www.enerjigazetesi.ist\/?p=166234"},"modified":"2023-01-01T16:58:05","modified_gmt":"2023-01-01T13:58:05","slug":"osbukten-cw-enerjiye-en-cok-kadin-istihdami-saglayan-firma-odulu","status":"publish","type":"post","link":"https:\/\/www.enerjigazetesi.ist\/en\/osbukten-cw-enerjiye-en-cok-kadin-istihdami-saglayan-firma-odulu\/","title":{"rendered":"(Turkish) OSB\u00dcK\u2019ten CW Enerji\u2019ye &#8216;En \u00c7ok Kad\u0131n \u0130stihdam\u0131 Sa\u011flayan Firma&#8217; \u00d6d\u00fcl\u00fc"},"content":{"rendered":"<p class=\"qtranxs-available-languages-message qtranxs-available-languages-message-en\">Sorry, this entry is only available in <a href=\"https:\/\/www.enerjigazetesi.ist\/tr\/wp-json\/wp\/v2\/posts\/166234\" class=\"qtranxs-available-language-link qtranxs-available-language-link-tr\" title=\"Turkish\">Turkish<\/a>. For the sake of viewer convenience, the content is shown below in the alternative language. You may click the link to switch the active language.<\/p><p><\/p>\n<h2><strong>CW Enerji, \u00f6nemli ba\u015far\u0131lara imza atmaya devam ediyor. Firma, OSB\u00dcK taraf\u0131ndan d\u00fczenlenen OSB Y\u0131ld\u0131zlar\u0131 Ara\u015ft\u0131rmas\u0131\u2019nda, \u2018En \u00c7ok Kad\u0131n \u0130stihdam\u0131 Sa\u011flayan Firma\u2019 kategorisinde \u00f6d\u00fcl alma ba\u015far\u0131s\u0131 g\u00f6sterdi.<\/strong><\/h2>\n<p>Antalya, 27.12.2022 \u2013 T\u00fcrkiye\u2019nin ve Avrupa\u2019n\u0131n en b\u00fcy\u00fck g\u00fcne\u015f paneli \u00fcreticisi <strong>CW Enerji<\/strong>, yeni bir ba\u015far\u0131ya daha imza att\u0131 ve <strong>Organize Sanayi B\u00f6lgeleri \u00dcst Kurulu\u015fu (OSB\u00dcK)<\/strong> taraf\u0131ndan <img loading=\"lazy\" class=\"alignright wp-image-166237\" src=\"https:\/\/www.enerjigazetesi.ist\/wp-content\/uploads\/2023\/01\/Volkan-Yilmaz-kopyasi.jpg\" alt=\"\" width=\"270\" height=\"360\" srcset=\"https:\/\/www.enerjigazetesi.ist\/wp-content\/uploads\/2023\/01\/Volkan-Yilmaz-kopyasi.jpg 360w, https:\/\/www.enerjigazetesi.ist\/wp-content\/uploads\/2023\/01\/Volkan-Yilmaz-kopyasi-225x300.jpg 225w, https:\/\/www.enerjigazetesi.ist\/wp-content\/uploads\/2023\/01\/Volkan-Yilmaz-kopyasi-300x400.jpg 300w, https:\/\/www.enerjigazetesi.ist\/wp-content\/uploads\/2023\/01\/Volkan-Yilmaz-kopyasi-38x50.jpg 38w\" sizes=\"(max-width: 270px) 100vw, 270px\" \/>d\u00fczenlenen <strong>OSB Y\u0131ld\u0131zlar\u0131 Ara\u015ft\u0131rmas\u0131<\/strong>\u2019nda, \u2018En \u00c7ok Kad\u0131n \u0130stihdam\u0131 Sa\u011flayan Firma\u2019 kategorisinde \u00f6d\u00fcle lay\u0131k g\u00f6r\u00fcld\u00fc.<\/p>\n<figure id=\"attachment_17326\" class=\"wp-caption alignleft\" aria-describedby=\"caption-attachment-17326\"><figcaption id=\"caption-attachment-17326\" class=\"wp-caption-text\"><\/figcaption>OSB Y\u0131ld\u0131zlar\u0131 Ara\u015ft\u0131rmas\u0131 \u00f6d\u00fcl t\u00f6reni <strong>Ankara\u2019da<\/strong> ger\u00e7ekle\u015ftirildi. T\u00f6rende CW Enerji ad\u0131na \u00f6d\u00fcl\u00fc, <strong>CW Enerji CEO\u2019su Volkan Y\u0131lmaz,<\/strong> Sanayi ve Teknoloji Bakan\u0131 <strong>Mustafa Varank\u2019\u0131n<\/strong> elinden teslim ald\u0131.<\/figure>\n<p>\u00d6d\u00fcl hakk\u0131nda a\u00e7\u0131klamalarda bulunan CW Enerji CEO\u2019su Volkan Y\u0131lmaz, OSB Y\u0131ld\u0131zlar\u0131 Ara\u015ft\u0131rmas\u0131\u2019nda yer ald\u0131klar\u0131 i\u00e7in olduk\u00e7a mutlu olduklar\u0131n\u0131 s\u00f6yledi. Y\u0131lmaz, ba\u015far\u0131l\u0131 \u00e7al\u0131\u015fmalar\u0131 kar\u015f\u0131l\u0131\u011f\u0131nda ard\u0131 ard\u0131na \u00f6d\u00fcl almaya devam ettiklerini belirterek, <em>\u201cS\u00fcrd\u00fcr\u00fclebilir bir b\u00fcy\u00fcme ve yenilik\u00e7ilik anlay\u0131\u015f\u0131m\u0131z do\u011frultusunda \u00e7al\u0131\u015fmalar\u0131m\u0131za h\u0131zla devam ediyoruz. Bu \u00e7er\u00e7evede, kad\u0131n istihdam\u0131na b\u00fcy\u00fck \u00f6nem veren bir firma olarak OSB Y\u0131ld\u0131zlar\u0131 Ara\u015ft\u0131rmas\u0131\u2019nda \u2018En \u00c7ok Kad\u0131n \u0130stihdam\u0131 Sa\u011flayan Firma\u2019 kategorisinde \u00f6d\u00fcl ald\u0131\u011f\u0131m\u0131z i\u00e7in gururluyuz\u201d<\/em> ifadelerini kulland\u0131.<\/p>\n<h3><strong>Ba\u015far\u0131 \u00e7\u0131tas\u0131n\u0131 s\u00fcrekli y\u00fckseltiyor<\/strong><\/h3>\n<p>Ba\u015far\u0131 \u00e7\u0131talar\u0131n\u0131 g\u00fcn ge\u00e7tik\u00e7e y\u00fckselttiklerini dile getiren Y\u0131lmaz, \u015f\u00f6yle devam etti: <em>\u201cBu \u00f6d\u00fcl bizim i\u00e7in b\u00fcy\u00fck bir gurur. Alan\u0131nda uzman \u00e7al\u0131\u015fma arkada\u015flar\u0131m\u0131zla enerjimizi, g\u00fcc\u00fcm\u00fcz\u00fc, \u00fclkemiz ekonomisine katk\u0131 sa\u011flamak i\u00e7in harc\u0131yoruz. Bundan sonra da yolumuza daha da b\u00fcy\u00fcyerek devam edece\u011fiz ve sekt\u00f6r\u00fcm\u00fczde fark yaratan \u00e7al\u0131\u015fmalara imza ataca\u011f\u0131z. \u00dclkemiz i\u00e7in kendimizi geli\u015ftirmeyi, \u00fcretmeyi ve ekonomimize katk\u0131 sa\u011flamay\u0131 s\u00fcrd\u00fcrece\u011fiz\u201d<\/em> dedi.<\/p>","protected":false},"excerpt":{"rendered":"<p>Sorry, this entry is only available in Turkish. For the sake of viewer convenience, the content is shown below in the alternative language. You may click the link to switch the active language. CW Enerji, \u00f6nemli ba\u015far\u0131lara imza atmaya devam ediyor. Firma, OSB\u00dcK taraf\u0131ndan d\u00fczenlenen OSB Y\u0131ld\u0131zlar\u0131 Ara\u015ft\u0131rmas\u0131\u2019nda, \u2018En \u00c7ok Kad\u0131n \u0130stihdam\u0131 Sa\u011flayan Firma\u2019 kategorisinde [&hellip;]<\/p>\n","protected":false},"author":1,"featured_media":166238,"comment_status":"open","ping_status":"open","sticky":false,"template":"","format":"standard","meta":[],"categories":[53,49],"tags":[34868,2206,47663,4440,85816,107005],"views":44,"_links":{"self":[{"href":"https:\/\/www.enerjigazetesi.ist\/en\/wp-json\/wp\/v2\/posts\/166234"}],"collection":[{"href":"https:\/\/www.enerjigazetesi.ist\/en\/wp-json\/wp\/v2\/posts"}],"about":[{"href":"https:\/\/www.enerjigazetesi.ist\/en\/wp-json\/wp\/v2\/types\/post"}],"author":[{"embeddable":true,"href":"https:\/\/www.enerjigazetesi.ist\/en\/wp-json\/wp\/v2\/users\/1"}],"replies":[{"embeddable":true,"href":"https:\/\/www.enerjigazetesi.ist\/en\/wp-json\/wp\/v2\/comments?post=166234"}],"version-history":[{"count":0,"href":"https:\/\/www.enerjigazetesi.ist\/en\/wp-json\/wp\/v2\/posts\/166234\/revisions"}],"wp:featuredmedia":[{"embeddable":true,"href":"https:\/\/www.enerjigazetesi.ist\/en\/wp-json\/wp\/v2\/media\/166238"}],"wp:attachment":[{"href":"https:\/\/www.enerjigazetesi.ist\/en\/wp-json\/wp\/v2\/media?parent=166234"}],"wp:term":[{"taxonomy":"category","embeddable":true,"href":"https:\/\/www.enerjigazetesi.ist\/en\/wp-json\/wp\/v2\/categories?post=166234"},{"taxonomy":"post_tag","embeddable":true,"href":"https:\/\/www.enerjigazetesi.ist\/en\/wp-json\/wp\/v2\/tags?post=166234"}],"curies":[{"name":"wp","href":"https:\/\/api.w.org\/{rel}","templated":true}]}}