{"id":166196,"date":"2022-12-31T15:38:55","date_gmt":"2022-12-31T12:38:55","guid":{"rendered":"https:\/\/www.enerjigazetesi.ist\/?p=166196"},"modified":"2022-12-31T15:43:23","modified_gmt":"2022-12-31T12:43:23","slug":"sutas-enerji-ihtiyacinin-80ini-yenilenebilir-enerjiden-karsiliyor","status":"publish","type":"post","link":"https:\/\/www.enerjigazetesi.ist\/en\/sutas-enerji-ihtiyacinin-80ini-yenilenebilir-enerjiden-karsiliyor\/","title":{"rendered":"(Turkish) &#8217;S\u00fcta\u015f&#8217; Enerji \u0130htiyac\u0131n\u0131n % 80\u2019ini Yenilenebilir Enerji&#8217;den Kar\u015f\u0131l\u0131yor"},"content":{"rendered":"<p class=\"qtranxs-available-languages-message qtranxs-available-languages-message-en\">Sorry, this entry is only available in <a href=\"https:\/\/www.enerjigazetesi.ist\/tr\/wp-json\/wp\/v2\/posts\/166196\" class=\"qtranxs-available-language-link qtranxs-available-language-link-tr\" title=\"Turkish\">Turkish<\/a>. For the sake of viewer convenience, the content is shown below in the alternative language. You may click the link to switch the active language.<\/p><p><\/p>\n<h2><strong>2021 y\u0131l\u0131nda elektrik ihtiyac\u0131n\u0131n % 80\u2019ini \u00e7iftliklerinin g\u00fcbreleri ve organik at\u0131klardan \u00fcretilen yenilenebilir enerji ile kar\u015f\u0131layan S\u00fcta\u015f, 2025 y\u0131l\u0131na kadar bu oran\u0131 % 100\u2019e \u00e7\u0131karacak. G\u00fcne\u015f enerji santrali yat\u0131r\u0131m hedefini revizede ederek 10 MW\u2019den 25 MW\u2019ye y\u00fckselten S\u00fcta\u015f, \u0131s\u0131 enerjisi ihtiyac\u0131n\u0131n % 50\u2019sini de yenilenebilir enerjiden elde etmeyi planl\u0131yor.<\/strong><\/h2>\n<p style=\"text-align: center;\"><img loading=\"lazy\" class=\"aligncenter wp-image-166201\" src=\"https:\/\/www.enerjigazetesi.ist\/wp-content\/uploads\/2022\/12\/1672315266_20221229_S__ta___S__rd__r__lebilirlik_Raporu_1.jpg\" alt=\"\" width=\"500\" height=\"227\" srcset=\"https:\/\/www.enerjigazetesi.ist\/wp-content\/uploads\/2022\/12\/1672315266_20221229_S__ta___S__rd__r__lebilirlik_Raporu_1.jpg 550w, https:\/\/www.enerjigazetesi.ist\/wp-content\/uploads\/2022\/12\/1672315266_20221229_S__ta___S__rd__r__lebilirlik_Raporu_1-300x136.jpg 300w, https:\/\/www.enerjigazetesi.ist\/wp-content\/uploads\/2022\/12\/1672315266_20221229_S__ta___S__rd__r__lebilirlik_Raporu_1-500x227.jpg 500w, https:\/\/www.enerjigazetesi.ist\/wp-content\/uploads\/2022\/12\/1672315266_20221229_S__ta___S__rd__r__lebilirlik_Raporu_1-80x36.jpg 80w\" sizes=\"(max-width: 500px) 100vw, 500px\" \/><\/p>\n<p>\u00d6z\u00fcne s\u00fcrd\u00fcr\u00fclebilirli\u011fi alan <strong>\u201c\u00c7iftlikten Sofralara\u201d Entegre \u0130\u015f Modeli<\/strong> ile <strong>\u201cbireylerin sa\u011fl\u0131\u011f\u0131 ve mutlulu\u011funa\u201d, \u201ctoplumun geli\u015fimi ve refah\u0131na\u201d, \u201c\u00e7evrenin s\u00fcrd\u00fcr\u00fclebilirli\u011fine\u201d<\/strong> katk\u0131da bulunmay\u0131 hedefleyen S\u00fcta\u015f, <strong>\u201c2021 Y\u0131l\u0131 S\u00fcrd\u00fcr\u00fclebilirlik \u0130lerleme Raporu\u201dnu<\/strong> yay\u0131mlad\u0131. S\u00fcta\u015f\u2019\u0131n 2025 hedefleri do\u011frultusunda y\u00fcr\u00fctt\u00fc\u011f\u00fc faaliyetleri ve 2021 y\u0131l\u0131 s\u00fcrd\u00fcr\u00fclebilirlik performans\u0131n\u0131 kamuoyu ile payla\u015fmaktan mutluluk duyduklar\u0131n\u0131 dile getiren S\u00fcta\u015f S\u00fcrd\u00fcr\u00fclebilirlik Komitesi Ba\u015fkan\u0131 Duygu Y\u0131lmaz, <em>\u201c2021 y\u0131l\u0131, Covid-19 pandemisinin g\u00fcnl\u00fck hayat\u0131m\u0131za etkilerinin belirli bir \u00f6l\u00e7\u00fcde kontrol alt\u0131na al\u0131nd\u0131\u011f\u0131 bir y\u0131l oldu. Ancak ortaya \u00e7\u0131kard\u0131\u011f\u0131 geri d\u00f6nd\u00fcr\u00fclemez sonu\u00e7lar\u0131n\u0131 hep birlikte deneyimlemeye devam ediyoruz. Pandeminin belirsizli\u011fi, 2022\u2019nin ilk aylar\u0131nda yan\u0131 ba\u015f\u0131m\u0131zda geli\u015fen sava\u015f ile birle\u015fince <strong>enerji<\/strong> ve<strong> g\u0131da arz\u0131n\u0131n<\/strong> ne kadar k\u0131r\u0131lgan bir yap\u0131da oldu\u011fu daha net g\u00f6r\u00fcld\u00fc. Bunun sonucunda tar\u0131m ve g\u0131da sistemlerinin d\u00f6n\u00fc\u015f\u00fcm\u00fc, d\u00fcnyan\u0131n s\u00fcrd\u00fcr\u00fclebilirlik ajandas\u0131nda iklim de\u011fi\u015fikli\u011finin yan\u0131nda daha g\u00fc\u00e7l\u00fc bi\u00e7imde yer almaya ba\u015flad\u0131. Ne mutlu ki hem arz g\u00fcvencesi ve hem de tedarik zinciri entegrasyonu sa\u011flayan \u201c\u00c7iftlikten Sofralara\u201d i\u015f modelimiz, t\u00fcm bu belirsizlikler ve de\u011fi\u015fimlerin i\u00e7inde faaliyetlerimizi kesintisiz s\u00fcrd\u00fcrebilmemizi sa\u011fl\u0131yor. \u00d6z\u00fcnde s\u00fcrd\u00fcr\u00fclebilirlik olan i\u015f modelimizle her g\u00fcn \u00e7evreye, topluma ve bireylere katk\u0131 sa\u011flamaya devam ediyoruz\u201d<\/em> de\u011ferlendirmesinde bulundu.<\/p>\n<h3><strong>SERA GAZI EM\u0130SYONLARI B\u0130R \u00d6NCEK\u0130 YILA G\u00d6RE % 11 D\u00dc\u015eT\u00dc<\/strong><\/h3>\n<p>S\u00fcta\u015f\u2019\u0131n kamuoyu ile payla\u015ft\u0131\u011f\u0131 2021 y\u0131l\u0131 S\u00fcrd\u00fcr\u00fclebilirlik \u0130lerleme Raporu\u2019na g\u00f6re S\u00fcta\u015f \u00fcretim tesislerindeki toplam elektrik ihtiyac\u0131n\u0131n y\u00fczde 80\u2019ini \u00e7iftliklerinin g\u00fcbreleri ve fabrikalar\u0131n\u0131n organik at\u0131klar\u0131ndan kar\u015f\u0131lad\u0131. 2021\u2019de sera gaz\u0131 emisyonlar\u0131 bir \u00f6nceki y\u0131la g\u00f6re y\u00fczde 11\u2019lik d\u00fc\u015f\u00fc\u015f g\u00f6steren S\u00fcta\u015f\u2019\u0131n yenilenebilir enerji \u00fcretirken sal\u0131m\u0131n\u0131 \u00f6nledi\u011fi sera gaz\u0131 miktar\u0131, \u00fcretim faaliyetleri sonucu olu\u015fan sera gaz\u0131 miktar\u0131ndan y\u00fczde 117 fazla oldu. Biyogaz tesislerinin kuruldu\u011fu 2013 y\u0131l\u0131ndan bu yana toplam 38 milyon a\u011fac\u0131n yapt\u0131\u011f\u0131na e\u015fde\u011fer sera gaz\u0131 sal\u0131m\u0131 engellendi.<\/p>\n<h3><strong>S\u00dcTA\u015e GES KAPAS\u0130TES\u0130 HEDEF\u0130N\u0130 25 MW\u2019A Y\u00dcKSELTT\u0130<\/strong><\/h3>\n<p>Yenilenebilir enerji kullan\u0131m\u0131n\u0131 art\u0131rmay\u0131 planlayan S\u00fcta\u015f, bu ama\u00e7la g\u00fcne\u015f enerjisi santrali (GES) yat\u0131r\u0131mlar\u0131na da a\u011f\u0131rl\u0131k verdi. Do\u011fu-G\u00fcneydo\u011fu Anadolu S\u00fct\u00e7\u00fcl\u00fck Projesi, Bing\u00f6l Entegre Tesisleri\u2019nde <strong>1 MW<\/strong> g\u00fcc\u00fcndeki <strong>hibrit GES yat\u0131r\u0131m\u0131<\/strong>n\u0131 Ocak 2023 itibar\u0131yla devreye almaya haz\u0131rlanan S\u00fcta\u015f; Tire, Aksaray ve Bing\u00f6l tesislerindeki \u00e7iftliklerinin ve <strong>fabrikalar\u0131n\u0131n \u00e7at\u0131lar\u0131na GES kurmak<\/strong> \u00fczere \u00e7al\u0131\u015fmalara ba\u015flad\u0131. <strong>10 MW GES yat\u0131r\u0131m<\/strong> hedefini <strong>25 MW<\/strong>\u2019a y\u00fckselten S\u00fcta\u015f, \u0131s\u0131 enerjisi ihtiyac\u0131n\u0131n y\u00fczde 50\u2019si kadar yenilenebilir enerji \u00fcretmeyi hedefliyor.<\/p>\n<h3><strong>HEM \u00dcR\u00dcN VER\u0130M\u0130 HEM DE TOPRA\u011eIN KARBON TUTMA KAPAS\u0130TES\u0130 ARTIRILIYOR<\/strong><\/h3>\n<p>Gelecek nesillerin yeterli, sa\u011fl\u0131kl\u0131 ve kaliteli g\u0131daya eri\u015fimini sa\u011flaman\u0131n ve tar\u0131m\u0131 s\u00fcrd\u00fcr\u00fclebilir k\u0131lman\u0131n yolunun onar\u0131c\u0131 tar\u0131m oldu\u011funa inanan S\u00fcta\u015f, ilerleme raporunda bu y\u00f6nde elde ettikleri sonu\u00e7lar\u0131 da payla\u015ft\u0131. \u00dcretti\u011fi organik ve organomineral g\u00fcbreyi yem bitkileri yeti\u015ftirilen tarlalardaki topra\u011f\u0131n organik yap\u0131s\u0131n\u0131 iyile\u015ftirmede kullanan S\u00fcta\u015f, bu sayede hem \u00fcr\u00fcn verimini hem de topra\u011f\u0131n karbon tutma kapasitesini art\u0131rmay\u0131 ama\u00e7l\u0131yor. Bu kapsamda S\u00fcta\u015f\u2019\u0131n tarlalara kazand\u0131rd\u0131\u011f\u0131 organik madde miktar\u0131, 2020 y\u0131l\u0131nda 33 bin ton iken 2021\u2019de yakla\u015f\u0131k 42 bin tona ula\u015fm\u0131\u015f durumda. S\u00fcta\u015f, 2025 y\u0131l\u0131na gelindi\u011finde tarlalara y\u0131lda 50 bin ton organik madde kazand\u0131rmay\u0131 hedefliyor.<\/p>\n<h3><strong>\u201c\u00c7\u0130FTL\u0130KTEN SOFRALARA\u201d \u0130\u015e MODEL\u0130 B\u00d6LGESEL KALKINMAYA DESTEK OLUYOR<\/strong><\/h3>\n<p>S\u00fcta\u015f\u2019\u0131n ekonomik, sosyal etkileri ve kapsay\u0131c\u0131l\u0131\u011f\u0131 ile \u201cB\u00f6lgesel Kalk\u0131nma Modeli\u201d niteli\u011fi ta\u015f\u0131yan \u201c\u00c7iftlikten Sofralara\u201d entegre i\u015f modeli; tar\u0131m, sanayi ve hizmet sekt\u00f6rlerinde bir\u00e7ok farkl\u0131 alt sekt\u00f6r\u00fc de harekete ge\u00e7iriyor.<\/p>\n<p>S\u00fcta\u015f s\u00f6zle\u015fmeli model ile i\u015f birli\u011fi yapt\u0131\u011f\u0131 yem \u00fcreticilerini, topra\u011f\u0131n haz\u0131rlanmas\u0131ndan uygun tohum se\u00e7imine, verimli sulama sistemlerinin geli\u015ftirilmesinden organik ve organomineral g\u00fcbre teminine ve hasat faaliyetlerine kadar bir\u00e7ok konuda destekleyerek verimliliklerinin artmas\u0131n\u0131 sa\u011fl\u0131yor. 2021 y\u0131l\u0131 verilerine g\u00f6re 593 s\u00f6zle\u015fmeli \u00fcretici ile yakla\u015f\u0131k 34.000 dekar arazide de s\u00f6zle\u015fmeli yem \u00fcretimi ger\u00e7ekle\u015ftiren S\u00fcta\u015f, toplamda <strong>170 bin ton kaba yem<\/strong> tedarik ederek \u00fcreticilerine <strong>61 milyon TL<\/strong> \u00f6deme yapt\u0131.<\/p>\n<p>S\u00fcta\u015f ayr\u0131ca s\u00fct \u00fcreticileri ile birlikte \u00e7al\u0131\u015farak bilgilendirmeler, denetimler ve do\u011fru yem y\u00f6nlendirmeleri yaparak verimliliklerinin bir \u00f6nceki y\u0131la g\u00f6re y\u00fczde 6,3 artmas\u0131n\u0131 sa\u011flad\u0131. S\u00fct \u00fcreticileri, 2021 y\u0131l\u0131nda 802 milyon litre s\u00fct kar\u015f\u0131l\u0131\u011f\u0131 2,6 milyar TL d\u00fczenli gelir elde etti.<\/p>\n<h3><strong>SEKT\u00d6R\u00dcN GEL\u0130\u015e\u0130M\u0130NE KATKI SA\u011eLIYOR<\/strong><\/h3>\n<p>Sekt\u00f6r\u00fcn geli\u015fimine katk\u0131da bulunmay\u0131 ve sekt\u00f6r\u00fcn ihtiyac\u0131 olan nitelikli insan g\u00fcc\u00fcn\u00fc yeti\u015ftirmeyi \u00f6ncelikli olarak ele alan S\u00fcta\u015f, pandemi d\u00f6neminde yava\u015flam\u0131\u015f olsa da S\u00fct Hayvanc\u0131l\u0131\u011f\u0131 E\u011fitim Merkezlerinde <strong>s\u00fct \u00fcreticilerine y\u00f6nelik \u00fccretsiz e\u011fitimlerini<\/strong> s\u00fcrd\u00fcr\u00fcyor. S\u00fcta\u015f, \u00fcreticilerin kaliteli ve y\u00fcksek verimlilikte s\u00fct elde edebilmeleri i\u00e7in gereken bilgi, birikim ve tecr\u00fcbelerin yan\u0131 s\u0131ra <strong>\u00e7evrenin korunmas\u0131, g\u00fcbrenin de\u011ferlendirilmesi<\/strong> ve<strong> finansal s\u00fcrd\u00fcr\u00fclebilirlik e\u011fitimleri de<\/strong> veriyor. Ayr\u0131ca tesislerinin bulundu\u011fu b\u00f6lgelerde \u00fcniversitelerin s\u00fct de\u011fer zincirine i\u015f g\u00fcc\u00fc yeti\u015ftiren b\u00f6l\u00fcmlerinde okuyan \u00f6\u011frencilere, uygulamal\u0131 ders, i\u015fyeri e\u011fitimi ve staj imkan\u0131 sa\u011flamaya devam ediyor.<\/p>\n<p>S\u00fcta\u015f\u2019\u0131n 2021 S\u00fcrd\u00fcr\u00fclebilirlik \u0130lerleme Raporu\u2019na <a href=\"https:\/\/www.sutas.com.tr\/assets\/uploads\/hakkimizda\/ILERLEME_RAPORU-2021-SON.pdf\" target=\"_blank\" rel=\"noopener\">https:\/\/www.sutas.com.tr\/assets\/uploads\/hakkimizda\/ILERLEME_RAPORU-2021-SON.pdf<\/a> adresinden ula\u015f\u0131lmaktad\u0131r.<\/p>","protected":false},"excerpt":{"rendered":"<p>Sorry, this entry is only available in Turkish. For the sake of viewer convenience, the content is shown below in the alternative language. You may click the link to switch the active language. 2021 y\u0131l\u0131nda elektrik ihtiyac\u0131n\u0131n % 80\u2019ini \u00e7iftliklerinin g\u00fcbreleri ve organik at\u0131klardan \u00fcretilen yenilenebilir enerji ile kar\u015f\u0131layan S\u00fcta\u015f, 2025 y\u0131l\u0131na kadar bu oran\u0131 [&hellip;]<\/p>\n","protected":false},"author":1,"featured_media":166199,"comment_status":"open","ping_status":"open","sticky":false,"template":"","format":"standard","meta":[],"categories":[22893,53,49],"tags":[49320,18,6014,107000,842,105],"views":34,"_links":{"self":[{"href":"https:\/\/www.enerjigazetesi.ist\/en\/wp-json\/wp\/v2\/posts\/166196"}],"collection":[{"href":"https:\/\/www.enerjigazetesi.ist\/en\/wp-json\/wp\/v2\/posts"}],"about":[{"href":"https:\/\/www.enerjigazetesi.ist\/en\/wp-json\/wp\/v2\/types\/post"}],"author":[{"embeddable":true,"href":"https:\/\/www.enerjigazetesi.ist\/en\/wp-json\/wp\/v2\/users\/1"}],"replies":[{"embeddable":true,"href":"https:\/\/www.enerjigazetesi.ist\/en\/wp-json\/wp\/v2\/comments?post=166196"}],"version-history":[{"count":0,"href":"https:\/\/www.enerjigazetesi.ist\/en\/wp-json\/wp\/v2\/posts\/166196\/revisions"}],"wp:featuredmedia":[{"embeddable":true,"href":"https:\/\/www.enerjigazetesi.ist\/en\/wp-json\/wp\/v2\/media\/166199"}],"wp:attachment":[{"href":"https:\/\/www.enerjigazetesi.ist\/en\/wp-json\/wp\/v2\/media?parent=166196"}],"wp:term":[{"taxonomy":"category","embeddable":true,"href":"https:\/\/www.enerjigazetesi.ist\/en\/wp-json\/wp\/v2\/categories?post=166196"},{"taxonomy":"post_tag","embeddable":true,"href":"https:\/\/www.enerjigazetesi.ist\/en\/wp-json\/wp\/v2\/tags?post=166196"}],"curies":[{"name":"wp","href":"https:\/\/api.w.org\/{rel}","templated":true}]}}