{"id":166026,"date":"2022-12-28T14:34:02","date_gmt":"2022-12-28T11:34:02","guid":{"rendered":"https:\/\/www.enerjigazetesi.ist\/?p=166026"},"modified":"2022-12-28T14:34:23","modified_gmt":"2022-12-28T11:34:23","slug":"arcelik-ar-ge-merkezleri-performans-lideri","status":"publish","type":"post","link":"https:\/\/www.enerjigazetesi.ist\/en\/arcelik-ar-ge-merkezleri-performans-lideri\/","title":{"rendered":"(Turkish) Ar\u00e7elik Ar-Ge Merkezleri Performans Lideri&#8230;"},"content":{"rendered":"<p class=\"qtranxs-available-languages-message qtranxs-available-languages-message-en\">Sorry, this entry is only available in <a href=\"https:\/\/www.enerjigazetesi.ist\/tr\/wp-json\/wp\/v2\/posts\/166026\" class=\"qtranxs-available-language-link qtranxs-available-language-link-tr\" title=\"Turkish\">Turkish<\/a>. For the sake of viewer convenience, the content is shown below in the alternative language. You may click the link to switch the active language.<\/p><p><\/p>\n<h2><strong>Ar\u00e7elik, T.C. Sanayi ve Teknoloji Bakanl\u0131\u011f\u0131\u2019n\u0131n ger\u00e7ekle\u015ftirdi\u011fi Ar-Ge ve Tasar\u0131m Merkezleri ile Teknoloji Geli\u015ftirme B\u00f6lgeleri Zirvesi\u2019nde, b\u00fcy\u00fck \u00f6l\u00e7ekli Ar-Ge merkezlerinin de\u011ferlendirildi\u011fi performans endeksinde birincilik \u00f6d\u00fcl\u00fcn\u00fcn sahibi oldu.<\/strong><\/h2>\n<p>Ar\u00e7elik, T.C. Sanayi ve Teknoloji Bakanl\u0131\u011f\u0131\u2019n\u0131n d\u00fczenledi\u011fi <strong>9. Ar-Ge ve Tasar\u0131m Merkezleri ile Teknoloji Geli\u015ftirme B\u00f6lgeleri Zirvesi<\/strong>\u2019nde Ar-Ge merkezleri performans endeksi \u00f6d\u00fcllerinde<strong><img loading=\"lazy\" class=\"alignright wp-image-166028\" src=\"https:\/\/www.enerjigazetesi.ist\/wp-content\/uploads\/2022\/12\/arcelik-ar-ge-merkezleri-performans-lideri.jpg\" alt=\"\" width=\"320\" height=\"214\" srcset=\"https:\/\/www.enerjigazetesi.ist\/wp-content\/uploads\/2022\/12\/arcelik-ar-ge-merkezleri-performans-lideri.jpg 550w, https:\/\/www.enerjigazetesi.ist\/wp-content\/uploads\/2022\/12\/arcelik-ar-ge-merkezleri-performans-lideri-300x200.jpg 300w, https:\/\/www.enerjigazetesi.ist\/wp-content\/uploads\/2022\/12\/arcelik-ar-ge-merkezleri-performans-lideri-500x334.jpg 500w, https:\/\/www.enerjigazetesi.ist\/wp-content\/uploads\/2022\/12\/arcelik-ar-ge-merkezleri-performans-lideri-75x50.jpg 75w, https:\/\/www.enerjigazetesi.ist\/wp-content\/uploads\/2022\/12\/arcelik-ar-ge-merkezleri-performans-lideri-450x300.jpg 450w\" sizes=\"(max-width: 320px) 100vw, 320px\" \/><\/strong> <strong>birincilik \u00f6d\u00fcl\u00fcne lay\u0131k g\u00f6r\u00fcld\u00fc<\/strong>. 251 ve \u00fczeri Ar-Ge personeli istihdam eden E Grubu Ar-Ge merkezleri s\u0131ralamas\u0131nda birinci se\u00e7ilen <strong>Ar\u00e7elik<\/strong>\u2019i, ikinci s\u0131rada <strong>ASELSAN<\/strong> ve \u00fc\u00e7\u00fcnc\u00fc s\u0131rada ise <strong>AVL Ara\u015ft\u0131rma ve M\u00fchendislik<\/strong> izledi. T\u00fcrkiye Cumhuriyeti Sanayi ve Teknoloji Bakan\u0131 Mustafa Varank taraf\u0131ndan takdim edilen \u00f6d\u00fcl\u00fc, Ar\u00e7elik ad\u0131na <strong>T\u00fcrkiye Genel M\u00fcd\u00fcr\u00fc Can Din\u00e7er<\/strong> ile <strong>\u00dcretim ve Teknolojiden Sorumlu Genel M\u00fcd\u00fcr Yard\u0131mc\u0131s\u0131 Nihat Bay\u0131z<\/strong> ald\u0131.<\/p>\n<p>Sanayi ve Teknoloji Bakanl\u0131\u011f\u0131 taraf\u0131ndan, 22 Aral\u0131k tarihinde \u0130zmir\u2019de ger\u00e7ekle\u015ftirilen Ar-Ge ve Tasar\u0131m Merkezleri ile Teknoloji Geli\u015ftirme B\u00f6lgeleri Zirvesi\u2019nde,<strong> Ar-Ge<\/strong> ve <strong>yenilik ekosisteminin<\/strong> \u00f6nemli akt\u00f6rleri bir araya geldi. Ar-Ge ve tasar\u0131m merkezlerinin geli\u015fimlerinin de\u011ferlendirilmesi ve Ar-Ge ve teknoloji politikalar\u0131na \u0131\u015f\u0131k tutulmas\u0131 amac\u0131yla yap\u0131lan performans endeksi sonu\u00e7lar\u0131n\u0131n a\u00e7\u0131kland\u0131\u011f\u0131 zirvede, <strong>Ar-Ge<\/strong> ve <strong>tasar\u0131m merkezleri<\/strong> i\u00e7in <strong>10<\/strong> kategoride <strong>30<\/strong>, teknoparklar i\u00e7in de <strong>4<\/strong> kategoride <strong>12<\/strong> olmak \u00fczere toplamda <strong>42 \u00f6d\u00fcl sahiplerini<\/strong> buldu.<\/p>\n<p>Ar\u00e7elik\u2019in T\u00fcrkiye\u2019deki <strong>14 Ar-Ge ve tasar\u0131m merkezi<\/strong> ile k\u00fcresel \u00f6l\u00e7ekte <strong>29<\/strong> Ar-Ge ve tasar\u0131m birimi ve <strong>2200\u2019\u00fcn<\/strong> \u00fczerinde <strong>Ar-Ge \u00e7al\u0131\u015fan\u0131<\/strong> bulunuyor. <strong>3.000<\/strong>&#8216;in \u00fczerinde uluslararas\u0131 <strong>tescilli patenti<\/strong> ile D\u00fcnya Patent Ligi\u2019nde <strong>10<\/strong> y\u0131ld\u0131r ilk <strong>200\u2019de<\/strong> yer alan tek T\u00fcrk \u015firketi unvan\u0131na sahip. <strong>Ar\u00e7elik, \u00fcniversite i\u015f birlikleri<\/strong> ve <strong>Ar-Ge dan\u0131\u015fma kurulu<\/strong> ile orta ve uzun vadeli Ar-Ge ve teknoloji geli\u015ftirme faaliyetlerini besleyip \u00f6nemli \u00e7\u0131kt\u0131lar \u00fcretirken bir yanda da a\u00e7\u0131k inovasyon yakla\u015f\u0131m\u0131yla 20\u2019den fazla \u00fclkeden <strong>450<\/strong>\u2019nin \u00fczerinde \u00fcniversite, ara\u015ft\u0131rma enstit\u00fcs\u00fc ve \u015firketle i\u015f birli\u011fi \u00e7al\u0131\u015fmalar\u0131 ger\u00e7ekle\u015ftiriyor. Ar\u00e7elik<strong> 10 \u00fclkeye yay\u0131lan<\/strong> Ar-Ge birimleri, <strong>ABD, Avrupa <\/strong>ve <strong>Uzakdo\u011fu\u2019dan<\/strong> \u00f6nde gelen <strong>\u00fcniversiteleri kapsayan ekosistemi<\/strong> ile farkl\u0131 co\u011frafyalardaki t\u00fcketicilerinin ya\u015famlar\u0131na <strong>de\u011fer katacak teknolojileri geli\u015ftirmeye<\/strong> devam ediyor.<\/p>","protected":false},"excerpt":{"rendered":"<p>Sorry, this entry is only available in Turkish. For the sake of viewer convenience, the content is shown below in the alternative language. You may click the link to switch the active language. Ar\u00e7elik, T.C. Sanayi ve Teknoloji Bakanl\u0131\u011f\u0131\u2019n\u0131n ger\u00e7ekle\u015ftirdi\u011fi Ar-Ge ve Tasar\u0131m Merkezleri ile Teknoloji Geli\u015ftirme B\u00f6lgeleri Zirvesi\u2019nde, b\u00fcy\u00fck \u00f6l\u00e7ekli Ar-Ge merkezlerinin de\u011ferlendirildi\u011fi performans [&hellip;]<\/p>\n","protected":false},"author":1,"featured_media":166028,"comment_status":"open","ping_status":"open","sticky":false,"template":"","format":"standard","meta":[],"categories":[53,52],"tags":[2059,2350,74606],"views":34,"_links":{"self":[{"href":"https:\/\/www.enerjigazetesi.ist\/en\/wp-json\/wp\/v2\/posts\/166026"}],"collection":[{"href":"https:\/\/www.enerjigazetesi.ist\/en\/wp-json\/wp\/v2\/posts"}],"about":[{"href":"https:\/\/www.enerjigazetesi.ist\/en\/wp-json\/wp\/v2\/types\/post"}],"author":[{"embeddable":true,"href":"https:\/\/www.enerjigazetesi.ist\/en\/wp-json\/wp\/v2\/users\/1"}],"replies":[{"embeddable":true,"href":"https:\/\/www.enerjigazetesi.ist\/en\/wp-json\/wp\/v2\/comments?post=166026"}],"version-history":[{"count":0,"href":"https:\/\/www.enerjigazetesi.ist\/en\/wp-json\/wp\/v2\/posts\/166026\/revisions"}],"wp:featuredmedia":[{"embeddable":true,"href":"https:\/\/www.enerjigazetesi.ist\/en\/wp-json\/wp\/v2\/media\/166028"}],"wp:attachment":[{"href":"https:\/\/www.enerjigazetesi.ist\/en\/wp-json\/wp\/v2\/media?parent=166026"}],"wp:term":[{"taxonomy":"category","embeddable":true,"href":"https:\/\/www.enerjigazetesi.ist\/en\/wp-json\/wp\/v2\/categories?post=166026"},{"taxonomy":"post_tag","embeddable":true,"href":"https:\/\/www.enerjigazetesi.ist\/en\/wp-json\/wp\/v2\/tags?post=166026"}],"curies":[{"name":"wp","href":"https:\/\/api.w.org\/{rel}","templated":true}]}}