{"id":166016,"date":"2022-12-28T13:19:27","date_gmt":"2022-12-28T10:19:27","guid":{"rendered":"https:\/\/www.enerjigazetesi.ist\/?p=166016"},"modified":"2022-12-28T13:20:35","modified_gmt":"2022-12-28T10:20:35","slug":"karbon-ayak-izimizi-azaltmak-icin-tum-enerjimizle-calisiyoruz","status":"publish","type":"post","link":"https:\/\/www.enerjigazetesi.ist\/en\/karbon-ayak-izimizi-azaltmak-icin-tum-enerjimizle-calisiyoruz\/","title":{"rendered":"(Turkish) &#8221;Karbon Ayak \u0130zimizi Azaltmak \u0130\u00e7in T\u00fcm Enerjimizle \u00c7al\u0131\u015f\u0131yoruz&#8221;"},"content":{"rendered":"<p class=\"qtranxs-available-languages-message qtranxs-available-languages-message-en\">Sorry, this entry is only available in <a href=\"https:\/\/www.enerjigazetesi.ist\/tr\/wp-json\/wp\/v2\/posts\/166016\" class=\"qtranxs-available-language-link qtranxs-available-language-link-tr\" title=\"Turkish\">Turkish<\/a>. For the sake of viewer convenience, the content is shown below in the alternative language. You may click the link to switch the active language.<\/p><p><\/p>\n<h2><strong>Elektrik da\u011f\u0131t\u0131m \u015firketi OEDA\u015e, CDP (Carbon Disclosure Project) \u0130klim De\u011fi\u015fikli\u011fi program\u0131n\u0131n 2022 y\u0131l\u0131 de\u011ferlendirmesinde, \u201cB\u201d derecelendirme notunu ald\u0131. T\u00fcrkiye\u2019deki elektrik da\u011f\u0131t\u0131m sekt\u00f6r\u00fcnde CDP arac\u0131l\u0131\u011f\u0131yla sera gaz\u0131 emisyonlar\u0131 ve iklim de\u011fi\u015fikli\u011fi stratejilerini a\u00e7\u0131klayan tek da\u011f\u0131t\u0131m \u015firketi olduklar\u0131n\u0131 s\u00f6yleyen OEDA\u015e Direkt\u00f6r\u00fc Muzaffer Yal\u00e7\u0131n, \u201cElektrik da\u011f\u0131t\u0131m faaliyetlerinden kaynakl\u0131 karbon ayak izimizi en aza indirmek i\u00e7in t\u00fcm enerjimizle \u00e7al\u0131\u015fmaya devam edece\u011fiz\u201d dedi.<\/strong><\/h2>\n<p>\u0130klim kriziyle m\u00fccadele ve gelecek nesillere ya\u015fanabilir bir d\u00fcnya hedefiyle faaliyetlerini s\u00fcrd\u00fcren <strong>Osmangazi Elektrik Da\u011f\u0131t\u0131m A\u015e (OEDA\u015e)<\/strong>, CDP \u0130klim De\u011fi\u015fikli\u011fi program\u0131 kapsam\u0131nda 2021 y\u0131l\u0131nda elde etti\u011fi \u201cB\u201d skorunu 2022 y\u0131l\u0131nda da kar\u015f\u0131lamay\u0131 ba\u015fard\u0131. Bu y\u0131l CDP arac\u0131l\u0131\u011f\u0131yla <strong>sera gaz\u0131 emisyonlar\u0131<\/strong> ve <strong>iklim de\u011fi\u015fikli\u011fi stratejilerini<\/strong> a\u00e7\u0131klayan d\u00fcnya genelinde <strong>18 bin 700<\/strong>, T\u00fcrkiye\u2019de ise 80 \u015firket aras\u0131nda yer alan OEDA\u015e ayn\u0131 zamanda T\u00fcrkiye elektrik da\u011f\u0131t\u0131m sekt\u00f6r\u00fcnde CDP raporunu yay\u0131mlayan tek \u015firket olmaya devam etti.<\/p>\n<p style=\"text-align: center;\"><img loading=\"lazy\" class=\"alignright wp-image-166018\" src=\"https:\/\/www.enerjigazetesi.ist\/wp-content\/uploads\/2022\/12\/oedas-direktoru-muzaffer-yalcin-2.jpg\" alt=\"\" width=\"320\" height=\"212\" srcset=\"https:\/\/www.enerjigazetesi.ist\/wp-content\/uploads\/2022\/12\/oedas-direktoru-muzaffer-yalcin-2.jpg 550w, https:\/\/www.enerjigazetesi.ist\/wp-content\/uploads\/2022\/12\/oedas-direktoru-muzaffer-yalcin-2-300x199.jpg 300w, https:\/\/www.enerjigazetesi.ist\/wp-content\/uploads\/2022\/12\/oedas-direktoru-muzaffer-yalcin-2-500x331.jpg 500w, https:\/\/www.enerjigazetesi.ist\/wp-content\/uploads\/2022\/12\/oedas-direktoru-muzaffer-yalcin-2-76x50.jpg 76w, https:\/\/www.enerjigazetesi.ist\/wp-content\/uploads\/2022\/12\/oedas-direktoru-muzaffer-yalcin-2-450x300.jpg 450w\" sizes=\"(max-width: 320px) 100vw, 320px\" \/><\/p>\n<h3><strong>Muzaffer Yal\u00e7\u0131n: \u201cKarbon ayak izimizi azaltan yat\u0131r\u0131m ve projeler ger\u00e7ekle\u015ftiriyoruz\u201d<\/strong><\/h3>\n<p>S\u00fcrd\u00fcr\u00fclebilirlik stratejileri do\u011frultusunda \u00e7evresel, sosyal ve y\u00f6neti\u015fim alanlar\u0131nda y\u00fcksek de\u011fer yaratmaya odakland\u0131klar\u0131n\u0131 s\u00f6yleyen <strong>OEDA\u015e Direkt\u00f6r\u00fc Muzaffer Yal\u00e7\u0131n<\/strong>, \u201cOEDA\u015e olarak faaliyetlerimizden kaynakl\u0131 \u00e7evresel etkileri ve karbon ayak izimizi azaltmak i\u00e7in yeni yat\u0131r\u0131mlar ger\u00e7ekle\u015ftirirken ayn\u0131 zamanda gelece\u011fin d\u00fc\u015f\u00fck karbonlu piyasas\u0131n\u0131 yaratmaya y\u00f6nelik projeler \u00fczerinde \u00e7al\u0131\u015f\u0131yoruz. Bunlar\u0131n yan\u0131 s\u0131ra \u00e7al\u0131\u015fanlar\u0131m\u0131za bu alanda e\u011fitimler veriyor, ba\u015fta tedarik\u00e7ilerimiz olmak \u00fczere t\u00fcm payda\u015flar\u0131m\u0131z\u0131n karbon ayak izini azaltmaya y\u00f6nelik ad\u0131mlar\u0131n\u0131 destekliyoruz. T\u00fcm bunlar\u0131n neticesinde 2021 y\u0131l\u0131nda yakalad\u0131\u011f\u0131m\u0131z y\u00fcksek CDP skorumuzu 2022 y\u0131l\u0131nda da koruman\u0131n ve sekt\u00f6r\u00fcm\u00fcze \u00f6nc\u00fcl\u00fck etmenin gururunu ya\u015f\u0131yoruz. Bu alandaki \u00e7al\u0131\u015fmalar\u0131m\u0131za t\u00fcm enerjimizle devam ediyoruz\u201d dedi.<\/p>\n<h3><strong>CDP nedir?<\/strong><\/h3>\n<p>Kar amac\u0131 g\u00fctmeyen Londra merkezli uluslararas\u0131 bir kurulu\u015f olan CDP, halka a\u00e7\u0131k \u015firketlerin <strong>do\u011fal kaynaklar\u0131<\/strong> ve <strong>do\u011fal sermayeyi<\/strong> nas\u0131l kulland\u0131klar\u0131n\u0131, faaliyetleriyle s\u0131n\u0131rl\u0131 kaynaklar\u0131n yeniden \u00fcretimini nas\u0131l etkilediklerini ve bu alandaki risklerini nas\u0131l y\u00f6nettiklerini yat\u0131r\u0131mc\u0131lara raporlamalar\u0131na arac\u0131l\u0131k ediyor. Kurulu\u015f;<strong> iklim de\u011fi\u015fikli\u011fi, su g\u00fcvenli\u011fi, ormanlar, tedarik zinciri ve \u015fehirler<\/strong> olmak \u00fczere 5 programda inceleme yap\u0131yor.<\/p>","protected":false},"excerpt":{"rendered":"<p>Sorry, this entry is only available in Turkish. For the sake of viewer convenience, the content is shown below in the alternative language. You may click the link to switch the active language. Elektrik da\u011f\u0131t\u0131m \u015firketi OEDA\u015e, CDP (Carbon Disclosure Project) \u0130klim De\u011fi\u015fikli\u011fi program\u0131n\u0131n 2022 y\u0131l\u0131 de\u011ferlendirmesinde, \u201cB\u201d derecelendirme notunu ald\u0131. T\u00fcrkiye\u2019deki elektrik da\u011f\u0131t\u0131m sekt\u00f6r\u00fcnde [&hellip;]<\/p>\n","protected":false},"author":1,"featured_media":166019,"comment_status":"open","ping_status":"open","sticky":false,"template":"","format":"standard","meta":[],"categories":[53,52],"tags":[15532,10743,26353,1999,32109,27137,9749,2533,67009],"views":55,"_links":{"self":[{"href":"https:\/\/www.enerjigazetesi.ist\/en\/wp-json\/wp\/v2\/posts\/166016"}],"collection":[{"href":"https:\/\/www.enerjigazetesi.ist\/en\/wp-json\/wp\/v2\/posts"}],"about":[{"href":"https:\/\/www.enerjigazetesi.ist\/en\/wp-json\/wp\/v2\/types\/post"}],"author":[{"embeddable":true,"href":"https:\/\/www.enerjigazetesi.ist\/en\/wp-json\/wp\/v2\/users\/1"}],"replies":[{"embeddable":true,"href":"https:\/\/www.enerjigazetesi.ist\/en\/wp-json\/wp\/v2\/comments?post=166016"}],"version-history":[{"count":0,"href":"https:\/\/www.enerjigazetesi.ist\/en\/wp-json\/wp\/v2\/posts\/166016\/revisions"}],"wp:featuredmedia":[{"embeddable":true,"href":"https:\/\/www.enerjigazetesi.ist\/en\/wp-json\/wp\/v2\/media\/166019"}],"wp:attachment":[{"href":"https:\/\/www.enerjigazetesi.ist\/en\/wp-json\/wp\/v2\/media?parent=166016"}],"wp:term":[{"taxonomy":"category","embeddable":true,"href":"https:\/\/www.enerjigazetesi.ist\/en\/wp-json\/wp\/v2\/categories?post=166016"},{"taxonomy":"post_tag","embeddable":true,"href":"https:\/\/www.enerjigazetesi.ist\/en\/wp-json\/wp\/v2\/tags?post=166016"}],"curies":[{"name":"wp","href":"https:\/\/api.w.org\/{rel}","templated":true}]}}