{"id":1659,"date":"2012-08-24T09:00:13","date_gmt":"2012-08-24T06:00:13","guid":{"rendered":"https:\/\/www.enerjigazetesi.ist\/?p=1659"},"modified":"2012-08-24T09:07:56","modified_gmt":"2012-08-24T06:07:56","slug":"parki-gunes-aydinlatiyor","status":"publish","type":"post","link":"https:\/\/www.enerjigazetesi.ist\/en\/parki-gunes-aydinlatiyor\/","title":{"rendered":"(Turkish) Park\u0131 &#8216;G\u00fcne\u015f&#8217; ayd\u0131nlat\u0131yor"},"content":{"rendered":"<p class=\"qtranxs-available-languages-message qtranxs-available-languages-message-en\">Sorry, this entry is only available in <a href=\"https:\/\/www.enerjigazetesi.ist\/tr\/wp-json\/wp\/v2\/posts\/1659\" class=\"qtranxs-available-language-link qtranxs-available-language-link-tr\" title=\"Turkish\">Turkish<\/a>. For the sake of viewer convenience, the content is shown below in the alternative language. You may click the link to switch the active language.<\/p><p><strong>ANTALYA B\u00fcy\u00fck\u015fehir Belediye Ba\u015fkan\u0131 Mustafa Akayd\u0131n, g\u00fcne\u015f enerjisiyle ayd\u0131nlat\u0131lan Atat\u00fcrk K\u00fclt\u00fcr Park\u0131&#8217;nda incelemelerde bulundu.<\/strong><\/p>\n<p><img loading=\"lazy\" class=\"alignright size-medium wp-image-1660\" title=\"ataturk_kultur_parki_gunes_enerjisiyle_aydinlaniyor\" src=\"https:\/\/www.enerjigazetesi.ist\/wp-content\/uploads\/2012\/08\/ataturk_kultur_parki_gunes_enerjisiyle_aydinlaniyor-300x200.jpg\" alt=\"\" width=\"300\" height=\"200\" srcset=\"https:\/\/www.enerjigazetesi.ist\/wp-content\/uploads\/2012\/08\/ataturk_kultur_parki_gunes_enerjisiyle_aydinlaniyor-300x200.jpg 300w, https:\/\/www.enerjigazetesi.ist\/wp-content\/uploads\/2012\/08\/ataturk_kultur_parki_gunes_enerjisiyle_aydinlaniyor-74x50.jpg 74w, https:\/\/www.enerjigazetesi.ist\/wp-content\/uploads\/2012\/08\/ataturk_kultur_parki_gunes_enerjisiyle_aydinlaniyor.jpg 430w\" sizes=\"(max-width: 300px) 100vw, 300px\" \/>Akayd\u0131n, Antalya&#8217;n\u0131n en b\u00fcy\u00fck parklar\u0131ndan biri olan ve g\u00fcne\u015f enerjisiyle ayd\u0131nlat\u0131lmaya ba\u015flanan Atat\u00fcrk K\u00fclt\u00fcr Park\u0131&#8217;n\u0131 inceledi. Park\u0131n ayd\u0131nlatmas\u0131n\u0131 be\u011fenen Akayd\u0131n, G\u00fcne\u015fkent Antalya Projesi&#8217;nin meyvelerini almay\u0131 s\u00fcrd\u00fcrd\u00fcklerini kaydetti. Atat\u00fcrk K\u00fclt\u00fcr Park\u0131&#8217;n\u0131n g\u00fcne\u015f enerjisiyle ayd\u0131nlat\u0131ld\u0131\u011f\u0131na dikkati \u00e7eken Akayd\u0131n, &#8220;Biz vatanda\u015flar\u0131m\u0131za g\u00fcne\u015ften nas\u0131l elektrik elde edebilece\u011fini \u00f6\u011fretiyoruz. Bunun geli\u015ferek Antalya&#8217;ya yay\u0131lmas\u0131n\u0131 istiyoruz. Antalya g\u00fcne\u015fi \u00e7ok iyi de\u011ferlendirmelidir. Antalya B\u00fcy\u00fck\u015fehir Belediyesi olarak g\u00fcne\u015f enerjisini bir\u00e7ok projemizde kullanmay\u0131 s\u00fcrd\u00fcrece\u011fiz&#8221; dedi.<\/p>\n<div>Proje kapsam\u0131nda 3 ayl\u0131k bir \u00e7al\u0131\u015fmayla 850&#8217;den fazla ayd\u0131nlatma armat\u00fcr\u00fcn\u00fcn revizyonu tamamlan\u0131rken, ayd\u0131nlatmalar\u0131n revize edilmesiyle y\u00fczde 60&#8217;a yak\u0131n tasarruf sa\u011flanm\u0131\u015f olacak. Atat\u00fcrk K\u00fclt\u00fcr Park\u0131&#8217;n\u0131n ko\u015fu yoluna konulan be\u015f dinlenme \u00fcnitesi \u00fczerine yerle\u015ftirilen g\u00fcne\u015f panelleri ve 30 noktaya yerle\u015ftirilen g\u00fcne\u015f panelli ayd\u0131nlatma direkleri ile park ayd\u0131nlat\u0131l\u0131rken, projeye yap\u0131lan harcamalar\u0131n elektrik enerjisi tasarrufuyla \u00fc\u00e7 y\u0131l i\u00e7inde geri kazan\u0131lmas\u0131 hedefleniyor.<\/div>\n<div>\n<div><strong><\/strong>\u00a0<\/div>\n<div><strong>Konu \u0130le \u0130lgili:<\/strong><\/div>\n<div><a href=\"http:\/\/www.enve.com.tr\/\" target=\"_blank\"><strong>Enerji Verimlili\u011fi Uygulama\u00a0Dan\u0131\u015fmanl\u0131\u011f\u0131<\/strong> <\/a>Hizmeti Bilgisini; <strong>\u00a0\u201d ENVE Enerji \u201d \u00a0\u00dccretsiz Dan\u0131\u015fma Hatt\u0131 <\/strong>: 0212 323 00 85 nolu telefondan veya <a href=\"http:\/\/www.enve.com.tr\/\">www.enve.com.tr<\/a> web adresinden alabilirsiniz.<\/div>\n<\/div>\n<div>\u00a0<\/div>\n<div>Kaynak: <a href=\"http:\/\/www.yenialanya.com\/bolge\/parki-gunes-aydinlatiyor-h31540.html\" target=\"_blank\">YeniAlanya<\/a><\/div>\n<p><\/p>","protected":false},"excerpt":{"rendered":"<p>Sorry, this entry is only available in Turkish. For the sake of viewer convenience, the content is shown below in the alternative language. You may click the link to switch the active language.ANTALYA B\u00fcy\u00fck\u015fehir Belediye Ba\u015fkan\u0131 Mustafa Akayd\u0131n, g\u00fcne\u015f enerjisiyle ayd\u0131nlat\u0131lan Atat\u00fcrk K\u00fclt\u00fcr Park\u0131&#8217;nda incelemelerde bulundu. Akayd\u0131n, Antalya&#8217;n\u0131n en b\u00fcy\u00fck parklar\u0131ndan biri olan ve g\u00fcne\u015f [&hellip;]<\/p>\n","protected":false},"author":1,"featured_media":1660,"comment_status":"open","ping_status":"open","sticky":false,"template":"","format":"standard","meta":[],"categories":[53,52,49],"tags":[406,407,13,275],"views":907,"_links":{"self":[{"href":"https:\/\/www.enerjigazetesi.ist\/en\/wp-json\/wp\/v2\/posts\/1659"}],"collection":[{"href":"https:\/\/www.enerjigazetesi.ist\/en\/wp-json\/wp\/v2\/posts"}],"about":[{"href":"https:\/\/www.enerjigazetesi.ist\/en\/wp-json\/wp\/v2\/types\/post"}],"author":[{"embeddable":true,"href":"https:\/\/www.enerjigazetesi.ist\/en\/wp-json\/wp\/v2\/users\/1"}],"replies":[{"embeddable":true,"href":"https:\/\/www.enerjigazetesi.ist\/en\/wp-json\/wp\/v2\/comments?post=1659"}],"version-history":[{"count":2,"href":"https:\/\/www.enerjigazetesi.ist\/en\/wp-json\/wp\/v2\/posts\/1659\/revisions"}],"predecessor-version":[{"id":1667,"href":"https:\/\/www.enerjigazetesi.ist\/en\/wp-json\/wp\/v2\/posts\/1659\/revisions\/1667"}],"wp:featuredmedia":[{"embeddable":true,"href":"https:\/\/www.enerjigazetesi.ist\/en\/wp-json\/wp\/v2\/media\/1660"}],"wp:attachment":[{"href":"https:\/\/www.enerjigazetesi.ist\/en\/wp-json\/wp\/v2\/media?parent=1659"}],"wp:term":[{"taxonomy":"category","embeddable":true,"href":"https:\/\/www.enerjigazetesi.ist\/en\/wp-json\/wp\/v2\/categories?post=1659"},{"taxonomy":"post_tag","embeddable":true,"href":"https:\/\/www.enerjigazetesi.ist\/en\/wp-json\/wp\/v2\/tags?post=1659"}],"curies":[{"name":"wp","href":"https:\/\/api.w.org\/{rel}","templated":true}]}}