{"id":165848,"date":"2022-12-26T12:24:34","date_gmt":"2022-12-26T09:24:34","guid":{"rendered":"https:\/\/www.enerjigazetesi.ist\/?p=165848"},"modified":"2022-12-26T12:25:45","modified_gmt":"2022-12-26T09:25:45","slug":"limak-filarmoni-orkestrasi-yeni-yil-konserleri","status":"publish","type":"post","link":"https:\/\/www.enerjigazetesi.ist\/en\/limak-filarmoni-orkestrasi-yeni-yil-konserleri\/","title":{"rendered":"(Turkish) Limak Filarmoni Orkestras\u0131 Geleneksel Y\u0131lba\u015f\u0131 Konserleri \u0130\u00e7in Geri Say\u0131m&#8230;"},"content":{"rendered":"<p class=\"qtranxs-available-languages-message qtranxs-available-languages-message-en\">Sorry, this entry is only available in <a href=\"https:\/\/www.enerjigazetesi.ist\/tr\/wp-json\/wp\/v2\/posts\/165848\" class=\"qtranxs-available-language-link qtranxs-available-language-link-tr\" title=\"Turkish\">Turkish<\/a>. For the sake of viewer convenience, the content is shown below in the alternative language. You may click the link to switch the active language.<\/p><p><\/p>\n<h2><strong>Limak Vakf\u0131 taraf\u0131ndan 2017 y\u0131l\u0131nda kurulan Limak Filarmoni Orkestras\u0131, gelenekselle\u015fen yeni y\u0131l konserlerinde bu kez de d\u00fcnyaca \u00fcnl\u00fc \u00fc\u00e7 tenoru ayn\u0131 sahnede a\u011f\u0131rl\u0131yor; Murat Karahan, Rame Lahaj ve <\/strong>Marcelo \u00c1lvarez<strong> ile, 09 Ocak\u2019ta CSO ADA Ankara\u2019da, 11 Ocak\u2019ta Zorlu PSM \u0130stanbul\u2019da ger\u00e7ekle\u015fecek muhte\u015fem konserler ile, \u00e7ok sesli m\u00fczik geni\u015f kitlelere ula\u015fmaya devam ediyor. Gelirlerinin bir k\u0131sm\u0131n\u0131n da Haydiko (Hayvanlar\u0131, Do\u011fay\u0131, \u0130nsanlar\u0131 Koruma ve Ya\u015fatma) Derne\u011fi\u2019ne ba\u011f\u0131\u015flanaca\u011f\u0131 konserlerin biletleri, Biletix sitesi \u00fczerinden sat\u0131\u015fta.<\/strong><\/h2>\n<p><strong>Limak Holding<\/strong>, \u00e7e\u015fitli sekt\u00f6rlerde 12 \u00fclkeye yay\u0131lan ekonomik faaliyetlerinin yan\u0131 s\u0131ra, Limak Vakf\u0131 ile de sosyal sorumluluk projelerini ger\u00e7ekle\u015ftirmeye devam ediyor.<\/p>\n<p><img loading=\"lazy\" class=\"alignright wp-image-165850\" src=\"https:\/\/www.enerjigazetesi.ist\/wp-content\/uploads\/2022\/12\/1672040802_PHOTO_2022_12_23_18_04_03.jpg\" alt=\"\" width=\"320\" height=\"320\" srcset=\"https:\/\/www.enerjigazetesi.ist\/wp-content\/uploads\/2022\/12\/1672040802_PHOTO_2022_12_23_18_04_03.jpg 480w, https:\/\/www.enerjigazetesi.ist\/wp-content\/uploads\/2022\/12\/1672040802_PHOTO_2022_12_23_18_04_03-300x300.jpg 300w, https:\/\/www.enerjigazetesi.ist\/wp-content\/uploads\/2022\/12\/1672040802_PHOTO_2022_12_23_18_04_03-150x150.jpg 150w, https:\/\/www.enerjigazetesi.ist\/wp-content\/uploads\/2022\/12\/1672040802_PHOTO_2022_12_23_18_04_03-400x400.jpg 400w, https:\/\/www.enerjigazetesi.ist\/wp-content\/uploads\/2022\/12\/1672040802_PHOTO_2022_12_23_18_04_03-50x50.jpg 50w, https:\/\/www.enerjigazetesi.ist\/wp-content\/uploads\/2022\/12\/1672040802_PHOTO_2022_12_23_18_04_03-100x100.jpg 100w\" sizes=\"(max-width: 320px) 100vw, 320px\" \/>Vakf\u0131n sanata destek amac\u0131yla 2017\u2019de kurdu\u011fu <strong>Limak Filarmoni Orkestras\u0131<\/strong>, \u00e7ok sesli m\u00fczi\u011fi geni\u015f kitlelere ula\u015ft\u0131rma hedefini bu yeni y\u0131lda da, uzun s\u00fcre dillerden d\u00fc\u015fmeyecek<strong> iki konser<\/strong> ile s\u00fcrd\u00fcr\u00fcyor.<\/p>\n<p>Y\u0131llard\u0131r \u00fclkemizi uluslararas\u0131 arenada ba\u015far\u0131yla temsil eden tenor <strong>Murat Karahan<\/strong> ile g\u00fcn\u00fcm\u00fcz operas\u0131n\u0131n en aktif ve d\u00fcnya sahnelerinin aran\u0131lan tenorlar\u0131 <strong>Rame Lahaj<\/strong> ve <strong>Marcelo \u00c1lvarez<\/strong>\u2019in birlikte sahne alaca\u011f\u0131 <strong>iki konser<\/strong> m\u00fczikseverleri bekliyor.<\/p>\n<p>Operan\u0131n en \u00f6nemli klasiklerinin yan\u0131 s\u0131ra kendi \u00fclkelerinin geleneksel m\u00fcziklerinden s\u00fcrprizler ile de haf\u0131zalara kaz\u0131nacak bu \u00e7ok \u00f6zel konserler, 9 Ocak\u2019ta Ankara CSO Ada ve 11 Ocak\u2019ta \u0130stanbul Zorlu PSM\u2019de sanatseverler ile bulu\u015facak.<\/p>\n<p>Konserlerden elde edilecek gelirlerin bir k\u0131sm\u0131 <strong>Haydiko (Hayvanlar\u0131, Do\u011fay\u0131, \u0130nsanlar\u0131 Koruma ve Ya\u015fatma) Derne\u011fi<\/strong>\u2019ne ba\u011f\u0131\u015flanacak. Konser biletlerine <strong>Biletix<\/strong> \u00fczerinden ula\u015f\u0131labiliyor.<\/p>","protected":false},"excerpt":{"rendered":"<p>Sorry, this entry is only available in Turkish. For the sake of viewer convenience, the content is shown below in the alternative language. You may click the link to switch the active language. Limak Vakf\u0131 taraf\u0131ndan 2017 y\u0131l\u0131nda kurulan Limak Filarmoni Orkestras\u0131, gelenekselle\u015fen yeni y\u0131l konserlerinde bu kez de d\u00fcnyaca \u00fcnl\u00fc \u00fc\u00e7 tenoru ayn\u0131 sahnede [&hellip;]<\/p>\n","protected":false},"author":1,"featured_media":165851,"comment_status":"open","ping_status":"open","sticky":false,"template":"","format":"standard","meta":[],"categories":[53,4],"tags":[99678,46612,106920,99677,106919,106921],"views":64,"_links":{"self":[{"href":"https:\/\/www.enerjigazetesi.ist\/en\/wp-json\/wp\/v2\/posts\/165848"}],"collection":[{"href":"https:\/\/www.enerjigazetesi.ist\/en\/wp-json\/wp\/v2\/posts"}],"about":[{"href":"https:\/\/www.enerjigazetesi.ist\/en\/wp-json\/wp\/v2\/types\/post"}],"author":[{"embeddable":true,"href":"https:\/\/www.enerjigazetesi.ist\/en\/wp-json\/wp\/v2\/users\/1"}],"replies":[{"embeddable":true,"href":"https:\/\/www.enerjigazetesi.ist\/en\/wp-json\/wp\/v2\/comments?post=165848"}],"version-history":[{"count":0,"href":"https:\/\/www.enerjigazetesi.ist\/en\/wp-json\/wp\/v2\/posts\/165848\/revisions"}],"wp:featuredmedia":[{"embeddable":true,"href":"https:\/\/www.enerjigazetesi.ist\/en\/wp-json\/wp\/v2\/media\/165851"}],"wp:attachment":[{"href":"https:\/\/www.enerjigazetesi.ist\/en\/wp-json\/wp\/v2\/media?parent=165848"}],"wp:term":[{"taxonomy":"category","embeddable":true,"href":"https:\/\/www.enerjigazetesi.ist\/en\/wp-json\/wp\/v2\/categories?post=165848"},{"taxonomy":"post_tag","embeddable":true,"href":"https:\/\/www.enerjigazetesi.ist\/en\/wp-json\/wp\/v2\/tags?post=165848"}],"curies":[{"name":"wp","href":"https:\/\/api.w.org\/{rel}","templated":true}]}}