{"id":165799,"date":"2022-12-25T15:54:38","date_gmt":"2022-12-25T12:54:38","guid":{"rendered":"https:\/\/www.enerjigazetesi.ist\/?p=165799"},"modified":"2022-12-25T16:05:28","modified_gmt":"2022-12-25T13:05:28","slug":"enflasyonla-mucadelede-dogru-enstrumanlar-da-kullanilmali","status":"publish","type":"post","link":"https:\/\/www.enerjigazetesi.ist\/en\/enflasyonla-mucadelede-dogru-enstrumanlar-da-kullanilmali\/","title":{"rendered":"(Turkish) Enflasyonla M\u00fccadelede Do\u011fru Enstr\u00fcmanlar da Kullan\u0131lmal\u0131"},"content":{"rendered":"<p class=\"qtranxs-available-languages-message qtranxs-available-languages-message-en\">Sorry, this entry is only available in <a href=\"https:\/\/www.enerjigazetesi.ist\/tr\/wp-json\/wp\/v2\/posts\/165799\" class=\"qtranxs-available-language-link qtranxs-available-language-link-tr\" title=\"Turkish\">Turkish<\/a>. For the sake of viewer convenience, the content is shown below in the alternative language. You may click the link to switch the active language.<\/p><p><\/p>\n<h2>EG\u0130AD Ege Gen\u00e7 \u0130\u015f \u0130nsanlar\u0131 Derne\u011fi asgari \u00fccret art\u0131\u015f\u0131n\u0131 de\u011ferlendirdi. 680\u2019e yak\u0131n \u00fcye, 3100 \u00fcye \u015firket, 110 bin ki\u015filik istihdam g\u00fcc\u00fcn\u00fc temsil eden EG\u0130AD\u2019dan yap\u0131lan yaz\u0131l\u0131 a\u00e7\u0131klamada, \u00e7al\u0131\u015fan\u0131 enflasyona ezdirmemek i\u00e7in yap\u0131lan zamm\u0131n yerinde bulundu\u011fu belirtildi.<\/h2>\n<p style=\"text-align: center;\"><img loading=\"lazy\" class=\"aligncenter wp-image-165801\" src=\"https:\/\/www.enerjigazetesi.ist\/wp-content\/uploads\/2022\/12\/enflasyonla-mucadelede-dogru-enstrumanlar-da-kullanilmali.jpg\" alt=\"\" width=\"500\" height=\"332\" srcset=\"https:\/\/www.enerjigazetesi.ist\/wp-content\/uploads\/2022\/12\/enflasyonla-mucadelede-dogru-enstrumanlar-da-kullanilmali.jpg 550w, https:\/\/www.enerjigazetesi.ist\/wp-content\/uploads\/2022\/12\/enflasyonla-mucadelede-dogru-enstrumanlar-da-kullanilmali-300x199.jpg 300w, https:\/\/www.enerjigazetesi.ist\/wp-content\/uploads\/2022\/12\/enflasyonla-mucadelede-dogru-enstrumanlar-da-kullanilmali-500x332.jpg 500w, https:\/\/www.enerjigazetesi.ist\/wp-content\/uploads\/2022\/12\/enflasyonla-mucadelede-dogru-enstrumanlar-da-kullanilmali-75x50.jpg 75w, https:\/\/www.enerjigazetesi.ist\/wp-content\/uploads\/2022\/12\/enflasyonla-mucadelede-dogru-enstrumanlar-da-kullanilmali-450x300.jpg 450w\" sizes=\"(max-width: 500px) 100vw, 500px\" \/><\/p>\n<p>G\u00f6r\u00fc\u015flerini yaz\u0131l\u0131 a\u00e7\u0131klamayla aktaran <strong>EG\u0130AD Ba\u015fkan\u0131 Alp Avni Yelkenbi\u00e7er<\/strong>, <em>\u201c\u0130stihdam noktas\u0131nda <strong>i\u015fverene<\/strong> de <strong>hassasiyetle yakla\u015f\u0131laca\u011f\u0131ndan<\/strong> \u015f\u00fcphemiz yok. Asgari \u00fccretteki <strong>vergi<\/strong> ve <strong>primlerin de<\/strong> <strong>g\u00f6zden ge\u00e7irilmesini<\/strong> bekliyoruz. Yap\u0131lan zam oran\u0131n\u0131n \u00e7al\u0131\u015fanlar\u0131m\u0131z\u0131 rahatlatacak olmas\u0131ndan son derece memnuniyet duymaktay\u0131z, ancak <strong>zam oran\u0131 kadar enflasyonla sava\u015fmak<\/strong> da <strong>b\u00fcy\u00fck \u00f6nem<\/strong> arzetmektedir. <strong>Enflasyonla m\u00fccadele<\/strong> de al\u0131m g\u00fcc\u00fcn\u00fcn artt\u0131r\u0131lmas\u0131nda destek olacakt\u0131r. Ayr\u0131ca enflasyonla m\u00fccadelede <strong>do\u011fru enstr\u00fcmanlar kullan\u0131larak tedbir al\u0131nmazsa,<\/strong> yap\u0131lan <strong>asgari \u00fccretin ne yaz\u0131k ki bir anlam\u0131<\/strong> olmayacak\u201d<\/em> ifadelerini kulland\u0131.<\/p>","protected":false},"excerpt":{"rendered":"<p>Sorry, this entry is only available in Turkish. For the sake of viewer convenience, the content is shown below in the alternative language. You may click the link to switch the active language. EG\u0130AD Ege Gen\u00e7 \u0130\u015f \u0130nsanlar\u0131 Derne\u011fi asgari \u00fccret art\u0131\u015f\u0131n\u0131 de\u011ferlendirdi. 680\u2019e yak\u0131n \u00fcye, 3100 \u00fcye \u015firket, 110 bin ki\u015filik istihdam g\u00fcc\u00fcn\u00fc temsil [&hellip;]<\/p>\n","protected":false},"author":1,"featured_media":165802,"comment_status":"open","ping_status":"open","sticky":false,"template":"","format":"standard","meta":[],"categories":[53],"tags":[99422,59503,59515,106907,45087],"views":51,"_links":{"self":[{"href":"https:\/\/www.enerjigazetesi.ist\/en\/wp-json\/wp\/v2\/posts\/165799"}],"collection":[{"href":"https:\/\/www.enerjigazetesi.ist\/en\/wp-json\/wp\/v2\/posts"}],"about":[{"href":"https:\/\/www.enerjigazetesi.ist\/en\/wp-json\/wp\/v2\/types\/post"}],"author":[{"embeddable":true,"href":"https:\/\/www.enerjigazetesi.ist\/en\/wp-json\/wp\/v2\/users\/1"}],"replies":[{"embeddable":true,"href":"https:\/\/www.enerjigazetesi.ist\/en\/wp-json\/wp\/v2\/comments?post=165799"}],"version-history":[{"count":0,"href":"https:\/\/www.enerjigazetesi.ist\/en\/wp-json\/wp\/v2\/posts\/165799\/revisions"}],"wp:featuredmedia":[{"embeddable":true,"href":"https:\/\/www.enerjigazetesi.ist\/en\/wp-json\/wp\/v2\/media\/165802"}],"wp:attachment":[{"href":"https:\/\/www.enerjigazetesi.ist\/en\/wp-json\/wp\/v2\/media?parent=165799"}],"wp:term":[{"taxonomy":"category","embeddable":true,"href":"https:\/\/www.enerjigazetesi.ist\/en\/wp-json\/wp\/v2\/categories?post=165799"},{"taxonomy":"post_tag","embeddable":true,"href":"https:\/\/www.enerjigazetesi.ist\/en\/wp-json\/wp\/v2\/tags?post=165799"}],"curies":[{"name":"wp","href":"https:\/\/api.w.org\/{rel}","templated":true}]}}